{"id":24796,"date":"2026-04-27T14:18:00","date_gmt":"2026-04-27T12:18:00","guid":{"rendered":"https:\/\/www.manologarciaycia.com\/?p=24796"},"modified":"2026-04-27T14:18:02","modified_gmt":"2026-04-27T12:18:02","slug":"el-ultimo-de-la-fila-ya-pisa-los-escenarios","status":"publish","type":"post","link":"https:\/\/www.manologarciaycia.com\/?p=24796","title":{"rendered":"El \u00daltimo de la Fila ya pisa los escenarios"},"content":{"rendered":"\n<h2 class=\"wp-block-heading\">18.500 personas asisten en Fuengirola al primer concierto de la gira del grupo de Quimi Portet y Manolo Garc\u00eda<\/h2>\n\n\n\n<p>Manolo Garc\u00eda y Quimi Portet volvieron a compartir el mismo escenario ayer en Fuengirola, tal como informa la agencia Efe: diez a\u00f1os despu\u00e9s de los&nbsp;<a href=\"https:\/\/www.ara.cat\/cultura\/los-que-ultimo-garcia-portet_1_1706493.html\" target=\"_blank\" rel=\"noreferrer noopener\">conciertos de homenaje a Los Burros y Los R\u00e1pidos<\/a>&nbsp;(las bandas anteriores de Garc\u00eda y Portet), y treinta despu\u00e9s de las \u00faltimas actuaciones de El \u00daltimo de la Fila, el grupo cuya memoria se reactiva en la gira que comenz\u00f3 en la ciudad malague\u00f1a. Es cierto que algunas canciones de El \u00daltimo de la Fila suenan habitualmente en los conciertos de Manolo Garc\u00eda, y que media docena las incluyeron en las actuaciones del 2016, pero la fuerza de la nostalgia se multiplica cuando todo el repertorio recorre uno de los grandes cancioneros de la m\u00fasica popular en castellano. La rapidez con que se vendieron las entradas para los doce conciertos de la gira, incluidos los dos en el Estadi Ol\u00edmpic Llu\u00eds Companys los d\u00edas 3 y 7 de mayo, es bastante elocuente sobre las ganas de vivir este regreso en directo.<\/p>\n\n\n\n<p>El s\u00e1bado fueron 18.500 personas las que llenaron el Marenostrum Fuengirola y recibieron al grupo con una ovaci\u00f3n. Tal como recoge la agencia Efe, el ambiente de celebraci\u00f3n fue una constante durante las m\u00e1s de dos horas de actuaci\u00f3n. El concierto comenz\u00f3 con dos temas de Los Burros:&nbsp;<em>Huesos<\/em>&nbsp;y&nbsp;<em>Conflicto armado<\/em>, ligadas por la llamada antibelicista de Garc\u00eda (\u00abno a la guerra, s\u00ed a la paz\u00bb). De acuerdo con un tono antimilitarista hoy m\u00e1s contracultural que nunca, interpretaron&nbsp;<em>Querida Milagros<\/em>, una de las mejores composiciones de Portet, la carta desesperada del \u00absoldado Adri\u00e1n\u00bb.<\/p>\n\n\n\n\n\n<p>El segundo disco de El \u00daltimo de la Fila,&nbsp;<em>Enemigos de lo ajeno<\/em>&nbsp;(1986), fue el m\u00e1s representado en el repertorio, con siete canciones, incluidas dos muy especiales:&nbsp;<em>Aviones plateados<\/em>, el tema con letra de Manolo Garc\u00eda que m\u00e1s le gusta a Quimi Portet; y&nbsp;<em>No me acostumbro<\/em>, la canci\u00f3n de Portet que m\u00e1s le gusta a Garc\u00eda. Ambas sintetizan lo mejor de El \u00daltimo de la Fila de los a\u00f1os ochenta: melod\u00edas pop, fuerza el\u00e9ctrica, arreglos entre flamencos y \u00e1rabes y versos de amor y anhelo en que el paisaje de fondo es la cotidianidad de la clase obrera.<\/p>\n\n\n\n<p>Tal como detalla Efe, el resto de \u00e1lbumes tambi\u00e9n suministraron grandes momentos al directo, como&nbsp;<em>L\u00e1piz y tinta<\/em>, del disco&nbsp;<em>Astronom\u00eda razonable<\/em>&nbsp;(1993);&nbsp;<em>Llanto de pasi\u00f3n<\/em>, de&nbsp;<em>Como la cabeza al sombrero<\/em>&nbsp;(1988); y&nbsp;<em>Dulces sue\u00f1os<\/em>, una de las mejores canciones de&nbsp;<em>Cuando la pobreza entra por la puerta, el amor salta por la ventana<\/em>&nbsp;(1985); de hecho, una de las mejores canciones de la historia, retrato emocionante de la consternaci\u00f3n y la frustraci\u00f3n de una juventud sin futuro, y con Quimi Portet salpic\u00e1ndola de&nbsp;<em>riffs<\/em>&nbsp;llenos de imaginaci\u00f3n. En Fuengirola,&nbsp;<em>Dulces sue\u00f1os<\/em>&nbsp;son\u00f3 hacia el final y justo antes de los bises, el espacio que solo se reserva a las grandes canciones.<\/p>\n\n\n\n<p>Para el bis reservaron otras piezas muy populares, como\u00a0<em>Como un burro amarrado en la puerta del baile<\/em>\u00a0y\u00a0<em>Insurrecci\u00f3n<\/em>. \u00abEstamos encantados de estar aqu\u00ed. Adem\u00e1s, se nota vuestra energ\u00eda. Muchas gracias\u00bb, dijo Manolo Garc\u00eda. Todo se pens\u00f3 que la misma energ\u00eda la encontrar\u00e1 en las 55.000 personas que llenar\u00e1n el Estadi Ol\u00edmpic Llu\u00eds Companys el 3 de mayo (y el 7), y tambi\u00e9n en el resto de una gira que pasar\u00e1 por Roquetas de Mar, Madrid, Bilbao, Santiago de Compostela, Avil\u00e9s, Sevilla y Valencia.<\/p>\n\n\n\n<p>Fuente: Xavier Cervantes &#8211; Diari Ara: <a href=\"https:\/\/es.ara.cat\/cultura\/musica\/ultimo-fila-pisa-escenarios_1_5719270.html\">El \u00daltimo de la Fila ya pisa los escenarios<\/a><\/p>\n","protected":false},"excerpt":{"rendered":"<p>18.500 personas asisten en Fuengirola al primer concierto de la gira del grupo de Quimi Portet y Manolo Garc\u00eda Manolo Garc\u00eda y Quimi Portet volvieron a compartir el mismo escenario ayer en Fuengirola, tal como informa la agencia Efe: diez a\u00f1os despu\u00e9s de los&nbsp;conciertos de homenaje a Los Burros y Los R\u00e1pidos&nbsp;(las bandas anteriores de<a class=\"moretag\" href=\"https:\/\/www.manologarciaycia.com\/?p=24796\" title=\"El \u00daltimo de la Fila ya pisa los escenarios\" target=\"_self\" rel=\"follow\"> <font face=arial size=2>[Leer m\u00e1s]<\/font> <\/a><\/p>\n","protected":false},"author":2,"featured_media":24797,"comment_status":"closed","ping_status":"closed","sticky":false,"template":"","format":"standard","meta":{"footnotes":""},"categories":[1],"tags":[],"class_list":["post-24796","post","type-post","status-publish","format-standard","has-post-thumbnail","hentry","category-manolo-garcia"],"_links":{"self":[{"href":"https:\/\/www.manologarciaycia.com\/index.php?rest_route=\/wp\/v2\/posts\/24796","targetHints":{"allow":["GET"]}}],"collection":[{"href":"https:\/\/www.manologarciaycia.com\/index.php?rest_route=\/wp\/v2\/posts"}],"about":[{"href":"https:\/\/www.manologarciaycia.com\/index.php?rest_route=\/wp\/v2\/types\/post"}],"author":[{"embeddable":true,"href":"https:\/\/www.manologarciaycia.com\/index.php?rest_route=\/wp\/v2\/users\/2"}],"replies":[{"embeddable":true,"href":"https:\/\/www.manologarciaycia.com\/index.php?rest_route=%2Fwp%2Fv2%2Fcomments&post=24796"}],"version-history":[{"count":1,"href":"https:\/\/www.manologarciaycia.com\/index.php?rest_route=\/wp\/v2\/posts\/24796\/revisions"}],"predecessor-version":[{"id":24798,"href":"https:\/\/www.manologarciaycia.com\/index.php?rest_route=\/wp\/v2\/posts\/24796\/revisions\/24798"}],"wp:featuredmedia":[{"embeddable":true,"href":"https:\/\/www.manologarciaycia.com\/index.php?rest_route=\/wp\/v2\/media\/24797"}],"wp:attachment":[{"href":"https:\/\/www.manologarciaycia.com\/index.php?rest_route=%2Fwp%2Fv2%2Fmedia&parent=24796"}],"wp:term":[{"taxonomy":"category","embeddable":true,"href":"https:\/\/www.manologarciaycia.com\/index.php?rest_route=%2Fwp%2Fv2%2Fcategories&post=24796"},{"taxonomy":"post_tag","embeddable":true,"href":"https:\/\/www.manologarciaycia.com\/index.php?rest_route=%2Fwp%2Fv2%2Ftags&post=24796"}],"curies":[{"name":"wp","href":"https:\/\/api.w.org\/{rel}","templated":true}]}}