{"id":24793,"date":"2026-04-27T14:14:20","date_gmt":"2026-04-27T12:14:20","guid":{"rendered":"https:\/\/www.manologarciaycia.com\/?p=24793"},"modified":"2026-04-27T14:14:22","modified_gmt":"2026-04-27T12:14:22","slug":"el-ultimo-de-la-fila-vuelve-a-los-escenarios-en-malaga-tras-30-anos-de-ausencia","status":"publish","type":"post","link":"https:\/\/www.manologarciaycia.com\/?p=24793","title":{"rendered":"El \u00daltimo de la Fila vuelve a los escenarios en M\u00e1laga tras 30 a\u00f1os de ausencia"},"content":{"rendered":"\n<p>\u00abHola, como dec\u00edamos ayer\u2026\u00bb. Con estas palabras saludaba al p\u00fablico de M\u00e1laga\u00a0<strong>Manolo Garc\u00eda<\/strong>, el vocalista de El \u00daltimo de la Fila, en el primer concierto de la gira con la que regresan a los escenarios despu\u00e9s de casi 30 a\u00f1os de ausencia.<\/p>\n\n\n\n<p>El espect\u00e1culo de&nbsp;<strong>El \u00daltimo de la Fila<\/strong>&nbsp;comenzaba pasados unos minutos de las 22:00 de la noche. Los acordes de&nbsp;<em><strong>Huesos<\/strong><\/em>&nbsp;daban el pistoletazo de salida a una fiesta de m\u00e1s de dos horas de m\u00fasica en las que muchos han regresado a lo mejor de los a\u00f1os 90.<\/p>\n\n\n\n<p>Se refer\u00eda Garc\u00eda en su saludo a Fray Luis de Le\u00f3n y a Miguel de Unamuno, a los que se atribuyen expresiones similares, y bromeaba con el tiempo transcurrido desde aquel \u00faltimo concierto con el que este popular grupo de pop-rock catal\u00e1n se desped\u00eda en 1998.<\/p>\n\n\n\n<p>Aprovechaba tambi\u00e9n estas palabras para dar paso a&nbsp;<em><strong>Querida Milagros<\/strong><\/em>, otra de las canciones del extenso repertorio que han desplegado esta noche en el recinto de&nbsp;<strong>Marenostrum Fuengirola (M\u00e1laga)<\/strong>.<\/p>\n\n\n\n<p>En el escenario, Manolo Garc\u00eda ha estado flanqueado por la otra cara del grupo, el guitarrista&nbsp;<strong>Quimi Portet<\/strong>, y ha contado con \u00abuna invitada muy especial\u00bb: su hija Sara, que toca la guitarra el\u00e9ctrica y a la que ha presentado al introducir &#8216;Sara&#8217;.<\/p>\n\n\n\n<p>Con un&nbsp;<strong>\u00abno a la guerra, s\u00ed a la paz\u00bb<\/strong>, refrendado por los aplausos del p\u00fablico, ha llegado el turno de&nbsp;<em><strong>Conflicto Armado<\/strong><\/em>. los de Barcelona han interpretado una veintena de sus temas de siempre, entre ellos,&nbsp;<em><strong>Mi patria<\/strong><\/em>,&nbsp;<em><strong>Aviones plateados<\/strong><\/em>,&nbsp;<em><strong>El loco<\/strong><\/em>,&nbsp;<em><strong>Mar antiguo<\/strong><\/em>,&nbsp;<em><strong>Cuando el mar te tenga<\/strong><\/em>,&nbsp;<em><strong>Soy un accidente<\/strong><\/em>,&nbsp;<em><strong>La piedra redonda<\/strong><\/em>&nbsp;o&nbsp;<em><strong>El que canta<\/strong><\/em>.<\/p>\n\n\n\n<h3 class=\"wp-block-heading\">Un concierto de dos horas para el recuerdo<\/h3>\n\n\n\n<p>En el concierto de este s\u00e1bado 25 de abril, en el que Garc\u00eda y Portet se han reencontrado con sus fans y en el que han hecho un generoso repaso a tres lustros de sus \u00e9xitos musicales, ha habido tiempo para todo, incluso para bromear con lo que ha cambiado la industria musical con los m\u00f3viles.<\/p>\n\n\n\n<p>El p\u00fablico se ha venido arriba al o\u00edr&nbsp;<em><strong>Como un burro en la puerta del baile<\/strong><\/em>&nbsp;e&nbsp;<em><strong>Insurrecci\u00f3n<\/strong><\/em>, dos piezas que han llegado ya en el tiempo de descuento, anuncio inequ\u00edvoco de un final cercano.<\/p>\n\n\n\n<p>Manolo Garc\u00eda ha dejado claro que se siente como pez en el agua en el escenario y que por su caracter\u00edstica voz rota no parecen haber pasado los a\u00f1os, al menos esa ha sido la impresi\u00f3n general.<\/p>\n\n\n\n<figure class=\"wp-block-image\"><img decoding=\"async\" src=\"https:\/\/image.europafm.com\/clipping\/cmsimages01\/2026\/04\/26\/8212F136-6907-4BCD-A5FE-42C3DDE8EBFE\/ultimo-fila-festival-marenostrum-fuengirola_98.jpg?crop=2762,1554,x0,y0&amp;width=1900&amp;height=1069&amp;optimize=high&amp;format=webply\" alt=\"El \u00daltimo de la Fila en el festival Marenostrum Fuengirola\" title=\"El \u00daltimo de la Fila en el festival Marenostrum Fuengirola\"\/><figcaption class=\"wp-element-caption\">&nbsp;El \u00daltimo de la Fila en el festival Marenostrum Fuengirola | EFE \/ \u00c1lvaro Cabrera<\/figcaption><\/figure>\n\n\n\n<p>Han pasado casi tres d\u00e9cadas desde la \u00faltima vez que Garc\u00eda y Portet se sub\u00edan a un escenario como grupo y entonaban alguno de los temas que los catapultaron a lo m\u00e1s alto de las listas de \u00e9xitos musicales en los a\u00f1os 90.<\/p>\n\n\n\n<p>Este s\u00e1bado lo han vuelto a hacer y, como en sus mejores momentos, han cogido la maleta y la guitarra y se han embarcado en una esperada gira,&nbsp;<em><strong>El \u00daltimo de la Fila 2026<\/strong><\/em>, que ha comenzado con un \u00e9xito rotundo en M\u00e1laga.<\/p>\n\n\n\n<h3 class=\"wp-block-heading\">Entradas agotadas<\/h3>\n\n\n\n<p>Cuando Manolo Garc\u00eda y Quimi Portet confirmaban la vuelta a los escenarios de El \u00daltimo de La Fila, sus incondicionales se volv\u00edan locos y en apenas unas horas se agotaban las entradas para tener la oportunidad de verlos en directo, probablemente, por \u00faltima vez.<\/p>\n\n\n\n<p>En la explanada a los pies del Castillo de Sohail, con el mar Mediterr\u00e1neo de fondo y la brisa fresca de una noche de primavera,&nbsp;<strong>m\u00e1s de 18.000 personas han vibrado al ritmo de este primer concierto de la gira<\/strong>&nbsp;de El \u00daltimo de la Fila, que ha terminado con la popular ranchera mexicana&nbsp;<em><strong>El Rey<\/strong><\/em>.<\/p>\n\n\n\n<p>\u00abGracias por vuestra presencia y por el cari\u00f1o que nos est\u00e1is haciendo llegar. Gracias de coraz\u00f3n\u00bb, ha dicho Garc\u00eda al despedirse y,&nbsp;<strong>como sol\u00eda ser habitual en sus conciertos, se ha dirigido al p\u00fablico con un \u00abid y multiplicaos\u00bb<\/strong>.<\/p>\n\n\n\n<p>Se refer\u00eda con esto, ha explicado Porte, a que animaban a sus fans a compartir sus temas y a ir aumentando, aunque no cabe duda de que le hicieron caso a raz\u00f3n de los que este s\u00e1bado han acudido a la llamada del reencuentro.<\/p>\n\n\n\n<p>Su regreso se ha materializado en una gira de doce conciertos en las que Manolo Garc\u00eda y Quimi Portet pasar\u00e1n por Barcelona, Madrid, Bilbao, Sevilla, Santiago de Compostela, Avil\u00e9s o Valencia. En algunas de ellas, tal es el caso de Barcelona, la ciudad que vio nacer y crecer musicalmente a este d\u00fao, actuar\u00e1n dos veces, el 3 y el 7 de mayo.<\/p>\n\n\n\n<p>Tambi\u00e9n har\u00e1n doblete en Bilbao, donde tocar\u00e1n el 30 de mayo y el 5 de junio; y en la capital del Turia, donde pondr\u00e1n el punto y final a esta esperada gira de reencuentro. En A Coru\u00f1a, por el contrario, sus fans se han quedado con la miel en los labios. Tras un primer anuncio que confirmaba que El \u00daltimo de la Fila dar\u00eda un concierto el 13 de junio en Riazor, la posibilidad de que el Deportivo tuviese que jugar en su estadio en esa fecha daba al traste con la idea y obligaba al traslado de la cita al Auditorio Monte do Gozo en Santiago.<br><br>Fuente: Esther Gomez &#8211; EuropaFM &#8211; <a href=\"https:\/\/www.europafm.com\/noticias\/musica\/ultimo-fila-vuelve-escenarios-malaga-30-anos-ausencia_2026042669edcc5420f31556905a1798.html\">El \u00daltimo de la Fila vuelve a los escenarios en M\u00e1laga tras 30 a\u00f1os de ausencia | Europa FM<\/a><\/p>\n","protected":false},"excerpt":{"rendered":"<p>\u00abHola, como dec\u00edamos ayer\u2026\u00bb. Con estas palabras saludaba al p\u00fablico de M\u00e1laga\u00a0Manolo Garc\u00eda, el vocalista de El \u00daltimo de la Fila, en el primer concierto de la gira con la que regresan a los escenarios despu\u00e9s de casi 30 a\u00f1os de ausencia. El espect\u00e1culo de&nbsp;El \u00daltimo de la Fila&nbsp;comenzaba pasados unos minutos de las 22:00<a class=\"moretag\" href=\"https:\/\/www.manologarciaycia.com\/?p=24793\" title=\"El \u00daltimo de la Fila vuelve a los escenarios en M\u00e1laga tras 30 a\u00f1os de ausencia\" target=\"_self\" rel=\"follow\"> <font face=arial size=2>[Leer m\u00e1s]<\/font> <\/a><\/p>\n","protected":false},"author":2,"featured_media":24794,"comment_status":"closed","ping_status":"closed","sticky":false,"template":"","format":"standard","meta":{"footnotes":""},"categories":[1],"tags":[],"class_list":["post-24793","post","type-post","status-publish","format-standard","has-post-thumbnail","hentry","category-manolo-garcia"],"_links":{"self":[{"href":"https:\/\/www.manologarciaycia.com\/index.php?rest_route=\/wp\/v2\/posts\/24793","targetHints":{"allow":["GET"]}}],"collection":[{"href":"https:\/\/www.manologarciaycia.com\/index.php?rest_route=\/wp\/v2\/posts"}],"about":[{"href":"https:\/\/www.manologarciaycia.com\/index.php?rest_route=\/wp\/v2\/types\/post"}],"author":[{"embeddable":true,"href":"https:\/\/www.manologarciaycia.com\/index.php?rest_route=\/wp\/v2\/users\/2"}],"replies":[{"embeddable":true,"href":"https:\/\/www.manologarciaycia.com\/index.php?rest_route=%2Fwp%2Fv2%2Fcomments&post=24793"}],"version-history":[{"count":1,"href":"https:\/\/www.manologarciaycia.com\/index.php?rest_route=\/wp\/v2\/posts\/24793\/revisions"}],"predecessor-version":[{"id":24795,"href":"https:\/\/www.manologarciaycia.com\/index.php?rest_route=\/wp\/v2\/posts\/24793\/revisions\/24795"}],"wp:featuredmedia":[{"embeddable":true,"href":"https:\/\/www.manologarciaycia.com\/index.php?rest_route=\/wp\/v2\/media\/24794"}],"wp:attachment":[{"href":"https:\/\/www.manologarciaycia.com\/index.php?rest_route=%2Fwp%2Fv2%2Fmedia&parent=24793"}],"wp:term":[{"taxonomy":"category","embeddable":true,"href":"https:\/\/www.manologarciaycia.com\/index.php?rest_route=%2Fwp%2Fv2%2Fcategories&post=24793"},{"taxonomy":"post_tag","embeddable":true,"href":"https:\/\/www.manologarciaycia.com\/index.php?rest_route=%2Fwp%2Fv2%2Ftags&post=24793"}],"curies":[{"name":"wp","href":"https:\/\/api.w.org\/{rel}","templated":true}]}}