{"id":24790,"date":"2026-04-27T14:01:30","date_gmt":"2026-04-27T12:01:30","guid":{"rendered":"https:\/\/www.manologarciaycia.com\/?p=24790"},"modified":"2026-04-27T14:14:49","modified_gmt":"2026-04-27T12:14:49","slug":"como-deciamos-ayer-el-saludo-de-manolo-garcia-en-el-primer-concierto-de-el-ultimo-de-la-fila-en-30-anos","status":"publish","type":"post","link":"https:\/\/www.manologarciaycia.com\/?p=24790","title":{"rendered":"\u00abComo dec\u00edamos ayer\u00bb, el saludo de Manolo Garc\u00eda en el primer concierto de\u00a0El \u00daltimo de la Fila en 30 a\u00f1os"},"content":{"rendered":"\n<p>El primer concierto fue en la ciudad de Fuengirola despu\u00e9s de casi 30 a\u00f1os de descanso.<\/p>\n\n\n\n<p>\u00abHola, como dec\u00edamos ayer\u2026\u00bb, con estas palabras saludaba al p\u00fablico de M\u00e1laga, Manolo Garc\u00eda,&nbsp;<strong>el vocalista de El \u00daltimo de la Fila<\/strong>, en el primer concierto de la gira con la que regresan a los escenarios despu\u00e9s de casi&nbsp;<strong>treinta a\u00f1os de ausencia<\/strong>.<\/p>\n\n\n\n<p>El espect\u00e1culo comenzaba pasados unos minutos de las 22:00 horas de la noche. Los acordes de&nbsp;<em><strong>Huesos<\/strong>&nbsp;<\/em>daban el pistoletazo de salida a una fiesta de m\u00e1s de dos horas de m\u00fasica en las que muchos han regresado a lo mejor de los a\u00f1os noventa.<\/p>\n\n\n\n<p>Se refer\u00eda Garc\u00eda en su saludo a Fray Luis de Le\u00f3n y a Miguel de Unamuno, a los que se atribuyen expresiones similares, y bromeaba con el tiempo transcurrido desde aquel \u00faltimo concierto con el que este popular grupo de pop-rock catal\u00e1n&nbsp;<strong>se desped\u00eda en 1998<\/strong>.<\/p>\n\n\n\n<p>Aprovechaba tambi\u00e9n estas palabras para dar paso a&nbsp;<strong><em>Querida Milagros<\/em><\/strong>, otra de las canciones del extenso repertorio que han desplegado esta noche en el recinto de Marenostrum Fuengirola (M\u00e1laga).<\/p>\n\n\n\n<p>En el escenario, el guitarrista Quimi Portet, ha contado con \u00abuna invitada muy especial\u00bb,&nbsp;<strong>su hija Sara<\/strong>, que toca la guitarra el\u00e9ctrica y a la que ha presentado al introducir \u2019Sara\u2019.<\/p>\n\n\n\n<p>Con un \u00ab<strong>no a la guerra, s\u00ed a la paz\u00bb<\/strong>, refrendado por los aplausos del p\u00fablico, ha llegado el turno de&nbsp;<em>Conflicto Armado<\/em>. Adem\u00e1s, los barceloneses han interpretado una veintena de sus temas de siempre, entre ellos,&nbsp;<em>Mi patria<\/em>,&nbsp;<em>Aviones plateados<\/em>,&nbsp;<em>El loco<\/em>,&nbsp;<em>Mar antiguo<\/em>,&nbsp;<em>Cuando el mar te tenga<\/em>,&nbsp;<em>Soy un accidente<\/em>,&nbsp;<em>La piedra redonda<\/em>&nbsp;o&nbsp;<em>El que canta<\/em>.<\/p>\n\n\n\n<h2 class=\"wp-block-heading\">Un concierto de dos horas para el recuerdo<\/h2>\n\n\n\n<p>El concierto de este s\u00e1bado en el que Garc\u00eda y Portet se han reencontrado con sus fans y en el que han hecho un generoso&nbsp;<strong>repaso a tres lustros de sus \u00e9xitos musicales<\/strong>, ha tenido tiempo para todo, incluso para bromear con lo que ha cambiado la industria musical con la llegada de los tel\u00e9fonos m\u00f3viles.<\/p>\n","protected":false},"excerpt":{"rendered":"<p>El primer concierto fue en la ciudad de Fuengirola despu\u00e9s de casi 30 a\u00f1os de descanso. \u00abHola, como dec\u00edamos ayer\u2026\u00bb, con estas palabras saludaba al p\u00fablico de M\u00e1laga, Manolo Garc\u00eda,&nbsp;el vocalista de El \u00daltimo de la Fila, en el primer concierto de la gira con la que regresan a los escenarios despu\u00e9s de casi&nbsp;treinta a\u00f1os<a class=\"moretag\" href=\"https:\/\/www.manologarciaycia.com\/?p=24790\" title=\"\u00abComo dec\u00edamos ayer\u00bb, el saludo de Manolo Garc\u00eda en el primer concierto de\u00a0El \u00daltimo de la Fila en 30 a\u00f1os\" target=\"_self\" rel=\"follow\"> <font face=arial size=2>[Leer m\u00e1s]<\/font> <\/a><\/p>\n","protected":false},"author":2,"featured_media":24791,"comment_status":"closed","ping_status":"closed","sticky":false,"template":"","format":"standard","meta":{"footnotes":""},"categories":[1],"tags":[],"class_list":["post-24790","post","type-post","status-publish","format-standard","has-post-thumbnail","hentry","category-manolo-garcia"],"_links":{"self":[{"href":"https:\/\/www.manologarciaycia.com\/index.php?rest_route=\/wp\/v2\/posts\/24790","targetHints":{"allow":["GET"]}}],"collection":[{"href":"https:\/\/www.manologarciaycia.com\/index.php?rest_route=\/wp\/v2\/posts"}],"about":[{"href":"https:\/\/www.manologarciaycia.com\/index.php?rest_route=\/wp\/v2\/types\/post"}],"author":[{"embeddable":true,"href":"https:\/\/www.manologarciaycia.com\/index.php?rest_route=\/wp\/v2\/users\/2"}],"replies":[{"embeddable":true,"href":"https:\/\/www.manologarciaycia.com\/index.php?rest_route=%2Fwp%2Fv2%2Fcomments&post=24790"}],"version-history":[{"count":1,"href":"https:\/\/www.manologarciaycia.com\/index.php?rest_route=\/wp\/v2\/posts\/24790\/revisions"}],"predecessor-version":[{"id":24792,"href":"https:\/\/www.manologarciaycia.com\/index.php?rest_route=\/wp\/v2\/posts\/24790\/revisions\/24792"}],"wp:featuredmedia":[{"embeddable":true,"href":"https:\/\/www.manologarciaycia.com\/index.php?rest_route=\/wp\/v2\/media\/24791"}],"wp:attachment":[{"href":"https:\/\/www.manologarciaycia.com\/index.php?rest_route=%2Fwp%2Fv2%2Fmedia&parent=24790"}],"wp:term":[{"taxonomy":"category","embeddable":true,"href":"https:\/\/www.manologarciaycia.com\/index.php?rest_route=%2Fwp%2Fv2%2Fcategories&post=24790"},{"taxonomy":"post_tag","embeddable":true,"href":"https:\/\/www.manologarciaycia.com\/index.php?rest_route=%2Fwp%2Fv2%2Ftags&post=24790"}],"curies":[{"name":"wp","href":"https:\/\/api.w.org\/{rel}","templated":true}]}}