{"id":24787,"date":"2026-04-26T11:48:19","date_gmt":"2026-04-26T09:48:19","guid":{"rendered":"https:\/\/www.manologarciaycia.com\/?p=24787"},"modified":"2026-04-26T11:48:22","modified_gmt":"2026-04-26T09:48:22","slug":"el-ultimo-de-la-fila-vuelve-frente-al-mar-de-fuengirola-30-anos-despues-la-misma-emocion","status":"publish","type":"post","link":"https:\/\/www.manologarciaycia.com\/?p=24787","title":{"rendered":"El \u00daltimo de la Fila vuelve frente al mar de Fuengirola: 30 a\u00f1os despu\u00e9s, la misma emoci\u00f3n"},"content":{"rendered":"\n<p>La nueva gira de la banda esquiv\u00f3 la nostalgia f\u00e1cil y reuni\u00f3 en su primera parada a 18.000 personas de diversas generaciones<\/p>\n\n\n\n<p>El paseo mar\u00edtimo de Fuengirola presentaba un oleaje animado en la tarde del s\u00e1bado, casi como si el mar anunciase un importante acontecimiento a punto de ocurrir. Las previsiones meteorol\u00f3gicas volvieron a fallar en el sur del pa\u00eds: el cielo se despej\u00f3, y en la ladera que se deja caer del Castillo Sohail a la playa, se sent\u00eda\u00a0la vuelta a los escenarios de El \u00daltimo de la Fila, una de las bandas m\u00e1s importantes de la historia del pop-rock espa\u00f1ol. Un evento muy esperado por toda una generaci\u00f3n de puretas, pero tambi\u00e9n j\u00f3venes millennials, que hac\u00edan cola alrededor del recinto de Marenostrum Fuengirola, el lugar elegido por el grupo para ofrecer su primer concierto en m\u00e1s de 30 a\u00f1os. Con todas las entradas agotadas, seg\u00fan datos de la organizaci\u00f3n un total de 18.500 personas de distintos puntos del pa\u00eds se congregaban en los accesos; algunos seguidores hab\u00edan hecho cola desde las 7 de la ma\u00f1ana.<\/p>\n\n\n\n<p>Dentro del recinto, un conjunto de mariachi escondido entre el p\u00fablico daba la bienvenida con cl\u00e1sicas rancheras, mientras el escenario, aun a oscuras, dejaba ver peces colgando del techo a modo de atrezo. Unos \u2018pescaos\u2019, insurrectos, parte de la iconograf\u00eda recuperada por Manolo Garc\u00eda y Quimi Portet para la ocasi\u00f3n, y que encajaban perfectamente delante del mar de Albor\u00e1n. En las pantallas, una propuesta interactiva: un comecocos donde un boquer\u00f3n dispara a una serie de pulpos superando niveles; una original entradilla elegida por la banda para anticipar su primer directo desde 1996, al estilo de las m\u00e1quinas recreativas de videojuegos de los 90. De repente, un apag\u00f3n, unas sombras cruz\u00e1ndose por el escenario y el sonido de unos violines. Mucho alboroto, y por fin la aparici\u00f3n del grupo en escena, generando electricidad en el ambiente que encend\u00eda las sonrisas de sus seguidores en primera fila. Los primeros acordes de&nbsp;<em>Huesos<\/em>&nbsp;iluminaron el espect\u00e1culo, con una banda dispuesta y un Manolo Garc\u00eda absolutamente entregado. Luces, humo, la brisa mar\u00edtima y la sensaci\u00f3n a c\u00e1mara lenta de estar presenciando algo hist\u00f3rico.<\/p>\n\n\n\n<p>Una r\u00e1pida bienvenida para pasar a&nbsp;<em>Conflicto armado,<\/em>&nbsp;que concluy\u00f3 con un \u201cNo a la guerra\u201d del cantante, sonando como en los primeros discos del grupo, con la voz intacta. \u201cComo dijo Fray Luis de Le\u00f3n, Unamuno despu\u00e9s, y como dec\u00edamos ayer: Querida Milagros\u201d, anunciaba el m\u00fasico ante la emoci\u00f3n del p\u00fablico. \u201cEn esta configuraci\u00f3n no est\u00e1bamos desde el 95, el \u00faltimo a\u00f1o en el que estuvimos aqu\u00ed\u201d, explicaba Manolo antes de pasar el micr\u00f3fono a Quimi. El guitarrista bromeaba: \u201cEstamos muy contentos, esta gira solo trae cosas buenas: huimos una temporada de la familia, ellos descansan de nosotros, pero el factor m\u00e1s importante de esta ecuaci\u00f3n es encontrarnos con vosotros. Ya lo dec\u00eda Manolo cuando empezamos con los Burros y los R\u00e1pidos: muchas gracias por multiplicaros\u201d.<\/p>\n\n\n\n<figure class=\"wp-block-image\"><img decoding=\"async\" src=\"https:\/\/static.eldiario.es\/clip\/dabc8305-6c3a-4af1-ad8d-c2b09cba8f3e_16-9-discover-aspect-ratio_default_0.jpg\" alt=\"Un momento del concierto de El \u00daltimo de la Fila en Fuengirola.\"\/><figcaption class=\"wp-element-caption\">Un momento del concierto de El \u00daltimo de la Fila en Fuengirola.&nbsp;Antonio Rodr\u00edguez Molina<\/figcaption><\/figure>\n\n\n\n<p>\u201cEs nuestra vida, recordando nuestros momentos de juventud. Estas canciones nos identifican con nuestra historia\u201d, explicaban Susana, de 50, y Jos\u00e9 Mar\u00eda de 53 a\u00f1os, llegados de And\u00fajar (Ja\u00e9n) para asistir al inicio de gira de la banda, que incluye 12 conciertos por toda la geograf\u00eda nacional, y que concluir\u00e1 el pr\u00f3ximo 9 de julio en Valencia. Los acompa\u00f1aban sus hijos, Luc\u00eda, de 22 y Jorge, de 18 a\u00f1os, que han crecido con esas canciones en casa. Anteriormente, en un trayecto del Cercan\u00edas M\u00e1laga-Fuengirola, un grupo de amigos reci\u00e9n llegados de Salamanca explicaban la importancia de poder estar en este primer directo. \u201cVenimos por Manolo Garc\u00eda, gracias a \u00e9l conocimos mejor la discograf\u00eda de El \u00daltimo de La Fila. Verlos esta noche es un sue\u00f1o cumplido, y vamos a volver a verlos en Madrid\u201d, explicaban. Por su parte, Iv\u00e1n, Juan Carlos, y Vishal, todos de 46 a\u00f1os y con viaje en helic\u00f3ptero de por medio, ven\u00edan desde Ceuta y explicaban que el grupo era autor \u201cde la banda sonora de nuestra juventud y nuestras primeras salidas, una etapa clave en la vida\u201d.<\/p>\n\n\n\n<p>La noche expand\u00eda el enclave espaciotemporal&nbsp;en la localidad malague\u00f1a. La banda, con una energ\u00eda impecable, conjugaba a la perfecci\u00f3n una experiencia que, a pesar de su car\u00e1cter conmemorativo, escapaba de la nostalgia f\u00e1cil gracias a su mejor armamento: una discograf\u00eda impecable. Revisitarla supone encontrarse con la poes\u00eda del pop-rock espa\u00f1ol que escuchaba en discotecas espa\u00f1olas en los 80 y 90, con sus caracter\u00edsticas percusiones y una aproximaci\u00f3n al sonido c\u00f3smico de las guitarras.<\/p>\n\n\n\n<p><em>Sin Llaves, Aviones Plateados<\/em>&nbsp;(especialmente vitoreada),&nbsp;<em>El loco de la calle, No me acostumbro, Dios de la lluvia<\/em>\u2026 Se encadenaban los \u00e9xitos mientras el cielo segu\u00eda libre y la fugacidad del momento se grababa en la mirada de los asistentes. Despu\u00e9s de interpretar&nbsp;<em>Soy un accidente<\/em>, Manolo Garc\u00eda dio las gracias a Fuengirola, y a toda Andaluc\u00eda -nombrando las 8 provincias- por haber estado siempre ah\u00ed\/aqu\u00ed. Procedieron con&nbsp;<em>La piedra redonda, Mar antiguo<\/em>&nbsp;y&nbsp;<em>Disneylandia&nbsp;<\/em>con unos emotivos v\u00eddeos de conciertos y fans del grupo en sus primeros a\u00f1os de vida. \u201cHostias, la he cagado con la gorra, me he despeinado\u201d, espet\u00f3 Garc\u00eda al p\u00fablico, exhibiendo su capacidad para gan\u00e1rselo f\u00e1cilmente con su humor y lenguaje cercano. La autenticidad del evento se respiraba de forma simbi\u00f3tica: la banda mostr\u00f3 la misma satisfacci\u00f3n que sus seguidores porque esto estuviese ocurriendo. Tras&nbsp;<em>Cuando el mar te tenga<\/em>&nbsp;y&nbsp;<em>El que canta su mal espanta<\/em>, Manolo se sinceraba: \u201caqu\u00ed estamos mejor que unas casta\u00f1uelas, Pepe y yo somos muy felices en el escenario. Y notamos que es importante tambi\u00e9n para vosotros, as\u00ed que gracias de verdad por hacerlo posible\u201d.<\/p>\n\n\n\n<p>Hits tras hits en lo que fue un concierto incesante de 2 horas y 10 minutos, y acerc\u00e1ndonos al final, presentaron a una nueva incorporaci\u00f3n de la banda para esta gira: la guitarrista Sara Garc\u00eda, hija de Manolo Garc\u00eda. En este gesto se conten\u00eda el paso del tiempo, el espejo generacional de tantas personas que de la misma forma ilustraban a sus hijos la importancia de esta banda en sus vidas. Son\u00f3&nbsp;<em>Sara<\/em>, la canci\u00f3n, y le siguieron&nbsp;<em>Llantos de pasi\u00f3n<\/em>,&nbsp;<em>L\u00e1piz y tinta<\/em>,&nbsp;<em>Lejos de las leyes de los hombres<\/em>&nbsp;y&nbsp;<em>Dulces sue\u00f1os<\/em>, y entonces se empezaba a entender que 30 a\u00f1os son una simple medida cuando existe una discograf\u00eda de tal envergadura. Desde su separaci\u00f3n oficial en 1998, tanto Garc\u00eda como Portet han desarrollado fruct\u00edferas carreras en solitario, pero el clamor general por una reuni\u00f3n nunca ha cesado.<\/p>\n\n\n\n<p>Un breve descanso de menos de 3 minutos fue lo \u00fanico que necesit\u00f3 la formaci\u00f3n para volver y hacer un bis con un combo imbatible:\u00a0<em>Los \u00c1ngeles no tienen h\u00e9lices, Insurrecci\u00f3n<\/em>\u00a0y\u00a0<em>Como un burro amarrado en la puerta del baile<\/em>\u00a0sonaron y entonces el clamor se convirti\u00f3 en \u00e9xtasis. Se levantaban smartphones para guardar el momento, y se apreciaba un halo de autenticidad y conexi\u00f3n vital por razones obvias, rara avis dentro del ecosistema de festivales gentrificantes de la Costa del Sol.<\/p>\n\n\n\n<p>Como gui\u00f1o al inicio de la tarde, la banda se despidi\u00f3 entusiasmada y agradecida con una versi\u00f3n de la ranchera\u00a0<em>El Rey<\/em>, de Vicente Fern\u00e1ndez. Todo encajaba, como si alguien hace m\u00e1s de 30 a\u00f1os hubiese pronosticado que un m\u00edtico grupo del imaginario pop espa\u00f1ol de los 80 volver\u00eda para hacernos pensar en lo que de verdad es leg\u00edtimo y real en nuestras vidas, y cantarnos eso de que \u201cviene el d\u00eda en que seremos puros, como un cielo de verano sobre el mar. Cantar\u00e9 por ti, si no est\u00e1s t\u00fa aqu\u00ed\u201d, como en su canci\u00f3n, para conseguir que nos multiplic\u00e1semos al menos en la noche junto al romper de las olas.<\/p>\n\n\n\n<p>Fuente: Antonio Rodriguez &#8211; Diario.es: <a href=\"https:\/\/www.eldiario.es\/cultura\/ultimo-fila-vuelve-frente-mar-fuengirola-30-anos-despues-emocion_1_13173065.html\">El \u00daltimo de la Fila vuelve frente al mar de Fuengirola: 30 a\u00f1os despu\u00e9s, la misma emoci\u00f3n<\/a> <\/p>\n","protected":false},"excerpt":{"rendered":"<p>La nueva gira de la banda esquiv\u00f3 la nostalgia f\u00e1cil y reuni\u00f3 en su primera parada a 18.000 personas de diversas generaciones El paseo mar\u00edtimo de Fuengirola presentaba un oleaje animado en la tarde del s\u00e1bado, casi como si el mar anunciase un importante acontecimiento a punto de ocurrir. Las previsiones meteorol\u00f3gicas volvieron a fallar<a class=\"moretag\" href=\"https:\/\/www.manologarciaycia.com\/?p=24787\" title=\"El \u00daltimo de la Fila vuelve frente al mar de Fuengirola: 30 a\u00f1os despu\u00e9s, la misma emoci\u00f3n\" target=\"_self\" rel=\"follow\"> <font face=arial size=2>[Leer m\u00e1s]<\/font> <\/a><\/p>\n","protected":false},"author":2,"featured_media":24788,"comment_status":"closed","ping_status":"closed","sticky":false,"template":"","format":"standard","meta":{"footnotes":""},"categories":[1],"tags":[],"class_list":["post-24787","post","type-post","status-publish","format-standard","has-post-thumbnail","hentry","category-manolo-garcia"],"_links":{"self":[{"href":"https:\/\/www.manologarciaycia.com\/index.php?rest_route=\/wp\/v2\/posts\/24787","targetHints":{"allow":["GET"]}}],"collection":[{"href":"https:\/\/www.manologarciaycia.com\/index.php?rest_route=\/wp\/v2\/posts"}],"about":[{"href":"https:\/\/www.manologarciaycia.com\/index.php?rest_route=\/wp\/v2\/types\/post"}],"author":[{"embeddable":true,"href":"https:\/\/www.manologarciaycia.com\/index.php?rest_route=\/wp\/v2\/users\/2"}],"replies":[{"embeddable":true,"href":"https:\/\/www.manologarciaycia.com\/index.php?rest_route=%2Fwp%2Fv2%2Fcomments&post=24787"}],"version-history":[{"count":1,"href":"https:\/\/www.manologarciaycia.com\/index.php?rest_route=\/wp\/v2\/posts\/24787\/revisions"}],"predecessor-version":[{"id":24789,"href":"https:\/\/www.manologarciaycia.com\/index.php?rest_route=\/wp\/v2\/posts\/24787\/revisions\/24789"}],"wp:featuredmedia":[{"embeddable":true,"href":"https:\/\/www.manologarciaycia.com\/index.php?rest_route=\/wp\/v2\/media\/24788"}],"wp:attachment":[{"href":"https:\/\/www.manologarciaycia.com\/index.php?rest_route=%2Fwp%2Fv2%2Fmedia&parent=24787"}],"wp:term":[{"taxonomy":"category","embeddable":true,"href":"https:\/\/www.manologarciaycia.com\/index.php?rest_route=%2Fwp%2Fv2%2Fcategories&post=24787"},{"taxonomy":"post_tag","embeddable":true,"href":"https:\/\/www.manologarciaycia.com\/index.php?rest_route=%2Fwp%2Fv2%2Ftags&post=24787"}],"curies":[{"name":"wp","href":"https:\/\/api.w.org\/{rel}","templated":true}]}}