{"id":24784,"date":"2026-04-26T09:38:53","date_gmt":"2026-04-26T07:38:53","guid":{"rendered":"https:\/\/www.manologarciaycia.com\/?p=24784"},"modified":"2026-04-26T09:38:55","modified_gmt":"2026-04-26T07:38:55","slug":"el-ultimo-de-la-fila-firma-en-marenostrum-su-primer-truco-de-magia-en-casi-tres-decadas","status":"publish","type":"post","link":"https:\/\/www.manologarciaycia.com\/?p=24784","title":{"rendered":"El \u00daltimo de la Fila firma en Marenostrum su primer truco de magia en casi tres d\u00e9cadas"},"content":{"rendered":"\n<p>Manolo Garc\u00eda y Quimi Portet abrieron anoche en el gran escenario de Fuengirola su esperada gira conjunta, al calor de miles de fans desplazados incluso desde Estados Unidos y con la promesa de divertirse por encima de todo<br><strong>S\u00e1bado, 25 de abril de 2026<\/strong>&nbsp;y casi tres d\u00e9cadas despu\u00e9s. La tarde, casi veraniega, en&nbsp;<strong>Fuengirola<\/strong>, con miles de seguidores de&nbsp;<strong>El \u00daltimo de la Fila<\/strong>&nbsp;inundando bares y restaurantes, dio paso a una noche que ya es hist\u00f3rica para la m\u00fasica popular en Espa\u00f1a.&nbsp;<strong>Manolo Garc\u00eda<\/strong>&nbsp;y&nbsp;<strong>Quimi Portet<\/strong>, ya pasadas las diez, desataron muchas l\u00e1grimas. De alegr\u00eda y de emoci\u00f3n.<\/p>\n\n\n\n<p>https:\/\/buy-eu.piano.io\/checkout\/template\/cacheableShow.html?aid=iZFMrNO1pe&#038;templateId=OTS306HC9M46&#038;offerId=fakeOfferId&#038;experienceId=EXGEQPEVOGP9&#038;iframeId=offer_08a7c7b28a1ee748ec66-0&#038;displayMode=inline&#038;pianoIdUrl=https%3A%2F%2Fauth.elperiodico.com%2Fid%2F&#038;widget=template&#038;url=https%3A%2F%2Fwww.elperiodico.com%2Fes%2Focio-y-cultura%2F20260425%2Fel-ultimo-de-la-fila-marenostrum-fuengirola-regreso-concierto-2026-129530429&#038;isConsentManagerEnabled=false<\/p>\n\n\n\n<p>Hubo quienes se acordaron de quienes ya no est\u00e1n, de quienes les hubiesen acompa\u00f1ado en el inicio de esta nueva traves\u00eda conjunta. Otros miraron a quienes ten\u00edan al lado. \u00abS\u00ed, yo estuve all\u00ed contigo, en el&nbsp;<strong>Marenostrum<\/strong>\u00bb, se dir\u00e1n pasados unos a\u00f1os. Parada y puesta en marcha para una aventura de la que a\u00fan se desconoce si tendr\u00e1 fecha de caducidad, pero que los propios protagonistas han adelantado que tendr\u00e1 como premisa la promesa de divertirse por encima de todo, incluidos quienes se atrevan a marcarles la agenda.<\/p>\n\n\n\n<p>El entorno del&nbsp;<strong>Castillo de Sohail<\/strong>&nbsp;es m\u00e1gico desde tiempos prehist\u00f3ricos. Este s\u00e1bado, los magos encargados de regalar sus mejores trucos subieron al escenario casi con la misma ilusi\u00f3n y energ\u00eda con la que dejaron en v\u00eda muerta este tren de largo recorrido a\u00fan sin acabar el siglo pasado. Los fans aguardaban incluso desde hace muchos d\u00edas, llegados hasta desde&nbsp;<strong>EEUU<\/strong>.<\/p>\n\n\n\n<p>https:\/\/buy-eu.piano.io\/checkout\/template\/cacheableShow.html?aid=iZFMrNO1pe&#038;templateId=OTWABBBYJDH3&#038;templateVariantId=OTVTWWPLH3VEO&#038;offerId=fakeOfferId&#038;experienceId=EX8KI73ZZXJP&#038;iframeId=offer_fdf968431178ca02785a-0&#038;displayMode=inline&#038;pianoIdUrl=https%3A%2F%2Fauth.elperiodico.com%2Fid%2F&#038;widget=template&#038;url=https%3A%2F%2Fwww.elperiodico.com%2Fes%2Focio-y-cultura%2F20260425%2Fel-ultimo-de-la-fila-marenostrum-fuengirola-regreso-concierto-2026-129530429&#038;isConsentManagerEnabled=false<\/p>\n\n\n\n<figure class=\"wp-block-image\"><img decoding=\"async\" src=\"https:\/\/estaticos-cdn.prensaiberica.es\/clip\/5721b821-3573-4ae1-b36f-0e9719a92290_alta-libre-aspect-ratio_default_0_x1024y455.jpg\" alt=\"El \u00daltimo de la Fila firma en Marenostrum su primer truco de magia en casi tres d\u00e9cadas\"\/><figcaption class=\"wp-element-caption\">El \u00daltimo de la Fila firma en Marenostrum su primer truco de magia en casi tres d\u00e9cadas&nbsp;<strong>\/ Marenostrum Fuengirola<\/strong><\/figcaption><\/figure>\n\n\n\n<p>Paseando por las inmediaciones del puerto deportivo fuengirole\u00f1o, escuchabas desde muy temprano la m\u00fasica de este trascendental d\u00fao, autor de muchos de los himnos modernos en castellano, y cuando, ca\u00edda la noche, sonaron las primeras notas de \u2018Huesos\u2019 (el m\u00edtico tema de&nbsp;<strong>Los Burros<\/strong>, la formaci\u00f3n que prorrog\u00f3&nbsp;<strong>El \u00daltimo de la Fila<\/strong>), el estruendo de m\u00e1s de&nbsp;<strong>15.000 gargantas<\/strong>&nbsp;se dej\u00f3 sentir casi en Mijas.<\/p>\n\n\n\n<p>\u00abComo dijo&nbsp;<strong>Fray Luis de Le\u00f3n<\/strong>&nbsp;hace cuatro siglos, o&nbsp;<strong>Unamuno<\/strong>, tras salir de la c\u00e1rcel, al reanudar las clases: \u00abComo dec\u00edamos ayer&#8230;\u00bb\u00bb. Con esas palabras introdujo Garc\u00eda otro de los primeros temas del repertorio de anoche, otro de sus grandes himnos, &#8216;Querida Milagros&#8217;. Y son\u00f3 tan bien como dijeron entonces, hace ya&nbsp;<strong>41 a\u00f1os<\/strong>, que se dice pronto. Como dec\u00edan ayer&#8230;<\/p>\n\n\n\n<p>El mayor de los recintos de conciertos que atesora la provincia se qued\u00f3, como en las grandes ocasiones, muy peque\u00f1o; tanto que era pr\u00e1cticamente imposible moverse. Nadie quer\u00eda perderse el regreso de&nbsp;<strong>Manolo<\/strong>&nbsp;y&nbsp;<strong>Quimi<\/strong>, vestido, adem\u00e1s, con una cuidada producci\u00f3n. Eso s\u00ed, suponemos que nadie esperar\u00eda las tan en boga pasarelas y trucos de videoclip con este par; lo suyo siempre ha sido m\u00e1s directo, sin vanaglorias ni efectismos. \u00abEl factor m\u00e1s importante en esta ecuaci\u00f3n son ustedes\u00bb, razon\u00f3&nbsp;<strong>Portet<\/strong>&nbsp;en una de sus frases dirigidas al respetable.<\/p>\n\n\n\n<p>Noticias relacionadas<\/p>\n\n\n\n<figure class=\"wp-block-image\"><img decoding=\"async\" src=\"https:\/\/estaticos-cdn.prensaiberica.es\/clip\/96755a3f-a7d5-4399-b753-3f9378ce9325_alta-libre-aspect-ratio_default_0_x1024y455.jpg\" alt=\"El \u00daltimo de la Fila firma en Marenostrum su primer truco de magia en casi tres d\u00e9cadas\"\/><figcaption class=\"wp-element-caption\">El \u00daltimo de la Fila firma en Marenostrum su primer truco de magia en casi tres d\u00e9cadas&nbsp;<strong>\/ Marenostrum Fuengirola<\/strong><\/figcaption><\/figure>\n\n\n\n<p><strong>El \u00daltimo de la Fila<\/strong>\u00a0revis\u00f3 los cl\u00e1sicos, por supuesto, &#8216;Insurrecci\u00f3n&#8217; o &#8216;Aviones plateados&#8217;, de aquel seminal \u00e1lbum \u2018Enemigos de lo ajeno\u2019 (1986), as\u00ed como &#8216;Mar antiguo&#8217; o &#8216;L\u00e1piz y tinta&#8217;, de su particular &#8216;Astronom\u00eda razonable&#8217; (1993), el disco con el que le dieron carpetazo a su carrera hasta este reencuentro y el que dar\u00eda paso a la tan aclamada carretera en solitario de\u00a0<strong>Manolo Garc\u00eda<\/strong>. Momentos emocionantes hubo muchos, como ese &#8216;Dios de la lluvia&#8217; coreado por los\u00a0<strong>15.000 asistentes<\/strong>\u00a0y en el que Manolo se dej\u00f3 llevar. El cantante, por cierto, no se mostr\u00f3 demasiado locuaz: pocas palabras brind\u00f3 entre canci\u00f3n y canci\u00f3n; en este reencuentro no hab\u00eda tiempo para discursos, todo hab\u00eda sido dise\u00f1ado para honrar unas canciones, muchas, cuantas m\u00e1s mejor, que son historia viva de un tiempo, un pa\u00eds y varias generaciones.<br><br>Fuente: Fran Extremera &#8211; El Peri\u00f3dico &#8211; <a href=\"https:\/\/www.elperiodico.com\/es\/ocio-y-cultura\/20260425\/el-ultimo-de-la-fila-marenostrum-fuengirola-regreso-concierto-2026-129530429\">El \u00daltimo de la Fila firma en Marenostrum su primer truco de magia en casi tres d\u00e9cadas<\/a> &#8211; Fotos Marenostrum <\/p>\n","protected":false},"excerpt":{"rendered":"<p>Manolo Garc\u00eda y Quimi Portet abrieron anoche en el gran escenario de Fuengirola su esperada gira conjunta, al calor de miles de fans desplazados incluso desde Estados Unidos y con la promesa de divertirse por encima de todoS\u00e1bado, 25 de abril de 2026&nbsp;y casi tres d\u00e9cadas despu\u00e9s. La tarde, casi veraniega, en&nbsp;Fuengirola, con miles de<a class=\"moretag\" href=\"https:\/\/www.manologarciaycia.com\/?p=24784\" title=\"El \u00daltimo de la Fila firma en Marenostrum su primer truco de magia en casi tres d\u00e9cadas\" target=\"_self\" rel=\"follow\"> <font face=arial size=2>[Leer m\u00e1s]<\/font> <\/a><\/p>\n","protected":false},"author":2,"featured_media":24785,"comment_status":"closed","ping_status":"closed","sticky":false,"template":"","format":"standard","meta":{"footnotes":""},"categories":[1],"tags":[],"class_list":["post-24784","post","type-post","status-publish","format-standard","has-post-thumbnail","hentry","category-manolo-garcia"],"_links":{"self":[{"href":"https:\/\/www.manologarciaycia.com\/index.php?rest_route=\/wp\/v2\/posts\/24784","targetHints":{"allow":["GET"]}}],"collection":[{"href":"https:\/\/www.manologarciaycia.com\/index.php?rest_route=\/wp\/v2\/posts"}],"about":[{"href":"https:\/\/www.manologarciaycia.com\/index.php?rest_route=\/wp\/v2\/types\/post"}],"author":[{"embeddable":true,"href":"https:\/\/www.manologarciaycia.com\/index.php?rest_route=\/wp\/v2\/users\/2"}],"replies":[{"embeddable":true,"href":"https:\/\/www.manologarciaycia.com\/index.php?rest_route=%2Fwp%2Fv2%2Fcomments&post=24784"}],"version-history":[{"count":1,"href":"https:\/\/www.manologarciaycia.com\/index.php?rest_route=\/wp\/v2\/posts\/24784\/revisions"}],"predecessor-version":[{"id":24786,"href":"https:\/\/www.manologarciaycia.com\/index.php?rest_route=\/wp\/v2\/posts\/24784\/revisions\/24786"}],"wp:featuredmedia":[{"embeddable":true,"href":"https:\/\/www.manologarciaycia.com\/index.php?rest_route=\/wp\/v2\/media\/24785"}],"wp:attachment":[{"href":"https:\/\/www.manologarciaycia.com\/index.php?rest_route=%2Fwp%2Fv2%2Fmedia&parent=24784"}],"wp:term":[{"taxonomy":"category","embeddable":true,"href":"https:\/\/www.manologarciaycia.com\/index.php?rest_route=%2Fwp%2Fv2%2Fcategories&post=24784"},{"taxonomy":"post_tag","embeddable":true,"href":"https:\/\/www.manologarciaycia.com\/index.php?rest_route=%2Fwp%2Fv2%2Ftags&post=24784"}],"curies":[{"name":"wp","href":"https:\/\/api.w.org\/{rel}","templated":true}]}}