{"id":24781,"date":"2026-04-26T09:30:25","date_gmt":"2026-04-26T07:30:25","guid":{"rendered":"https:\/\/www.manologarciaycia.com\/?p=24781"},"modified":"2026-04-26T11:52:30","modified_gmt":"2026-04-26T09:52:30","slug":"el-ultimo-de-la-fila-se-reencuentra-con-su-legion-de-seguidores-tres-decadas-despues-volver-a-tener-25-anos-tampoco-importa-tanto","status":"publish","type":"post","link":"https:\/\/www.manologarciaycia.com\/?p=24781","title":{"rendered":"El \u00daltimo de la Fila se reencuentra con su legi\u00f3n de seguidores tres d\u00e9cadas despu\u00e9s: \u00ab\u00bfVolver a tener 25 a\u00f1os? \u00a1Tampoco importa tanto!\u00bb"},"content":{"rendered":"\n<p>Dos horas y diez minutos de concierto con todos los himnos Manolo Garc\u00eda y Quimi Portet ante 18.500 personas en Fuengirola durante el primer concierto de la gira<\/p>\n\n\n\n<p>Cuenta atr\u00e1s con dos maquinitas, de las antiguas, a ambos lados del escenario en pantallas gigantes. Peces contra malvados pulpos, que van cayendo, poco a poco. As\u00ed hasta el nivel cuatro, cuando aparecen las caritas de\u00a0<strong>Manolo Garc\u00eda y Quimi Portet<\/strong>\u00a0incrustadas dentro del videojuego\u00a0<em>vintage<\/em>. Pero ellos son invencibles. El p\u00fablico ruge y una marea humana graba la escena con los m\u00f3viles. Se ilumina el escenario y suena atronadora\u00a0<em>Huesos<\/em>.\u00a0<strong>El \u00daltimo de la Fila\u00a0<\/strong>se reencuentra con su p\u00fablico este s\u00e1bado en Fuengirola (M\u00e1laga)\u00a0tres d\u00e9cadas despu\u00e9s de decir adi\u00f3s\u00a0a los escenarios y comienza con una canci\u00f3n de Los Burros, el grupo que fund\u00f3 el d\u00fao barcelon\u00e9s antes de triunfar con El \u00daltimo.<\/p>\n\n\n\n<figure class=\"wp-block-image\"><img decoding=\"async\" src=\"https:\/\/e01-elmundo.uecdn.es\/assets\/multimedia\/imagenes\/2026\/04\/26\/17771584060305.jpg\" alt=\"18.500 personas abarrotan el recinto de Marenostrum durante el concierto de El \u00daltimo de la Fila.\"\/><figcaption class=\"wp-element-caption\">18.500 personas abarrotan el recinto de Marenostrum durante el concierto de El \u00daltimo de la Fila.El Mundo<\/figcaption><\/figure>\n\n\n\n<p>El tiempo parece que no ha pasado para la voz de Manolo Garc\u00eda. Las canciones de uno de los grupos m\u00e1s emblem\u00e1ticos de la m\u00fasica pop-rock espa\u00f1ola de los a\u00f1os 80 y 90 suenan \u00bfcasi igual? que entonces. O \u00bfmejor a\u00fan? Por el empuje del p\u00fablico y el valor al alza de la&nbsp;<strong>nostalgia<\/strong>. \u00ab\u00a1Lo estamos pasando bien, hostia!&nbsp;<strong>\u00bfVolver a tener 25 a\u00f1os? \u00a1Tampoco importa tanto!<\/strong>; ahora estamos m\u00e1s contentos que unas casta\u00f1uelas. Notamos vuestro empuj\u00f3n; est\u00e1is con muchas ganas y es de agradecer\u00bb, arenga el cantante a las&nbsp;<strong>18.500 personas<\/strong>&nbsp;que abarrotan el recinto de Marenostrum en Fuengirola. Es el primer concierto de los doce que componen la gira que recorrer\u00e1 varias ciudades espa\u00f1olas hasta el 9 de julio.<\/p>\n\n\n\n<p>Con las entradas casi agotadas en todas las citas, los m\u00fasicos se muestran satisfechos de ver c\u00f3mo su p\u00fablico no los ha olvidado en estos casi treinta a\u00f1os sin subirse, juntos, a un escenario. En estos a\u00f1os, \u00ab<strong>os hab\u00e9is multiplicado bastante bien<\/strong>. Es un placer este reencuentro\u00bb, dice, emocionado, Manolo Garc\u00eda.<\/p>\n\n\n\n<p>Conciertazo de&nbsp;<strong>dos horas y diez minutos<\/strong>&nbsp;con las mejores canciones de El \u00daltimo de la Fila, con&nbsp;<em>bonus track<\/em>&nbsp;final de la archifamosa ranchera de Vicente Fern\u00e1ndez,&nbsp;<em>El Rey<\/em>, con el p\u00fablico y todos los m\u00fasicos entregados en una especie de gigantesco y&nbsp;<strong>cat\u00e1rtico karaoke<\/strong>. Han sonado todos y cada uno de los himnos de la banda:&nbsp;<em>Querida Milagros<\/em>,&nbsp;<em>Insurrecci\u00f3n<\/em>,&nbsp;<em>Dios de la lluvia<\/em>,&nbsp;<em>Mar antiguo<\/em>,&nbsp;<em>La piedra redonda<\/em>&#8230; M\u00e1s de una veintena de canciones, algunas con arreglos&nbsp;<strong>muy flamencos<\/strong>, como&nbsp;<em>Aviones plateados<\/em>&nbsp;y&nbsp;<em>El loco de la calle<\/em>.<\/p>\n\n\n\n<p>\u00abC\u00f3mo mola que cant\u00e9is; es sanador. \u00bfVosotros no cant\u00e1is en la ducha?\u00bb, ha preguntado a su entregado p\u00fablico antes de que empezaran los acordes de&nbsp;<em>El que canta su mal espanta<\/em>.<\/p>\n\n\n\n<p>Y justo antes de que sonara la dulce&nbsp;<em>Sara<\/em>, Manolo Garc\u00eda ha presentado al nuevo fichaje de la banda,&nbsp;<strong>la joven Sara Garc\u00eda<\/strong>, a la guitarra el\u00e9ctrica. No lo ha dicho el cantante, pero es&nbsp;<strong>su hija<\/strong>. Y no ha sido el artista el \u00fanico que ha estado acompa\u00f1ado de su v\u00e1stago en una noche tan especial. Tambi\u00e9n se ha visto entre el p\u00fablico, mayoritario&nbsp;<strong>peinando canas<\/strong>, algunos chavales escoltando a sus padres.<\/p>\n\n\n\n<p>La&nbsp;<strong>escenograf\u00eda<\/strong>, sencilla y evocando el universo po\u00e9tico de Manolo Garc\u00eda, con&nbsp;<strong>gigantescos peces de neon&nbsp;<\/strong>y otros con forma de sardina sobre el escenario, en una est\u00e9tica surrealista y metaf\u00f3rica, asociada al agua, la libertad y la naturaleza. En las pantallas se han visto gallinas, ovejas, pollos asados y hasta cohetes lanzados al espacio. Todo ello con juegos de luces amarillas, rojas, naranjas&#8230; Pero lo mejor, el potente y cuidado sonido. Y la voz de Manolo Garc\u00eda.<\/p>\n\n\n\n<p>El cantante, a sus 70 a\u00f1os, no ha parado ni un momento. Ha bailado todo y m\u00e1s y en uno de los temas se ha acompa\u00f1ado de&nbsp;<strong>un bast\u00f3n<\/strong>&nbsp;para marcar el ritmo. No se ha olvidado de mencionar ninguna de las ocho provincias andaluzas. \u00abGracias por las muestras de cari\u00f1o que vienen de toda Andaluc\u00eda y tambi\u00e9n de Madrid, Valladolid, Valencia, Asturias&#8230; un placer este reencuentro. Gracias, de coraz\u00f3n\u00bb.<\/p>\n\n\n\n<p>Durante la sexta canci\u00f3n del repertorio,&nbsp;<em>Aviones plateados,<\/em>&nbsp;se ha situado a pie de pista para fundirse con su p\u00fablico y hasta ha pedido con urgencia&nbsp;<strong>una \u00abrebequita<\/strong>&nbsp;o una chaqueta\u00bb ante la fresca brisa marina que llegaba del mar por la parte trasera del escenario. Pero por la parte delantera, con el p\u00fablico en plena ebullici\u00f3n nost\u00e1gica, ha sido un torrente de calor.<\/p>\n\n\n\n<h2 class=\"wp-block-heading\">Los doce conciertos de la gira<\/h2>\n\n\n\n<p>1.- Fuengirola (M\u00e1laga) en Marenostrum. 25 de abril.<\/p>\n\n\n\n<p>2.- Barcelona. Estadi Olimpic Lluis Companys. 3 de mayo.<\/p>\n\n\n\n<p>3.- Barcelona. Estadi Olimpic Lluis Companys. 7 de mayo.<\/p>\n\n\n\n<p>4.- Roquetas de Mar (Almer\u00eda). Estadio municipal Antonio Peroles. 16 de mayo.<\/p>\n\n\n\n<p>5.- Madrid. Estadio Riyadh Air Metropolitano. 23 de mayo.<\/p>\n\n\n\n<p>6.- Barakaldo. Bizkaia Arena &#8211; Bec! 30 de mayo.<\/p>\n\n\n\n<p>7.- Barakaldo. Bizkaia Arena &#8211; Bec! 5 de junio.<\/p>\n\n\n\n<p>8.- Santiago de Compostela. Monte do Gozo. 13 de junio.<\/p>\n\n\n\n<p>9.- Avil\u00e9s. Exterior pabell\u00f3n La Magdalena. 20 de junio.<\/p>\n\n\n\n<p>10.- Sevilla. Estadio la Cartuja de Sevilla. 27 de junio.<\/p>\n\n\n\n<p>11.- Valencia. Estadi Ciutat de Valencia. 4 de julio.<\/p>\n\n\n\n<p>12.- Valencia. Estadi Ciutat de Valencia. 9 de julio.<\/p>\n\n\n\n<p>Fuente: El Mundo &#8211; Silvia Moreno &#8211; <a href=\"https:\/\/www.elmundo.es\/cultura\/musica\/2026\/04\/26\/69ecf9b821efa038568b45a6.html\">El \u00daltimo de la Fila se reencuentra con su legi\u00f3n de seguidores tres d\u00e9cadas despu\u00e9s: \u00ab\u00bfVolver a tener 25 a\u00f1os? \u00a1Tampoco importa tanto!\u00bb | M\u00fasica<\/a><\/p>\n","protected":false},"excerpt":{"rendered":"<p>Dos horas y diez minutos de concierto con todos los himnos Manolo Garc\u00eda y Quimi Portet ante 18.500 personas en Fuengirola durante el primer concierto de la gira Cuenta atr\u00e1s con dos maquinitas, de las antiguas, a ambos lados del escenario en pantallas gigantes. Peces contra malvados pulpos, que van cayendo, poco a poco. As\u00ed<a class=\"moretag\" href=\"https:\/\/www.manologarciaycia.com\/?p=24781\" title=\"El \u00daltimo de la Fila se reencuentra con su legi\u00f3n de seguidores tres d\u00e9cadas despu\u00e9s: \u00ab\u00bfVolver a tener 25 a\u00f1os? \u00a1Tampoco importa tanto!\u00bb\" target=\"_self\" rel=\"follow\"> <font face=arial size=2>[Leer m\u00e1s]<\/font> <\/a><\/p>\n","protected":false},"author":2,"featured_media":24782,"comment_status":"closed","ping_status":"closed","sticky":false,"template":"","format":"standard","meta":{"footnotes":""},"categories":[1],"tags":[],"class_list":["post-24781","post","type-post","status-publish","format-standard","has-post-thumbnail","hentry","category-manolo-garcia"],"_links":{"self":[{"href":"https:\/\/www.manologarciaycia.com\/index.php?rest_route=\/wp\/v2\/posts\/24781","targetHints":{"allow":["GET"]}}],"collection":[{"href":"https:\/\/www.manologarciaycia.com\/index.php?rest_route=\/wp\/v2\/posts"}],"about":[{"href":"https:\/\/www.manologarciaycia.com\/index.php?rest_route=\/wp\/v2\/types\/post"}],"author":[{"embeddable":true,"href":"https:\/\/www.manologarciaycia.com\/index.php?rest_route=\/wp\/v2\/users\/2"}],"replies":[{"embeddable":true,"href":"https:\/\/www.manologarciaycia.com\/index.php?rest_route=%2Fwp%2Fv2%2Fcomments&post=24781"}],"version-history":[{"count":1,"href":"https:\/\/www.manologarciaycia.com\/index.php?rest_route=\/wp\/v2\/posts\/24781\/revisions"}],"predecessor-version":[{"id":24783,"href":"https:\/\/www.manologarciaycia.com\/index.php?rest_route=\/wp\/v2\/posts\/24781\/revisions\/24783"}],"wp:featuredmedia":[{"embeddable":true,"href":"https:\/\/www.manologarciaycia.com\/index.php?rest_route=\/wp\/v2\/media\/24782"}],"wp:attachment":[{"href":"https:\/\/www.manologarciaycia.com\/index.php?rest_route=%2Fwp%2Fv2%2Fmedia&parent=24781"}],"wp:term":[{"taxonomy":"category","embeddable":true,"href":"https:\/\/www.manologarciaycia.com\/index.php?rest_route=%2Fwp%2Fv2%2Fcategories&post=24781"},{"taxonomy":"post_tag","embeddable":true,"href":"https:\/\/www.manologarciaycia.com\/index.php?rest_route=%2Fwp%2Fv2%2Ftags&post=24781"}],"curies":[{"name":"wp","href":"https:\/\/api.w.org\/{rel}","templated":true}]}}