{"id":24742,"date":"2026-03-08T10:14:35","date_gmt":"2026-03-08T09:14:35","guid":{"rendered":"https:\/\/www.manologarciaycia.com\/?p=24742"},"modified":"2026-03-08T10:14:37","modified_gmt":"2026-03-08T09:14:37","slug":"entrevista-a-manolo-garcia-en-atencion-obras","status":"publish","type":"post","link":"https:\/\/www.manologarciaycia.com\/?p=24742","title":{"rendered":"Entrevista a Manolo Garc\u00eda en Atencion Obras"},"content":{"rendered":"\n<p>Manolo Garc\u00eda habla de su \u00faltimo trabajo discogr\u00e1fico &#8216;Drapaires poligoneros&#8217; y del regreso a los escenarios de El \u00daltimo de la Fila.<\/p>\n\n\n\n<figure class=\"wp-block-video\"><video controls src=\"http:\/\/rtve-mediavod-lote3.rtve.es\/resources\/TE_SATOBRA\/mp4\/9\/6\/1772811740169.mp4?idasset=16968057\"><\/video><\/figure>\n\n\n\n<p>Fuente: RTVE <a href=\"https:\/\/www.rtve.es\/play\/videos\/atencion-obras\/entrevista-manolo-garcia\/16968057\/\">Entrevista a Manolo Garc\u00eda &#8211; Atenci\u00f3n obras<\/a><\/p>\n\n\n\n<p><\/p>\n","protected":false},"excerpt":{"rendered":"<p>Manolo Garc\u00eda habla de su \u00faltimo trabajo discogr\u00e1fico &#8216;Drapaires poligoneros&#8217; y del regreso a los escenarios de El \u00daltimo de la Fila. Fuente: RTVE Entrevista a Manolo Garc\u00eda &#8211; Atenci\u00f3n obras<a class=\"moretag\" href=\"https:\/\/www.manologarciaycia.com\/?p=24742\" title=\"Entrevista a Manolo Garc\u00eda en Atencion Obras\" target=\"_self\" rel=\"follow\"> <font face=arial size=2>[Leer m\u00e1s]<\/font> <\/a><\/p>\n","protected":false},"author":2,"featured_media":24743,"comment_status":"closed","ping_status":"closed","sticky":false,"template":"","format":"standard","meta":{"footnotes":""},"categories":[1],"tags":[],"class_list":["post-24742","post","type-post","status-publish","format-standard","has-post-thumbnail","hentry","category-manolo-garcia"],"_links":{"self":[{"href":"https:\/\/www.manologarciaycia.com\/index.php?rest_route=\/wp\/v2\/posts\/24742","targetHints":{"allow":["GET"]}}],"collection":[{"href":"https:\/\/www.manologarciaycia.com\/index.php?rest_route=\/wp\/v2\/posts"}],"about":[{"href":"https:\/\/www.manologarciaycia.com\/index.php?rest_route=\/wp\/v2\/types\/post"}],"author":[{"embeddable":true,"href":"https:\/\/www.manologarciaycia.com\/index.php?rest_route=\/wp\/v2\/users\/2"}],"replies":[{"embeddable":true,"href":"https:\/\/www.manologarciaycia.com\/index.php?rest_route=%2Fwp%2Fv2%2Fcomments&post=24742"}],"version-history":[{"count":1,"href":"https:\/\/www.manologarciaycia.com\/index.php?rest_route=\/wp\/v2\/posts\/24742\/revisions"}],"predecessor-version":[{"id":24744,"href":"https:\/\/www.manologarciaycia.com\/index.php?rest_route=\/wp\/v2\/posts\/24742\/revisions\/24744"}],"wp:featuredmedia":[{"embeddable":true,"href":"https:\/\/www.manologarciaycia.com\/index.php?rest_route=\/wp\/v2\/media\/24743"}],"wp:attachment":[{"href":"https:\/\/www.manologarciaycia.com\/index.php?rest_route=%2Fwp%2Fv2%2Fmedia&parent=24742"}],"wp:term":[{"taxonomy":"category","embeddable":true,"href":"https:\/\/www.manologarciaycia.com\/index.php?rest_route=%2Fwp%2Fv2%2Fcategories&post=24742"},{"taxonomy":"post_tag","embeddable":true,"href":"https:\/\/www.manologarciaycia.com\/index.php?rest_route=%2Fwp%2Fv2%2Ftags&post=24742"}],"curies":[{"name":"wp","href":"https:\/\/api.w.org\/{rel}","templated":true}]}}