{"id":24718,"date":"2026-01-16T09:07:25","date_gmt":"2026-01-16T08:07:25","guid":{"rendered":"https:\/\/www.manologarciaycia.com\/?p=24718"},"modified":"2026-01-16T09:07:27","modified_gmt":"2026-01-16T08:07:27","slug":"manolo-garcia-y-la-epica-del-poligono","status":"publish","type":"post","link":"https:\/\/www.manologarciaycia.com\/?p=24718","title":{"rendered":"Manolo Garc\u00eda y la \u00e9pica del Pol\u00edgono"},"content":{"rendered":"\n<p>El m\u00fasico despidi\u00f3 en el Auditorio Fibes su Gira de Teatros con un concierto que enlaz\u00f3 pasado y presente, recogiendo restos emocionales, derrotas y verdades desnudas para transformarlas en una celebraci\u00f3n colectiva<br><br><strong>Manolo Garc\u00eda<\/strong>&nbsp;pon\u00eda punto final anoche en el&nbsp;<strong>Auditorio Fibes<\/strong>&nbsp;a su&nbsp;<em><strong>Gira de Teatros 2025-26<\/strong><\/em>. Han sido diecis\u00e9is conciertos de los m\u00e1s emotivos y personales de su carrera reciente, un di\u00e1logo constante entre pasado y presente que, en&nbsp;<strong>Sevilla<\/strong>, encontr\u00f3 otro gran momento \u00edntimo y rotundo. Un cierre con algo de ceremonia nocturna, de \u00faltima recogida, cuando solo quedan los que saben mirar el suelo y escuchar lo que cruje bajo los pasos.<\/p>\n\n\n\n<p>Manolo apareci\u00f3 acompa\u00f1ado de&nbsp;<strong>ocho m\u00fasicos<\/strong>&nbsp;que, a lo largo de m\u00e1s de dos horas y media, colorearon cada canci\u00f3n con matices distintos, pero siempre sinceros, como si cada uno aportara su propio hallazgo rescatado del camino.&nbsp;<strong>Ricardo Mar\u00edn<\/strong>, el director musical a quien por aqu\u00ed conocemos desde que empez\u00f3 a crearse un nombre teloneando a&nbsp;<strong>B.B. King<\/strong>&nbsp;junto a&nbsp;<strong>Raimundo Amador<\/strong>, desgran\u00f3 figuras ac\u00fasticas y el\u00e9ctricas de sus guitarras con una elegancia serena;&nbsp;<strong>Sara Garc\u00eda<\/strong>&nbsp;y&nbsp;<strong>Albert Serrano<\/strong>&nbsp;tejieron contrapuntos con las suyas, delicados o vigorosos seg\u00fan se necesitasen, o peque\u00f1os solos perfectos, en&nbsp;<em>Llorar\u00e9<\/em>&nbsp;la primera y en&nbsp;<em>Lustre y lumbre<\/em>&nbsp;el segundo;&nbsp;<strong>Josete Ordo\u00f1ez<\/strong>&nbsp;aport\u00f3 aires mediterr\u00e1neos con la mandola y la guitarra espa\u00f1ola, mientras que&nbsp;<strong>\u00cd\u00f1igo Goldaracena<\/strong>&nbsp;marc\u00f3 el pulso vital desde el bajo. La bater\u00eda sutil de&nbsp;<strong>Charly Sard\u00e0<\/strong>, las texturas r\u00edtmicas y de teclados de&nbsp;<strong>Juan Carlos Garc\u00eda<\/strong>, sempiterno compa\u00f1ero de Manolo desde los tiempos de&nbsp;<strong>El \u00daltimo de la Fila<\/strong>, y los arcos c\u00e1lidos del viol\u00edn de&nbsp;<strong>Olvido Lanza<\/strong>&nbsp;redondearon un sonido que fue mucho m\u00e1s que acompa\u00f1amiento.<\/p>\n\n\n\n<figure class=\"wp-block-image\"><img decoding=\"async\" src=\"https:\/\/static.grupojoly.com\/clip\/9e004da9-3bb7-47e8-b258-017a77b6bc20_16-9-aspect-ratio_1600w_0.jpg\" alt=\"Manolo Garc\u00eda respaldado por Charly Sard\u00e0, Olvido Lanza y Josete Ord\u00f3\u00f1ez\" title=\"Manolo Garc\u00eda respaldado por Charly Sard\u00e0, Olvido Lanza y Josete Ord\u00f3\u00f1ez\"\/><figcaption class=\"wp-element-caption\">Manolo Garc\u00eda respaldado por Charly Sard\u00e0, Olvido Lanza y Josete Ord\u00f3\u00f1ez&nbsp;\/&nbsp;Jos\u00e9 \u00c1ngel Garc\u00eda<\/figcaption><\/figure>\n\n\n\n<p>El concierto se estructur\u00f3 sobre un sustrato muy claro: alternar canciones del \u00faltimo disco,&nbsp;<em><strong>Drapaires poligoneros<\/strong><\/em>, con un repaso profundo a&nbsp;<em><strong>Arena en los bolsillos<\/strong><\/em>, el disco que marc\u00f3 el inicio de su carrera en solitario. No era solo un juego cronol\u00f3gico, sino una declaraci\u00f3n de principios.&nbsp;<strong>El Manolo de hoy dialogaba con el de entonces<\/strong>&nbsp;como lo har\u00eda un trapero \u2014que eso es un&nbsp;<em>drapaire<\/em>\u2014 con su propia vida, recogiendo lo que nadie quiso, lo que qued\u00f3 arrinconado, resignificando la derrota, convirtiendo la miseria \u2014emocional, social, urbana\u2014 en \u00e9pica compartida. Ah\u00ed es donde algunos nos reconocimos m\u00e1s. Porque yo tambi\u00e9n soy poligonero de toda la vida \u2014llegu\u00e9 a las casitas del&nbsp;<strong>Pol\u00edgono de San Pablo<\/strong>&nbsp;en 1962, imaginen ustedes\u2014 y s\u00e9 que de esos descampados salen canciones, miradas y una forma de estar en el mundo.<\/p>\n\n\n\n<p>As\u00ed fueron llegando temas nuevos como&nbsp;<em>Sub\u00ed con la dama<\/em>, una balada perfecta, un ascenso \u00edntimo y elegante, cargado de la melancol\u00eda luminosa que Manolo maneja sin subrayarla, o&nbsp;<em>Fuego fatuo<\/em>, una canci\u00f3n crepuscular, un resplandor hermoso y enga\u00f1oso; parecen piezas luminosas, pero tienen letras que rozan lo introspectivo y lo social, iluminaciones encontradas a la luz de una farola. Y cuando lleg\u00f3 el turno de los cl\u00e1sicos, la sala vibr\u00f3 de verdad.&nbsp;<em>P\u00e1jaros de barro<\/em>&nbsp;y&nbsp;<em>A San Fernando un ratito a pie y otro caminando<\/em>&nbsp;desplegaron sus compases como una invitaci\u00f3n a caminar juntos por recuerdos compartidos, los de quienes aprendieron a cantar estas canciones cuando a\u00fan no sab\u00edan poner nombre a lo que les dol\u00eda. Las dos las trajo con arreglos que las extend\u00edan en el tiempo, metiendo en ellas antes del ataque de la estrofa final unos maravillosos solos de guitarra, ac\u00fasticos en la primera, por parte de Josete y el\u00e9ctricos en la segunda, de manos de Mar\u00edn primero y de Serrano despu\u00e9s. Mientras cantaba&nbsp;<em>P\u00e1jaros de barro<\/em>, Manolo se baj\u00f3 del escenario por segunda vez \u2014lo hab\u00eda hecho antes en&nbsp;<em>Carb\u00f3n y ramas secas<\/em>\u2014 para pasear entre el p\u00fablico por los pasillos de la platea en loor de multitud.&nbsp;<em>Zapatero<\/em>&nbsp;ya hab\u00eda elevado el tono pr\u00e1cticamente al principio \u2014fue la segunda canci\u00f3n\u2014 con una guitarra incisiva y una l\u00ednea vocal que envolvi\u00f3 a todo el recinto con una intensidad que no entiende de edades ni de g\u00e9neros.<\/p>\n\n\n\n<figure class=\"wp-block-image\"><img decoding=\"async\" src=\"https:\/\/static.grupojoly.com\/clip\/332e941b-3364-46f6-a867-af0f1cb068d3_16-9-aspect-ratio_1600w_0.jpg\" alt=\"Manolo Garc\u00eda\" title=\"Manolo Garc\u00eda\"\/><figcaption class=\"wp-element-caption\">Manolo Garc\u00eda&nbsp;\/&nbsp;Jos\u00e9 \u00c1ngel Garc\u00eda<\/figcaption><\/figure>\n\n\n\n<p>Palabras m\u00ednimas pero sentidas fue intercalando Manolo entre las canciones, agradeciendo al p\u00fablico su entrega. A los gritos de&nbsp;<em>\u00a1Manolo, Manolo!<\/em>&nbsp;respondi\u00f3 que no los quer\u00eda, que esto no era cosa de una persona, no era cosa de \u00e9l, que&nbsp;<strong>todos nos necesit\u00e1bamos<\/strong>&nbsp;para hacerlo. \u00c9l tiene esa facultad tan especial de hacernos vivir cada tema como si fuera una conversaci\u00f3n a media luz con alguien que nos conoce de verdad. Hay en su figura algo del personaje del trapero, del caminante solitario que observa, recoge met\u00e1foras ajadas, frases rotas, derrotas ajenas, y las devuelve transformadas en canci\u00f3n. Eso se sinti\u00f3 en cada verso, desde los que hablaban de identidad \u2014<em>Nada es f\u00e1cil aqu\u00ed; solo tienes tu voz\u2026<\/em>\u2014 hasta los que se adentraban en territorios m\u00e1s l\u00edricos y personales, donde la melancol\u00eda no es ninguna pose, sino una forma \u00e9tica de estar en el mundo.<\/p>\n\n\n\n<p>Hubo momentos en los que los m\u00fasicos bajaron la intensidad, como en&nbsp;<em>Recuerdo vertical<\/em>, dejando respirar la letra y permitiendo que los arcos del viol\u00edn se extendieran como una brisa suave. En&nbsp;<em>Un nudo gordiano<\/em>, en cambio, tensaron el espacio emocional con una guitarra el\u00e9ctrica que dialogaba con la percusi\u00f3n en un intercambio cercano a la meditaci\u00f3n, enfrent\u00e1ndose sin adornos a la verdad, por inc\u00f3moda que resulte \u2014<em>\u00bfQu\u00e9 hacer, qu\u00e9 hacer?<\/em>\u2014 . Esa verdad que quienes venimos de barrios perif\u00e9ricos sabemos reconocer de inmediato, porque la hemos visto demasiadas veces.<\/p>\n\n\n\n<figure class=\"wp-block-image\"><img decoding=\"async\" src=\"https:\/\/static.grupojoly.com\/clip\/c8a9c4ea-8ba3-41ab-bf05-a12581054145_16-9-aspect-ratio_1600w_0.jpg\" alt=\"Manolo Garc\u00eda con uno de los m\u00faltiples regalos que recibi\u00f3 del p\u00fablico\" title=\"Manolo Garc\u00eda con uno de los m\u00faltiples regalos que recibi\u00f3 del p\u00fablico\"\/><figcaption class=\"wp-element-caption\">Manolo Garc\u00eda con uno de los m\u00faltiples regalos que recibi\u00f3 del p\u00fablico&nbsp;\/&nbsp;Jos\u00e9 \u00c1ngel Garc\u00eda<\/figcaption><\/figure>\n\n\n\n<p>El p\u00fablico respondi\u00f3 con coros espont\u00e1neos y aplausos casi tras cada estribillo, reconociendo tanto lo que ya sab\u00eda de memoria como las nuevas canciones que ahora pasan a formar parte de su propia biograf\u00eda. Y cuando llegaron los&nbsp;<em>bises<\/em>, el grupo regres\u00f3 para rematar la velada con piezas que encendieron las ovaciones. El car\u00e1cter festivo y emocional de estas \u00faltimas,&nbsp;<em>Somos levedad<\/em>, con unas estrofas incrustadas del&nbsp;<em>Cantares<\/em>&nbsp;machadiano,&nbsp;<em>Nunca el tiempo es perdido<\/em>,&nbsp;<em>Un giro teatral<\/em>,&nbsp;<em>Un poco de amor<\/em>, ahora s\u00ed con un largo y magn\u00edfico solo de Sara al borde del escenario,&nbsp;<em>Viernes<\/em>,&nbsp;<em>Insurrecci\u00f3n<\/em>, se sinti\u00f3 como un abrazo musical, colectivo y generoso, propio de quienes han compartido muchas noches, muchos inviernos y alguna que otra derrota. Manolo no ten\u00eda ninguna prisa por irse. Yo tampoco. Pero el concierto merec\u00eda un mejor final que la pachanga verbenera que sigui\u00f3, con las rancheras de&nbsp;<em>Volver<\/em>&nbsp;y&nbsp;<em>El rey<\/em>, de la que incluso olvid\u00f3 la letra mientras la cantaba, algo que el propio Manolo pareci\u00f3 entender; por eso, para la despedida final, regres\u00f3 a&nbsp;<em>P\u00e1jaros de barro<\/em>, ahora de forma m\u00e1s relajada que la primera vez.<\/p>\n\n\n\n<p>Los espectadores, que llenamos totalmente el auditorio, fuimos abandon\u00e1ndolo con la sensaci\u00f3n de que Manolo Garc\u00eda hab\u00eda construido, con cada frase y cada silencio, una atm\u00f3sfera de\u00a0<strong>complicidad memorable<\/strong>. Como un\u00a0<em>drapaire<\/em>\u00a0urbano, melanc\u00f3lico y casi heroico, fue capaz de recoger los restos del tiempo, de la memoria y de la pobreza sentimental para transformarlos en una \u00e9pica cotidiana. Una celebraci\u00f3n com\u00fan en la que las canciones hablaron directamente al coraz\u00f3n de un p\u00fablico que comparti\u00f3 noche y latido hasta el \u00faltimo acorde.<\/p>\n\n\n\n<p>Fuente: Jose Miguel Carrasco &#8211; Fotos Jose Angel Garcia &#8211; <a href=\"https:\/\/www.diariodesevilla.es\/ocio\/manolo-garcia-concierto-fibes-sevilla_0_2005653136.html\">Manolo Garc\u00eda y la \u00e9pica del Pol\u00edgono<\/a><\/p>\n","protected":false},"excerpt":{"rendered":"<p>El m\u00fasico despidi\u00f3 en el Auditorio Fibes su Gira de Teatros con un concierto que enlaz\u00f3 pasado y presente, recogiendo restos emocionales, derrotas y verdades desnudas para transformarlas en una celebraci\u00f3n colectiva Manolo Garc\u00eda&nbsp;pon\u00eda punto final anoche en el&nbsp;Auditorio Fibes&nbsp;a su&nbsp;Gira de Teatros 2025-26. Han sido diecis\u00e9is conciertos de los m\u00e1s emotivos y personales de<a class=\"moretag\" href=\"https:\/\/www.manologarciaycia.com\/?p=24718\" title=\"Manolo Garc\u00eda y la \u00e9pica del Pol\u00edgono\" target=\"_self\" rel=\"follow\"> <font face=arial size=2>[Leer m\u00e1s]<\/font> <\/a><\/p>\n","protected":false},"author":2,"featured_media":24719,"comment_status":"closed","ping_status":"closed","sticky":false,"template":"","format":"standard","meta":{"footnotes":""},"categories":[1],"tags":[],"class_list":["post-24718","post","type-post","status-publish","format-standard","has-post-thumbnail","hentry","category-manolo-garcia"],"_links":{"self":[{"href":"https:\/\/www.manologarciaycia.com\/index.php?rest_route=\/wp\/v2\/posts\/24718","targetHints":{"allow":["GET"]}}],"collection":[{"href":"https:\/\/www.manologarciaycia.com\/index.php?rest_route=\/wp\/v2\/posts"}],"about":[{"href":"https:\/\/www.manologarciaycia.com\/index.php?rest_route=\/wp\/v2\/types\/post"}],"author":[{"embeddable":true,"href":"https:\/\/www.manologarciaycia.com\/index.php?rest_route=\/wp\/v2\/users\/2"}],"replies":[{"embeddable":true,"href":"https:\/\/www.manologarciaycia.com\/index.php?rest_route=%2Fwp%2Fv2%2Fcomments&post=24718"}],"version-history":[{"count":1,"href":"https:\/\/www.manologarciaycia.com\/index.php?rest_route=\/wp\/v2\/posts\/24718\/revisions"}],"predecessor-version":[{"id":24720,"href":"https:\/\/www.manologarciaycia.com\/index.php?rest_route=\/wp\/v2\/posts\/24718\/revisions\/24720"}],"wp:featuredmedia":[{"embeddable":true,"href":"https:\/\/www.manologarciaycia.com\/index.php?rest_route=\/wp\/v2\/media\/24719"}],"wp:attachment":[{"href":"https:\/\/www.manologarciaycia.com\/index.php?rest_route=%2Fwp%2Fv2%2Fmedia&parent=24718"}],"wp:term":[{"taxonomy":"category","embeddable":true,"href":"https:\/\/www.manologarciaycia.com\/index.php?rest_route=%2Fwp%2Fv2%2Fcategories&post=24718"},{"taxonomy":"post_tag","embeddable":true,"href":"https:\/\/www.manologarciaycia.com\/index.php?rest_route=%2Fwp%2Fv2%2Ftags&post=24718"}],"curies":[{"name":"wp","href":"https:\/\/api.w.org\/{rel}","templated":true}]}}