{"id":2458,"date":"2011-12-25T11:05:54","date_gmt":"2011-12-25T10:05:54","guid":{"rendered":"http:\/\/www.manologarciaycia.com\/?p=2458"},"modified":"2011-12-25T11:05:54","modified_gmt":"2011-12-25T10:05:54","slug":"mg-llegara-el-22-de-junio-a-la-axerquia-con-su-nueva-gira","status":"publish","type":"post","link":"https:\/\/www.manologarciaycia.com\/?p=2458","title":{"rendered":"MG: llegar\u00e1 el 22 de junio a la Axerqu\u00eda con su nueva gira"},"content":{"rendered":"<p><img loading=\"lazy\" decoding=\"async\" alt=\"\" src=\"http:\/\/media.grupojoly.com\/imagen.php?imagen=\/\/0000991500\/0000991840.jpg&#038;an=580&#038;alt=440&#038;checkSize=1\" class=\"alignleft\" width=\"335\" height=\"258\" \/><\/p>\n<p> El cantante catal\u00e1n presentar\u00e1 en el coliseo al aire libre los temas de su nuevo disco, &#8216;Los d\u00edas intactos&#8217;, que figura en la lista de los m\u00e1s vendidos desde su lanzamiento.<\/p>\n<p>La gira del nuevo disco de Manolo Garc\u00eda, Los d\u00edas intactos, recalar\u00e1 en C\u00f3rdoba el pr\u00f3ximo mes de junio. M\u00e1s concretamente y seg\u00fan la web oficial del cantante, ser\u00e1 el d\u00eda 22 en el Teatro de la Axerqu\u00eda cuando el barcelon\u00e9s presente sus nuevos temas en el coliseo al aire libre. <\/p>\n<p> <br \/>\nEl nuevo \u00e1lbum de Manolo Garc\u00eda, el quinto de estudio en su trayectoria en solitario, se ha posicionado en la lista de los m\u00e1s vendidos en Espa\u00f1a y es Disco de Platino desde el mismo d\u00eda de su lanzamiento, el pasado 25 de octubre. Este trabajo incluye 14 nuevas canciones, de las que se ha elegido Un giro teatral como primer single. <\/p>\n<p>En la grabaci\u00f3n del disco han intervenido el guitarrista Waddy Watchel, los bajistas Leland Sklar y Bob Glaub y el bater\u00eda Kenny Aronoff, m\u00fasicos que han tocado con Bob Dylan, Keith Richards, Elton John, Rolling Stones, Ray Charles o B.B. King, entre otros. El disco se ha grabado en los estudios Musiclan, en Avinyonet de Puigvent\u00f3s (Girona) y en Ocean Way Recording (Los \u00c1ngeles), donde han trabajado artistas emblem\u00e1ticos como Frank Sinatra, Nat King Cole, Ray Charles, The Rolling Stones, Eric Clapton, Michael Jackson, Green Day, Radiohead, Joni Mitchell o Red Hot Chili Peppers. <\/p>\n<p>Manolo Garc\u00eda ha publicado Los d\u00edas intactos dos a\u00f1os despu\u00e9s de la clausura de la gira de su anterior disco, Saldremos a la lluvia, que sali\u00f3 a la venta en 2008. Sus anteriores trabajos en solitario son Para que no se duerman mis sentidos (2004), Nunca el tiempo es perdido (2001) y Arena en los bolsillos (1998). <\/p>\n<p>Adem\u00e1s de cantante, Manolo Garc\u00eda es dibujante y pintor amateur y con motivo del lanzamiento de Los d\u00edas intactos ha sacado a la venta el libro El fruto de la rama m\u00e1s alta, que contiene escritos, dibujos y pinturas realizados en los \u00faltimos a\u00f1os y las letras del nuevo \u00e1lbum. <\/p>\n<p>El concierto que ofrecer\u00e1 en C\u00f3rdoba se incluye en la gira que el m\u00fasico y compositor catal\u00e1n iniciar\u00e1 el pr\u00f3ximo mes de febrero, cuando tiene programadas dos actuaciones en Roquetas de Mar los d\u00edas 10 y 11. Tras la localidad almeriense y en los meses siguientes el artista visitar\u00e1 Murcia, Talavera de la Reina, Mallorca, Valencia, M\u00e1laga, Zaragoza, Madrid (donde tiene programadas seis fechas), Barcelona (con otras seis actuaciones), San Sebasti\u00e1n y Oviedo. Por el momento en junio s\u00f3lo hay anunciadas en su web dos actuaciones, el d\u00eda 2 en Ja\u00e9n y la del 22 en el Teatro de la Axerqu\u00eda en C\u00f3rdoba.<\/p>\n<p>Fuente: El D\u00eda de C\u00f3rdoba &#8211; <a href='http:\/\/www.eldiadecordoba.es\/article\/ocio\/1145741\/manolo\/garcia\/llegara\/junio\/la\/axerquia\/con\/su\/nueva\/gira.html' target=_new>ENLACE<\/a><\/p>\n","protected":false},"excerpt":{"rendered":"<p>El cantante catal\u00e1n presentar\u00e1 en el coliseo al aire libre los temas de su nuevo disco, &#8216;Los d\u00edas intactos&#8217;, que figura en la lista de los m\u00e1s vendidos desde su lanzamiento. La gira del nuevo disco de Manolo Garc\u00eda, Los d\u00edas intactos, recalar\u00e1 en C\u00f3rdoba el pr\u00f3ximo mes de junio. M\u00e1s concretamente y seg\u00fan la<a class=\"moretag\" href=\"https:\/\/www.manologarciaycia.com\/?p=2458\" title=\"MG: llegar\u00e1 el 22 de junio a la Axerqu\u00eda con su nueva gira\" target=\"_self\" rel=\"follow\"> <font face=arial size=2>[Leer m\u00e1s]<\/font> <\/a><\/p>\n","protected":false},"author":2,"featured_media":0,"comment_status":"closed","ping_status":"closed","sticky":false,"template":"","format":"standard","meta":{"footnotes":""},"categories":[1],"tags":[],"class_list":["post-2458","post","type-post","status-publish","format-standard","hentry","category-manolo-garcia"],"_links":{"self":[{"href":"https:\/\/www.manologarciaycia.com\/index.php?rest_route=\/wp\/v2\/posts\/2458","targetHints":{"allow":["GET"]}}],"collection":[{"href":"https:\/\/www.manologarciaycia.com\/index.php?rest_route=\/wp\/v2\/posts"}],"about":[{"href":"https:\/\/www.manologarciaycia.com\/index.php?rest_route=\/wp\/v2\/types\/post"}],"author":[{"embeddable":true,"href":"https:\/\/www.manologarciaycia.com\/index.php?rest_route=\/wp\/v2\/users\/2"}],"replies":[{"embeddable":true,"href":"https:\/\/www.manologarciaycia.com\/index.php?rest_route=%2Fwp%2Fv2%2Fcomments&post=2458"}],"version-history":[{"count":1,"href":"https:\/\/www.manologarciaycia.com\/index.php?rest_route=\/wp\/v2\/posts\/2458\/revisions"}],"predecessor-version":[{"id":2459,"href":"https:\/\/www.manologarciaycia.com\/index.php?rest_route=\/wp\/v2\/posts\/2458\/revisions\/2459"}],"wp:attachment":[{"href":"https:\/\/www.manologarciaycia.com\/index.php?rest_route=%2Fwp%2Fv2%2Fmedia&parent=2458"}],"wp:term":[{"taxonomy":"category","embeddable":true,"href":"https:\/\/www.manologarciaycia.com\/index.php?rest_route=%2Fwp%2Fv2%2Fcategories&post=2458"},{"taxonomy":"post_tag","embeddable":true,"href":"https:\/\/www.manologarciaycia.com\/index.php?rest_route=%2Fwp%2Fv2%2Ftags&post=2458"}],"curies":[{"name":"wp","href":"https:\/\/api.w.org\/{rel}","templated":true}]}}