{"id":2449,"date":"2011-12-23T13:19:43","date_gmt":"2011-12-23T12:19:43","guid":{"rendered":"http:\/\/www.manologarciaycia.com\/?p=2449"},"modified":"2011-12-23T13:27:30","modified_gmt":"2011-12-23T12:27:30","slug":"mg-manolo-garcia-en-el-mati-de-catalunya-radio","status":"publish","type":"post","link":"https:\/\/www.manologarciaycia.com\/?p=2449","title":{"rendered":"MG: Manolo Garc\u00eda en el Mat\u00ed de Catalunya R\u00e0dio"},"content":{"rendered":"<p>Esta ma\u00f1ana, Manolo Garc\u00eda ha actuado en ac\u00fastico en Els Matins de Catalunya R\u00e0dio. Desc\u00e1rte el a\u00fadio: <a href=\"http:\/\/www.megaupload.com\/?d=OACX0XTY\" target=\"_blank\">AQU\u00cd<\/a><br \/>\n<img decoding=\"async\" class=\"aligncenter\" src=\"https:\/\/fbcdn-sphotos-a.akamaihd.net\/hphotos-ak-ash4\/400669_10150554286543083_145453578082_11095984_2077349012_n.jpg\"><\/p>\n","protected":false},"excerpt":{"rendered":"<p>Esta ma\u00f1ana, Manolo Garc\u00eda ha actuado en ac\u00fastico en Els Matins de Catalunya R\u00e0dio. Desc\u00e1rte el a\u00fadio: AQU\u00cd<a class=\"moretag\" href=\"https:\/\/www.manologarciaycia.com\/?p=2449\" title=\"MG: Manolo Garc\u00eda en el Mat\u00ed de Catalunya R\u00e0dio\" target=\"_self\" rel=\"follow\"> <font face=arial size=2>[Leer m\u00e1s]<\/font> <\/a><\/p>\n","protected":false},"author":2,"featured_media":0,"comment_status":"closed","ping_status":"closed","sticky":false,"template":"","format":"standard","meta":{"footnotes":""},"categories":[1],"tags":[],"class_list":["post-2449","post","type-post","status-publish","format-standard","hentry","category-manolo-garcia"],"_links":{"self":[{"href":"https:\/\/www.manologarciaycia.com\/index.php?rest_route=\/wp\/v2\/posts\/2449","targetHints":{"allow":["GET"]}}],"collection":[{"href":"https:\/\/www.manologarciaycia.com\/index.php?rest_route=\/wp\/v2\/posts"}],"about":[{"href":"https:\/\/www.manologarciaycia.com\/index.php?rest_route=\/wp\/v2\/types\/post"}],"author":[{"embeddable":true,"href":"https:\/\/www.manologarciaycia.com\/index.php?rest_route=\/wp\/v2\/users\/2"}],"replies":[{"embeddable":true,"href":"https:\/\/www.manologarciaycia.com\/index.php?rest_route=%2Fwp%2Fv2%2Fcomments&post=2449"}],"version-history":[{"count":3,"href":"https:\/\/www.manologarciaycia.com\/index.php?rest_route=\/wp\/v2\/posts\/2449\/revisions"}],"predecessor-version":[{"id":2452,"href":"https:\/\/www.manologarciaycia.com\/index.php?rest_route=\/wp\/v2\/posts\/2449\/revisions\/2452"}],"wp:attachment":[{"href":"https:\/\/www.manologarciaycia.com\/index.php?rest_route=%2Fwp%2Fv2%2Fmedia&parent=2449"}],"wp:term":[{"taxonomy":"category","embeddable":true,"href":"https:\/\/www.manologarciaycia.com\/index.php?rest_route=%2Fwp%2Fv2%2Fcategories&post=2449"},{"taxonomy":"post_tag","embeddable":true,"href":"https:\/\/www.manologarciaycia.com\/index.php?rest_route=%2Fwp%2Fv2%2Ftags&post=2449"}],"curies":[{"name":"wp","href":"https:\/\/api.w.org\/{rel}","templated":true}]}}