{"id":24418,"date":"2025-06-15T07:52:41","date_gmt":"2025-06-15T05:52:41","guid":{"rendered":"https:\/\/www.manologarciaycia.com\/?p=24418"},"modified":"2025-06-15T07:57:00","modified_gmt":"2025-06-15T05:57:00","slug":"el-ultimo-de-la-fila-sobre-caer-en-las-garras-de-ticketmaster-el-sacrilegio-de-regresar-y-la-verdadera-historia-de-insurreccion","status":"publish","type":"post","link":"https:\/\/www.manologarciaycia.com\/?p=24418","title":{"rendered":"El \u00daltimo de la Fila: sobre caer en las garras de Ticketmaster, el sacrilegio de regresar y la verdadera historia de \u2018Insurrecci\u00f3n\u2019"},"content":{"rendered":"\n<p>\u201cTenemos una actitud un poco irresponsable a\u00fan hoy. La gente nos ve y dice: \u2018Qu\u00e9 les pasa a esos se\u00f1ores\u201d, afirma el d\u00fao, que ampl\u00eda las fechas de su gira de regreso por la alta demanda.<\/p>\n\n\n\n<p>La venta de entradas para la gira de regreso en 2026 de El \u00daltimo de la Fila despu\u00e9s de 28 a\u00f1os de su separaci\u00f3n va como un ca\u00f1\u00f3n. El plan de realizar nueve concierto en estadios\u00a0ya ha aumentado a 12 por la alta demanda.\u00a0El pr\u00f3ximo lunes 16 se ponen a la venta los boletos para el recital de Madrid, donde act\u00faan el 23 de mayo de 2026 en el estadio Metropolitano. Manolo Garc\u00eda (Barcelona, 69 a\u00f1os) y Quimi Portet (Barcelona, 67 a\u00f1os) viven este momento con excitaci\u00f3n, pero tambi\u00e9n luchando contra sus contradicciones. Las exponen en este encuentro realizado en Madrid.<\/p>\n\n\n\n<p><strong>Pregunta.<\/strong>\u00a0En una entrevista de 2016,\u00a0Manolo Garc\u00eda dijo sobre una hipot\u00e9tica reuni\u00f3n de El \u00daltimo de la Fila: \u201cEstuvo muy bien, ah\u00ed queda y no habr\u00e1 vuelta jam\u00e1s, y este jam\u00e1s es serio. Volver ser\u00eda un peque\u00f1o sacrilegio\u201d.<\/p>\n\n\n\n<p><strong>Manolo Garc\u00eda.<\/strong>&nbsp;Es que soy un bocazas [risas]. Pero \u00faltimamente ya dec\u00eda: \u201cEs improbable, pero no imposible\u201d. La idea para m\u00ed era: no vuelvas al lugar donde fuiste feliz. Yo fui muy feliz, y pens\u00e9 ingenuamente que El \u00daltimo iba a durar toda la vida. Pero las cosas se agotan por ley natural. Hicimos cosas muy bonitas juntos. Pero todo termina. Y de ah\u00ed ven\u00eda mi frase de: \u201cNunca jam\u00e1s\u201d. Pero donde dije digo, digo Diego&#8230;<\/p>\n\n\n\n<p><strong>Quimi Portet.<\/strong>\u00a0\u00bfQue por qu\u00e9 volvemos? A m\u00ed el hecho de que nos apetezca ya me parece suficient\u00edsimo. Es que cuando estamos juntos lo pasamos muy bien, como cuando revisamos las 24 canciones para el disco\u00a0<em>Desbarajuste piramidal<\/em>\u00a0(2023); y\u00a0cuando hicimos los conciertos en 2016 de Los R\u00e1pidos y Los Burros\u00a0[anteriores grupos de Garc\u00eda y Portet] en La Riviera y en Razzmatazz fue brutal.<\/p>\n\n\n\n<p><strong>M. G.<\/strong>&nbsp;Si hay risa es que todo tiene sentido.<\/p>\n\n\n\n<p><strong>Q. P.<\/strong>&nbsp;Es que cuando nos vemos recuperamos muy r\u00e1pido las risas. Y profesionalmente tambi\u00e9n. Recuperamos muy r\u00e1pido la posibilidad de componer, de ensayar. As\u00ed que si existe eso, por qu\u00e9 no vamos a hacer unos conciertos m\u00e1s.<\/p>\n\n\n\n<p><strong>P.<\/strong>&nbsp;Apelando a su sinceridad: \u00bfcu\u00e1nto de importante es el dinero en esta gira?<\/p>\n\n\n\n<p><strong>M. G.<\/strong>&nbsp;El dinero nunca nos ha nublado la vista ni la raz\u00f3n. Una vez cubiertas las necesidades b\u00e1sicas, mi aspiraci\u00f3n en la vida no es el dinero, es la libertad y hacer lo que me d\u00e9 la gana y abstraerme del mundanal ruido y de todos los disparates a los que se nos someten a los ciudadanos. Puede parecer que en principio todos los grupos vuelven por dinero\u2026 Pero no es ni de lejos la raz\u00f3n por la que volvemos.<\/p>\n\n\n\n<p><strong>Q. P.<\/strong>&nbsp;Es una pregunta muy dif\u00edcil de responder sin ser ni fr\u00edvolo ni vanidoso. Y tambi\u00e9n dir\u00e9 que es una pregunta capciosa, con perd\u00f3n. Por supuesto que aqu\u00ed hay una operaci\u00f3n profesional importante y una producci\u00f3n grande para llenar estadios. Pero siendo sincero, te dir\u00e9 que no es ning\u00fan caso de necesidad lo que ha generado este proyecto. El proyecto lo ha generado que Manolo y yo coment\u00e1bamos en las sobremesas: \u201cOye, tenemos que hacer unos conciertos\u201d. Eso empieza ah\u00ed, y luego ya entramos en el campo profesional.<\/p>\n\n\n\n<figure class=\"wp-block-image\"><img decoding=\"async\" src=\"https:\/\/imagenes.elpais.com\/resizer\/v2\/2AEGR2ZQXRHN5KZITGELKORNXE.jpg?auth=7d9db9cdef68ab9ef6fd74b5f6e70f606a564eeaace80aa3a4f2a0003db6545e&amp;width=414\" alt=\"Quimi Portet y Manolo Garc\u00eda, fotografiados en noviembre de 1995. \"\/><figcaption class=\"wp-element-caption\">Quimi Portet y Manolo Garc\u00eda, fotografiados en noviembre de 1995.Gorka Lejarcegi<\/figcaption><\/figure>\n\n\n\n<p><strong>P.<\/strong>&nbsp;Ah\u00ed va otra pregunta capcioso&#8230;<\/p>\n\n\n\n[Risas de los dos]&nbsp;<strong>Q. P.<\/strong>&nbsp;Venga, dale.<\/p>\n\n\n\n<p><strong>P.<\/strong>\u00a0Aprovechando el t\u00edtulo de una de sus canciones. \u00bfc\u00f3mo tiene uno\u00a0<em>su<\/em>\u00a0<em>patria en sus zapatos<\/em>\u00a0cuando durante unos meses est\u00e1 en manos de Ticketmaster?<\/p>\n\n\n\n<p><strong>M. G.<\/strong>&nbsp;Las maneras de hacer de todos los oficios han cambiado much\u00edsimo. La tecnolog\u00eda se ha hecho una herramienta indispensable. Creo que era mucho m\u00e1s bonito y m\u00e1s adecuado ir a las tiendas de discos a comprar tu entrada, a esas largas colas de los grandes almacenes donde la gente hac\u00eda amistades, se echaba novia o novio, compart\u00eda su pasi\u00f3n por la banda por la que quer\u00edan comprar la entrada. Pero ha entrado en juego la tecnolog\u00eda y unas empresas que lo hacen m\u00e1s f\u00e1cil\u2026<\/p>\n\n\n\n<p><strong>P.<\/strong>\u00a0Ya, pero aqu\u00ed ocurre que\u00a0Ticketmaster pertenece a la promotora Live Nation\u00a0y sus pr\u00e1cticas han recibido una demanda antimonopolio del Departamento de Justicia de Estados Unidos. Y como bien saben, siempre surgen quejas de los usuarios cuando se ponen a la venta boletos para conciertos masivos: gastos de gesti\u00f3n, precios din\u00e1micos, reventa\u2026<\/p>\n\n\n\n<p><strong>M. G.<\/strong>&nbsp;Perdona, pero t\u00fa c\u00f3mo lo har\u00edas. Es que es imposible. Cuando vas a recintos tan grandes\u2026 Es imposible. No es plato de nuestro gusto, para nada. Y eso lo hemos hablado Quimi y yo.<\/p>\n\n\n\n<p><strong>Q. P.<\/strong>&nbsp;Lo que s\u00ed hemos puesto son precios at\u00edpicos, de 65 a 90 euros, y ah\u00ed es donde podemos llegar nosotros. Y solo son unos pocos conciertos. No estregamos nuestra vida a ellos [Ticketmaster]. Y, adem\u00e1s, este proyecto funciona as\u00ed.<\/p>\n\n\n\n<p><strong>P.<\/strong>&nbsp;Quieren decir que entregan su alma al diablo durante un par de meses.<\/p>\n\n\n\n<p><strong>M. G<\/strong>. El alma queda fuera de esta ecuaci\u00f3n. Aqu\u00ed el damnificado es el aficionado a la m\u00fasica,\u00a0que acude a unas taquillas virtuales donde puede pasar de todo\u00a0y con empresas que no sabes d\u00f3nde est\u00e1n. Aqu\u00ed tienen mucho que decir los gobiernos, los ministerios de Cultura\u2026 Por qu\u00e9 no se regula todo esto. La reventa estaba penada por la ley, pero ahora qu\u00e9 ha pasado. Habr\u00eda que hacer estas preguntas a otras personas. Nosotros solo somos m\u00fasicos, no podemos responder a esto. Yo personalmente no estoy nada de acuerdo con esto, me parece horrible lo de la reventa, que se abuse y que se juegue con el cari\u00f1o que se puede tener por una banda para que alguien pague el triple. Me parece muy feo que haya gente que se enriquezca con estas situaciones. Lo hemos hablado, le hemos dado vueltas\u2026 Pero no podemos hacer nada. Si t\u00fa con conciencia social has puesto de 65 a 90 euros y de repente hay alguien que la compra a 300, lo \u00fanico que puedo hacer es lamentarlo. Yo no quiero que alguien pague 300 euros por ver a El \u00daltimo de la Fila. La vida es cara para todo el mundo. Vivimos en un mundo donde pocas democracias cuidan a la poblaci\u00f3n. Importan las \u00e9lites, las ganancias, la macroeconom\u00eda, el enga\u00f1o. Lo nuestro es una cuesti\u00f3n puntual y tenemos que pasar por el tubo.<\/p>\n\n\n\n<p><strong>Q. P.<\/strong>&nbsp;Es un ecosistema que no es el nuestro. Pero no hay otra forma de plantearse estos conciertos de otra forma. Si no lo hacemos as\u00ed, no hacemos estos conciertos. Es fuerte, pero es as\u00ed.<\/p>\n\n\n\n<p><strong>P.<\/strong>&nbsp;\u00bfCu\u00e1l fue el hecho diferencial de El \u00daltimo de la Fila, por qu\u00e9 fueron especiales?<\/p>\n\n\n\n<p><strong>M. G.<\/strong>\u00a0Ven\u00edamos de una Espa\u00f1a gris y casposa, tras una larga dictadura. Entonces empiezas a tocar la guitarra y te sientes libre y ves un mundo de brillo y placer. Nos metimos en el rock and roll y \u00e9ramos unos peludos que nos sent\u00edamos libres. Nos conocimos y nos dimos cuenta r\u00e1pidamente de que la suma de nuestras energ\u00edas personales y musicales daba un resultado r\u00e1pido. Canciones como\u00a0<em>Sara,\u00a0L\u00e1piz y tinta, Llanto de pasi\u00f3n<\/em>\u2026 Surg\u00edan sin mucho esfuerzo. Era una alegr\u00eda y una fiesta.<\/p>\n\n\n\n<p><strong>Q. P.<\/strong>&nbsp;Era l\u00fadico y con mucho humor. Y todav\u00eda sentimos eso, a pesar de nuestra edad provecta. Tenemos una actitud un poco irresponsable a\u00fan hoy. La gente nos ve y dice: \u201cQu\u00e9 les pasa a esos se\u00f1ores\u201d. El humor es lo que nos une. La seducci\u00f3n se basa en el humor. Hay un punto de recuperar una inmadurez que es fant\u00e1stica, de dejarse de hostias y re\u00edrte de lo que da risa, y de lo que no da risa m\u00e1s todav\u00eda. Eso se traduce en lo profesional en algo altamente creativo y satisfactorio. Porque es creativo, pero no duele.<\/p>\n\n\n\n<figure class=\"wp-block-image\"><img decoding=\"async\" src=\"https:\/\/imagenes.elpais.com\/resizer\/v2\/2K6IJW3UFVEATE5FVCD65IPQ2I.jpg?auth=e82a26d4c33cf5d8845297da4acfdc3a3c9442fcd1ffcffdee60e2d4f5e810dd&amp;width=414\" alt=\"Quimi Portet (en el \u00e1ngulo inferior) y Manolo Garc\u00eda en un concierto de El \u00faltimo de la Fila en Madrid, en 1989. \"\/><figcaption class=\"wp-element-caption\">Quimi Portet (en el \u00e1ngulo inferior) y Manolo Garc\u00eda en un concierto de El \u00faltimo de la Fila en Madrid, en 1989.<\/figcaption><\/figure>\n\n\n\n<p><strong>P.<\/strong>&nbsp;Qu\u00e9 ocurre cuando disienten.<\/p>\n\n\n\n<p><strong>Q. P.<\/strong>&nbsp;Tenemos muy pocos momentos de disentimiento, porque el que lo tiene claro lo dice tan vehementemente que el otro ya entiende que no es un di\u00e1logo, que es una orden. Y eso es un placer. Eso no se da en muchos colectivos y menos en el mundo de la m\u00fasica.<\/p>\n\n\n\n<p><strong>P.<\/strong>&nbsp;En los noventa, Quimi Portet dijo una frase que me gustar\u00eda saber si le parece que sigue vigente: \u201cEspa\u00f1a es un pa\u00eds de pintores, no de m\u00fasicos\u201d.<\/p>\n\n\n\n<p><strong>Q. P.<\/strong>&nbsp;Es cierto, s\u00ed. Italia es un pa\u00eds de m\u00fasicos. La m\u00fasica popular actual la inventaron los italianos. Claro que Italia tambi\u00e9n anda bien de pintores. A los italianos los vamos a dejar aparte, porque hasta nos quitan las novias [risas]. Pero Espa\u00f1a es un pa\u00eds de pintores, no de m\u00fasicos. Hay m\u00fasicos excelentes, pero no es un territorio con una tradici\u00f3n de m\u00fasica popular contempor\u00e1nea brillante como puede ser Inglaterra, Italia o Estados Unidos.<\/p>\n\n\n\n<p><strong>P.<\/strong>&nbsp;C\u00f3mo surgi\u00f3 la f\u00f3rmula El \u00daltimo de la Fila, con esa combinaci\u00f3n tan original de pop de tradici\u00f3n inglesa, la voz aflamencada, los ritmos \u00e1rabes\u2026<\/p>\n\n\n\n<p><strong>Q. P.<\/strong>\u00a0Manolo tuvo mucho contacto con la tradici\u00f3n espa\u00f1ola, con Joselito,\u00a0Bambino, Juanito Valderrama\u2026 Yo desconoc\u00eda ese mundo. Mi madre era una<em>\u00a0snob<\/em>\u00a0y para m\u00ed la m\u00fasica popular catalana era Otis Redding, Sam and Dave\u2026 Yo ten\u00eda seis a\u00f1os y no era consciente de que aquello era extranjero. Era m\u00fasica que sonaba todo el d\u00eda en casa. No entend\u00eda las letras, pero me hac\u00edan algo fant\u00e1stico en la mente y en el cuerpo. La simple elecci\u00f3n de vocales y\u00a0consonantes y acentos de Otis Redding\u00a0me dec\u00edan cosas, como que la vida iba a ser algo fant\u00e1stico y que iba a dar besos con lengua a muchas chicas. En la medida en que nuestros grupos iban fracasando [Los R\u00e1pidos, Los Burros] y los m\u00fasicos nos abandonaban nos compramos un magnetof\u00f3n y comenzamos a grabar como d\u00fao. Y en el momento en que nos quedamos nosotros dos aparece un campo inmenso de nieve sin pisar donde meter las pezu\u00f1as a nuestro placer. \u00bfAntonio Molina\u00a0al ritmo tribal de Can?\u00a0Pues perfecto. Ah\u00ed apareci\u00f3 una exploraci\u00f3n de nuestras inquietudes musicales, sumadas a la risa, al humor y al profundo respeto que nos profesamos, y sali\u00f3 una cosa curiosa:\u00a0sali\u00f3\u00a0<em>Dulces sue\u00f1os,\u00a0Lejos de las leyes de los hombres\u2026<\/em>\u00a0Que tienen todo:<em>\u00a0krautrock,<\/em>\u00a0pop, cosas morunas\u2026<\/p>\n\n\n\n<p><strong>P.<\/strong>\u00a0\u00bfC\u00f3mo se puede escribir algo como\u00a0\u201cd\u00f3nde estabas entonces cuando tanto te necesit\u00e9\u201d [parte de la letra de su cl\u00e1sico<em>\u00a0Insurrecci\u00f3n]<\/em>\u00a0en un cuarto de ba\u00f1o?<\/p>\n\n\n\n<p><strong>M. G.<\/strong>&nbsp;Por la emergencia. La prontitud viene de la necesidad. Una pared de dos metros yo no la salto ni loco; ahora, si me persigue un toro salto tres metros. Es que nos quedaba una hora de estudio. Quimi estaba en la mesa de sonido, con el bajo, con la guitarra, y yo sum\u00e9 el minutaje de lo que ten\u00edamos [para su segundo disco,<em>&nbsp;Enemigos de lo ajeno<\/em>&nbsp;-1986-, con el que comenz\u00f3 su \u00e9xito popular] y dije: \u201cQuimi, el disco es muy corto, nos falta una canci\u00f3n\u201d. Y Quimi: \u201cC\u00f3mo, no jodas. Qu\u00e9 hacemos ahora\u201d. Nos echaban del estudio, que era uno muy peque\u00f1o en Madrid. Era todo muy precario en esa \u00e9poca y \u00e9ramos unos&nbsp;<em>pringaos.<\/em>&nbsp;Entonces me acord\u00e9: \u201cQuimi, tu ten\u00edas un&nbsp;<em>riff<\/em>&nbsp;muy bonito de guitarra que un d\u00eda me tocaste en una habitaci\u00f3n de hotel de Murcia\u201d. Quimi empez\u00f3 a tocarlo y sonaba muy guapo. As\u00ed que me encerr\u00e9 en el ba\u00f1o a escribir la letra, para estar solo y concentrarme. Y surgi\u00f3&nbsp;<em>Insurrecci\u00f3n.<\/em><\/p>\n\n\n\n<figure class=\"wp-block-image\"><img decoding=\"async\" src=\"https:\/\/imagenes.elpais.com\/resizer\/v2\/75C2WTLKGJJTZ4P2C5JBAC5JGE.jpg?auth=b861c34cff89ed828b51f9cdd9534f325bccc8afed5428bbc9a1cb1e536684b6&amp;width=414\" alt=\"Portada del segundo disco de El \u00daltimo de la Fila, 'Enemigos de lo ajeno' (1986), donde se incluyen 'Insurrecci\u00f3n', 'Aviones plateados' o 'Mi patria en mis zapatos'.  \"\/><figcaption class=\"wp-element-caption\">Portada del segundo disco de El \u00daltimo de la Fila, &#8216;Enemigos de lo ajeno&#8217; (1986), donde se incluyen &#8216;Insurrecci\u00f3n&#8217;, &#8216;Aviones plateados&#8217; o &#8216;Mi patria en mis zapatos&#8217;.<\/figcaption><\/figure>\n\n\n\n<p><strong>P.<\/strong>&nbsp;De una vez por todas, \u00bfde qu\u00e9 trata la letra de&nbsp;<em>Insurrecci\u00f3n?<\/em>&nbsp;Porque existen varias teor\u00edas: una de ellas dice que fue una reprimenda a su compa\u00f1\u00eda de discos, ya que no les daban apenas presupuesto para grabar.<\/p>\n\n\n\n<p><strong>M. G.<\/strong>&nbsp;Hist\u00f3ricamente las compa\u00f1\u00edas siempre han ido a lo suyo y los enfrentamientos con los artistas eran abundantes. La letra trata de eso, s\u00ed.<\/p>\n\n\n\n<p><strong>Q. P.<\/strong>&nbsp;Es una canci\u00f3n muy bonita porque es muy simple. No llega a los tres minutos, como antiguamente era la m\u00fasica pop. Lo dice todo en muy poco tiempo. Solo tiene dos partes. Los acordes son de primero de guitarra; bueno no: de preparatorio de primaria. Son f\u00e1ciles, simples, elegantes (con perd\u00f3n). De repente algo muy simple tiene una capacidad de evocaci\u00f3n y de emoci\u00f3n incre\u00edbles. Y en esa canci\u00f3n se da eso. Pero es algo intangible, porque si no, nos pasar\u00edamos la vida componiendo canciones de dos minutos en Do mayor y el Fa.<\/p>\n\n\n\n<figure class=\"wp-block-image\"><img decoding=\"async\" src=\"https:\/\/imagenes.elpais.com\/resizer\/v2\/U3Z2ZO4YYJHIRJRC4UDC2CZPDI.jpg?auth=720976cd47536a88826a33e21726736531d331b79e627f27e9df77b004d0f830&amp;width=414\" alt=\"Concierto de El \u00daltimo de la Fila en noviembre de 1995.\"\/><figcaption class=\"wp-element-caption\">Concierto de El \u00daltimo de la Fila en noviembre de 1995.<\/figcaption><\/figure>\n\n\n\n<p><strong>P.<\/strong>&nbsp;\u00bfHa cambiado el mundo de la m\u00fasica a peor o a mejor?<\/p>\n\n\n\n<p><strong>M. G<\/strong>. En general, la propuesta ahora es mucho m\u00e1s fr\u00edvola, m\u00e1s l\u00fadicamente hueca, salvo honrosas excepciones. Claro que hay autores que tienen una propuesta reivindicativa, participativa, de reflexi\u00f3n, de empuje. Pero en general la industria ha derivado hacia el consumo r\u00e1pido, de usar y tirar. Y el consumo de la poblaci\u00f3n igual, porque hay mucha diversificaci\u00f3n del consumo de ocio y todo es\u00a0<em>panpan<\/em>\u00a0[mueve la mano indicando rapidez]. Y no digamos ya llevar millones de canciones en el m\u00f3vil. Ya no existe ese amor a un disco, a\u00a0un<em>\u00a0Rumours<\/em>\u00a0[\u00e1lbum de Fleetwood Mac]\u00a0o un\u00a0<em>Hotel California\u00a0<\/em>[de The Eagles], o un disco de Aute o de Serrat. Esa posibilidad la han alejado de nosotros, porque parece ser que piensan que no es interesante, que lo interesante es que la gente est\u00e9 atontolinada. Creo que ha ido a peor. Hay cosas buenas, pero\u2026 Se ve, por ejemplo, cuando vuelve Oasis y hay ese furor. Eso es porque la gente quiere canciones, quiere pasi\u00f3n, quiere coraz\u00f3n\u2026 No quiere vacuidad: lo que importa es que tengas m\u00f3vil, redes, y que est\u00e9n todos atontolinados con los TikTok y las chorradas. La gente est\u00e1 harta de los v\u00eddeos de gatitos, la gente necesita vida real, porque es lo \u00fanico que tenemos. Lo otro que se lo metan por el orto, como dicen en Argentina.<\/p>\n\n\n\n<p><strong>Q. P.<\/strong>&nbsp;Yo creo que en la m\u00fasica popular cada generaci\u00f3n intenta ser lo m\u00e1s irritadora posible con la anterior. O sea, el rock era altamente irritante para los padres de los peludos. Pero despu\u00e9s llegaron los de la&nbsp;<em>new wave<\/em>&nbsp;con los sintetizadores e irritaban much\u00edsimo a los rockeros\u2026 Hay que aceptar que somos ahora de una edad altamente irritable.<\/p>\n\n\n\n<p><strong>M. G.&nbsp;<\/strong>Pues f\u00edjate que en todo eso que est\u00e1s diciendo hay un componente com\u00fan a todos esas corrientes y es la reivindicaci\u00f3n, la lucha, el oponerte al sistema pol\u00edtico. Y ahora est\u00e1 bastante anulado, aplacado. Esa es la diferencia con los tiempos pasados.<\/p>\n\n\n\n<p>Fuente: El Pais &#8211; <a href=\"https:\/\/elpais.com\/cultura\/2025-06-15\/el-ultimo-de-la-fila-sobre-caer-en-las-garras-de-ticketmaster-el-sacrilegio-de-regresar-y-la-verdadera-historia-de-insurreccion.html\">El \u00daltimo de la Fila: sobre caer en las garras de Ticketmaster, el sacrilegio de regresar y la verdadera historia de \u2018Insurrecci\u00f3n\u2019 | Cultura | EL PA\u00cdS<\/a><\/p>\n","protected":false},"excerpt":{"rendered":"<p>\u201cTenemos una actitud un poco irresponsable a\u00fan hoy. La gente nos ve y dice: \u2018Qu\u00e9 les pasa a esos se\u00f1ores\u201d, afirma el d\u00fao, que ampl\u00eda las fechas de su gira de regreso por la alta demanda. La venta de entradas para la gira de regreso en 2026 de El \u00daltimo de la Fila despu\u00e9s de<a class=\"moretag\" href=\"https:\/\/www.manologarciaycia.com\/?p=24418\" title=\"El \u00daltimo de la Fila: sobre caer en las garras de Ticketmaster, el sacrilegio de regresar y la verdadera historia de \u2018Insurrecci\u00f3n\u2019\" target=\"_self\" rel=\"follow\"> <font face=arial size=2>[Leer m\u00e1s]<\/font> <\/a><\/p>\n","protected":false},"author":2,"featured_media":24423,"comment_status":"closed","ping_status":"closed","sticky":false,"template":"","format":"standard","meta":{"footnotes":""},"categories":[1],"tags":[],"class_list":["post-24418","post","type-post","status-publish","format-standard","has-post-thumbnail","hentry","category-manolo-garcia"],"_links":{"self":[{"href":"https:\/\/www.manologarciaycia.com\/index.php?rest_route=\/wp\/v2\/posts\/24418","targetHints":{"allow":["GET"]}}],"collection":[{"href":"https:\/\/www.manologarciaycia.com\/index.php?rest_route=\/wp\/v2\/posts"}],"about":[{"href":"https:\/\/www.manologarciaycia.com\/index.php?rest_route=\/wp\/v2\/types\/post"}],"author":[{"embeddable":true,"href":"https:\/\/www.manologarciaycia.com\/index.php?rest_route=\/wp\/v2\/users\/2"}],"replies":[{"embeddable":true,"href":"https:\/\/www.manologarciaycia.com\/index.php?rest_route=%2Fwp%2Fv2%2Fcomments&post=24418"}],"version-history":[{"count":2,"href":"https:\/\/www.manologarciaycia.com\/index.php?rest_route=\/wp\/v2\/posts\/24418\/revisions"}],"predecessor-version":[{"id":24424,"href":"https:\/\/www.manologarciaycia.com\/index.php?rest_route=\/wp\/v2\/posts\/24418\/revisions\/24424"}],"wp:featuredmedia":[{"embeddable":true,"href":"https:\/\/www.manologarciaycia.com\/index.php?rest_route=\/wp\/v2\/media\/24423"}],"wp:attachment":[{"href":"https:\/\/www.manologarciaycia.com\/index.php?rest_route=%2Fwp%2Fv2%2Fmedia&parent=24418"}],"wp:term":[{"taxonomy":"category","embeddable":true,"href":"https:\/\/www.manologarciaycia.com\/index.php?rest_route=%2Fwp%2Fv2%2Fcategories&post=24418"},{"taxonomy":"post_tag","embeddable":true,"href":"https:\/\/www.manologarciaycia.com\/index.php?rest_route=%2Fwp%2Fv2%2Ftags&post=24418"}],"curies":[{"name":"wp","href":"https:\/\/api.w.org\/{rel}","templated":true}]}}