{"id":24412,"date":"2025-06-12T16:31:49","date_gmt":"2025-06-12T14:31:49","guid":{"rendered":"https:\/\/www.manologarciaycia.com\/?p=24412"},"modified":"2025-06-12T16:31:51","modified_gmt":"2025-06-12T14:31:51","slug":"los-5-regresos-mas-esperados-de-la-musica-de-oasis-a-el-ultimo-de-la-fila","status":"publish","type":"post","link":"https:\/\/www.manologarciaycia.com\/?p=24412","title":{"rendered":"Los 5 regresos m\u00e1s esperados de la m\u00fasica: De Oasis a El \u00faltimo de la fila"},"content":{"rendered":"\n<p>2025 se est\u00e1 convirtiendo en un a\u00f1o clave para los grandes nombres del rock. \u00bfSer\u00e1 la \u00faltima vez que los veamos sobre un escenario?<\/p>\n\n\n\n<p>El \u00daltimo de la Fila: 28 a\u00f1os despu\u00e9s<\/p>\n\n\n\n<p>Uno de los regresos m\u00e1s inesperados del a\u00f1o ha sido el de El \u00daltimo de la Fila. Manolo Garc\u00eda y Quimi Portet han vuelto a subirse juntos al escenario tras casi tres d\u00e9cadas. Una noticia que ha emocionado a toda una generaci\u00f3n que so\u00f1aba con volver a escuchar Insurrecci\u00f3n en directo.<\/p>\n\n\n\n<p>La gira est\u00e1 siendo un fen\u00f3meno absoluto, con entradas agotadas en minutos y una respuesta entusiasta de fans de todas las edades. Adem\u00e1s, la banda ha prometido grabar nuevas versiones de algunos cl\u00e1sicos e incluso podr\u00eda haber temas in\u00e9ditos en camino. La magia sigue viva.<\/p>\n\n\n\n<p>Fuente: Los 40 &#8211; <a href=\"https:\/\/los40.com\/2025\/06\/11\/los-5-regresos-mas-esperados-de-la-musica-de-oasis-a-el-ultimo-de-la-fila\">https:\/\/los40.com\/2025\/06\/11\/los-5-regresos-mas-esperados-de-la-musica-de-oasis-a-el-ultimo-de-la-fila<\/a><\/p>\n","protected":false},"excerpt":{"rendered":"<p>2025 se est\u00e1 convirtiendo en un a\u00f1o clave para los grandes nombres del rock. \u00bfSer\u00e1 la \u00faltima vez que los veamos sobre un escenario? El \u00daltimo de la Fila: 28 a\u00f1os despu\u00e9s Uno de los regresos m\u00e1s inesperados del a\u00f1o ha sido el de El \u00daltimo de la Fila. Manolo Garc\u00eda y Quimi Portet han<a class=\"moretag\" href=\"https:\/\/www.manologarciaycia.com\/?p=24412\" title=\"Los 5 regresos m\u00e1s esperados de la m\u00fasica: De Oasis a El \u00faltimo de la fila\" target=\"_self\" rel=\"follow\"> <font face=arial size=2>[Leer m\u00e1s]<\/font> <\/a><\/p>\n","protected":false},"author":2,"featured_media":24413,"comment_status":"closed","ping_status":"closed","sticky":false,"template":"","format":"standard","meta":{"footnotes":""},"categories":[1],"tags":[],"class_list":["post-24412","post","type-post","status-publish","format-standard","has-post-thumbnail","hentry","category-manolo-garcia"],"_links":{"self":[{"href":"https:\/\/www.manologarciaycia.com\/index.php?rest_route=\/wp\/v2\/posts\/24412","targetHints":{"allow":["GET"]}}],"collection":[{"href":"https:\/\/www.manologarciaycia.com\/index.php?rest_route=\/wp\/v2\/posts"}],"about":[{"href":"https:\/\/www.manologarciaycia.com\/index.php?rest_route=\/wp\/v2\/types\/post"}],"author":[{"embeddable":true,"href":"https:\/\/www.manologarciaycia.com\/index.php?rest_route=\/wp\/v2\/users\/2"}],"replies":[{"embeddable":true,"href":"https:\/\/www.manologarciaycia.com\/index.php?rest_route=%2Fwp%2Fv2%2Fcomments&post=24412"}],"version-history":[{"count":1,"href":"https:\/\/www.manologarciaycia.com\/index.php?rest_route=\/wp\/v2\/posts\/24412\/revisions"}],"predecessor-version":[{"id":24414,"href":"https:\/\/www.manologarciaycia.com\/index.php?rest_route=\/wp\/v2\/posts\/24412\/revisions\/24414"}],"wp:featuredmedia":[{"embeddable":true,"href":"https:\/\/www.manologarciaycia.com\/index.php?rest_route=\/wp\/v2\/media\/24413"}],"wp:attachment":[{"href":"https:\/\/www.manologarciaycia.com\/index.php?rest_route=%2Fwp%2Fv2%2Fmedia&parent=24412"}],"wp:term":[{"taxonomy":"category","embeddable":true,"href":"https:\/\/www.manologarciaycia.com\/index.php?rest_route=%2Fwp%2Fv2%2Fcategories&post=24412"},{"taxonomy":"post_tag","embeddable":true,"href":"https:\/\/www.manologarciaycia.com\/index.php?rest_route=%2Fwp%2Fv2%2Ftags&post=24412"}],"curies":[{"name":"wp","href":"https:\/\/api.w.org\/{rel}","templated":true}]}}