{"id":24408,"date":"2025-06-06T12:55:10","date_gmt":"2025-06-06T10:55:10","guid":{"rendered":"https:\/\/www.manologarciaycia.com\/?p=24408"},"modified":"2025-06-06T12:55:12","modified_gmt":"2025-06-06T10:55:12","slug":"la-musica-que-enamoro-a-nuestros-padres-y-los-hijos-que-todavia-no-existimos","status":"publish","type":"post","link":"https:\/\/www.manologarciaycia.com\/?p=24408","title":{"rendered":"La m\u00fasica que enamor\u00f3 a nuestros padres y los hijos que todav\u00eda no existimos"},"content":{"rendered":"\n<p>Reflexiones sobre un encuentro espacio-temporal entre los boomers y sus hijos comprando entradas para El \u00daltimo de la Fila.<\/p>\n\n\n\n<p>Cuando mi padre descubri\u00f3 que pretend\u00eda comprarme entradas para el regreso de\u00a0<strong>Oasis<\/strong>, fue bastante tajante:\u00a0<strong>\u201c\u00a1Pero si son unos gilipollas!\u201d<\/strong>, dec\u00eda. Y es verdad. Lo son. Encima, \u00e9l siempre me hab\u00eda empujado hacia el lado bueno de la historia: el de Blur. Y es que Jordi Codina\u00a0<strong>nunca ha sido un hombre de fen\u00f3menos fan<\/strong>. Nunca le ha salido de la boca un \u201cpagar\u00eda lo que hiciera falta\u201d. Pero el d\u00eda del apag\u00f3n, cuando Ustrell anunci\u00f3 por la radio que volv\u00eda El \u00daltimo de la Fila, a mi padre se le despert\u00f3 algo.<\/p>\n\n\n\n<blockquote class=\"wp-block-quote is-layout-flow wp-block-quote-is-layout-flow\">\n<p>El d\u00eda del apag\u00f3n, cuando Ustrell anunci\u00f3 por la radio que volv\u00eda El \u00daltimo de la Fila, a mi padre se le despert\u00f3 algo<\/p>\n<\/blockquote>\n\n\n\n<p>Dir\u00eda que, pese a la aversi\u00f3n \u2014totalmente justificada\u2014 que tiene hacia los hermanos Gallagher, acab\u00f3 agradeciendo que hiciera aquella cola eterna para verlos. Sin \u00e9xito, ya que estamos. Porque esta vez,&nbsp;<strong>ahora que ten\u00eda que conseguir cuatro entradas para el regreso de su grupo de juventud, yo estaba preparada<\/strong>. Una hora antes del inicio de la venta me hab\u00eda registrado, me hab\u00eda tomado el caf\u00e9 con leche y, con la p\u00e1gina web abierta, escuchaba&nbsp;<strong><em>Como un burro amarrado en la puerta del baile<\/em><\/strong>. Ya se sabe que escuchar al grupo trae suerte. Entr\u00e9 la tercera (he de decir que estoy muy orgullosa de esta victoria; la he contado infinidad de veces esta semana) en la cola virtual. Con la memoria muscular de quien lo ha hecho decenas de veces, solt\u00e9 el pastizal como un lince.&nbsp;<strong>Recibido el correo de confirmaci\u00f3n, escrib\u00ed a casa para comunicar la victoria<\/strong>.<\/p>\n\n\n\n<blockquote class=\"wp-block-quote is-layout-flow wp-block-quote-is-layout-flow\">\n<p>En una especie de v\u00f3rtice espacio-temporal, se un\u00edan los dos mundos: la generaci\u00f3n de las webs de reventa, los hashtags y los algoritmos de Spotify compart\u00eda cola con la de los casetes, las entradas en papel y las c\u00e1maras anal\u00f3gicas<\/p>\n<\/blockquote>\n\n\n\n<p>Tuvimos suerte. Escasos minutos despu\u00e9s, X ya estaba lleno de hijos, todos m\u00e1s o menos de mi edad, peleando con los desgraciados de Ticketmaster y a decenas de miles de puestos de conseguir las entradas. En una especie de v\u00f3rtice espacio-temporal, se un\u00edan los dos mundos: la generaci\u00f3n de las webs de reventa, los hashtags y los algoritmos de Spotify compart\u00eda cola con la de los casetes, las entradas en papel y las c\u00e1maras anal\u00f3gicas.&nbsp;<strong>Todos tecleando con un \u00fanico objetivo: que sus padres, solo por unas horas, vuelvan a ser j\u00f3venes<\/strong>.<\/p>\n\n\n\n<figure class=\"wp-block-image\"><img decoding=\"async\" src=\"https:\/\/www.elnacional.cat\/uploads\/s1\/43\/80\/44\/52\/el-ultimo-de-la-fila-bio_15_630x420.jpeg\" alt=\"el ultimo de la fila bio\" title=\"el ultimo de la fila bio\"\/><figcaption class=\"wp-element-caption\">El \u00daltimo de la Fila<\/figcaption><\/figure>\n\n\n\n<h2 class=\"wp-block-heading\">El sue\u00f1o febril de la hoja en blanco<\/h2>\n\n\n\n<p><strong>El \u00daltimo de la Fila transporta a mi padre y a mi madre a unos tiempos donde las posibilidades eran infinitas<\/strong>. A la hoja en blanco vital que ahora nos toca escribir, poco a poco, a la generaci\u00f3n de sus hijos. Manolo Garc\u00eda y Quimi Portet, adem\u00e1s de tener un grupo de m\u00fasica, tambi\u00e9n son la ruta nocturna por los bares de la comarca, los primeros trabajos, independizarse y, por qu\u00e9 no, enamorarse por \u00faltima vez y fumar como carreteros en interiores. Qu\u00e9 tiempos debieron ser, los ochenta.<\/p>\n\n\n\n<blockquote class=\"wp-block-quote is-layout-flow wp-block-quote-is-layout-flow\">\n<p>Manolo Garc\u00eda y Quimi Portet, adem\u00e1s de tener un grupo de m\u00fasica, tambi\u00e9n son la ruta nocturna por los bares de la comarca, los primeros trabajos, independizarse y, por qu\u00e9 no, enamorarse por \u00faltima vez y fumar como carreteros en interiores<\/p>\n<\/blockquote>\n\n\n\n<p>Pero va m\u00e1s all\u00e1 de eso.&nbsp;<strong>Hay algo en la voz de Manolo Garc\u00eda que, por s\u00ed misma, invita a la nostalgia<\/strong>. Cierta \u00e9pica, incluso. Lo que los hace transgeneracionales es esa manera de combinar la iron\u00eda y el juego de ser joven; la broma, con una aceptaci\u00f3n calmada de c\u00f3mo funciona realmente el mundo. Sin resentimientos. En sus letras se cuela un \u201cyo\u201d que es una min\u00fascula brizna dentro de un todo enorme que, precisamente por ser inabarcable, deja de tener importancia.<\/p>\n\n\n\n<blockquote class=\"wp-block-quote is-layout-flow wp-block-quote-is-layout-flow\">\n<p>En sus letras se cuela un \u201cyo\u201d que es una min\u00fascula brizna dentro de un todo enorme que, precisamente por ser inabarcable, deja de tener importancia<\/p>\n<\/blockquote>\n\n\n\n<p><strong>El rastro de El \u00daltimo de la Fila ha seguido acompa\u00f1ando a mi familia a lo largo de los a\u00f1os<\/strong>. Ya sea porque Quimi Portet, vigatano ilustre, es cliente habitual del Jazz Cava, o porque en alg\u00fan momento de nuestra infancia nos grabaron un disco pirata de Los Burros. Probablemente, ning\u00fan ni\u00f1o del siglo XXI ha cantado tan fuerte&nbsp;<em>Jam\u00f3n de mono<\/em>&nbsp;como mi hermano de siete a\u00f1os en el coche. Y seguramente ning\u00fan padre lo ha contado a sus amigos con tanto orgullo como lo ha hecho el m\u00edo. Es imposible saber qui\u00e9n nos dar\u00e1 eso, a nosotros. Primero, porque las audiencias est\u00e1n tan absolutamente fragmentadas que me estremece escuchar las palabras \u201cla voz de una generaci\u00f3n\u201d, sea en m\u00fasica o en literatura.&nbsp;<strong>Durante mucho tiempo, la cultura de bandas se ha ido diluyendo en favor de un c\u00famulo de estrellas del pop ultra personalistas<\/strong>, de quienes conocemos la vida y las intenciones de memoria. Todo ello pasado, claro, por un filtro de blanqueamiento. Despu\u00e9s, porque \u2014lo dijo el propio Liam Gallagher\u2014 ahora los rockstars tienen que cuidarse. L\u00e9ase: alguno de ellos descubri\u00f3, un martes cualquiera, que la hero\u00edna es terrible para el cuerpo humano y que los m\u00e9dicos no ment\u00edan cuando dec\u00edan que el alcohol es, efectivamente, un depresor. Probablemente ning\u00fan m\u00fasico lo cumple al pie de la letra. Pero el peligro de reivindicarlo y no resultar atractivo para todos los p\u00fablicos es evidente.<\/p>\n\n\n\n<blockquote class=\"wp-block-quote is-layout-flow wp-block-quote-is-layout-flow\">\n<p>Todos ellos se encontrar\u00e1n con una Barcelona cambiada, una capital que ya no es la suya. Aunque se animen y, tras el concierto, se asomen al Ceferino, que a\u00fan resiste, la noche la pasar\u00e1n en alg\u00fan hotel \u201cbien\u201d del Eixample<\/p>\n<\/blockquote>\n\n\n\n<p>No s\u00e9 si mis hijos crecer\u00e1n escuchando las melod\u00edas de\u00a0<strong>La \u00c9lite<\/strong>\u00a0o de\u00a0<strong>Fontaines D.C<\/strong>. y observar\u00e1n c\u00f3mo sus padres desaparecen del mundo un rato. S\u00ed\u00a0<strong>me har\u00eda cierta gracia que, de pronto, esos hijos hipot\u00e9ticos se apuntasen a pelearse virtualmente por las entradas del retorno estelar de un decr\u00e9pito Bad Bunny<\/strong>. Y me imagino que la generaci\u00f3n del proc\u00e9s podr\u00e1 escuchar a Manel como los j\u00f3venes de los ochenta pueden escuchar hoy a este d\u00fao. Lo decidir\u00e1 el tiempo. La cuesti\u00f3n es que mi madre y mi padre tienen entradas. Ir\u00e1n con unos amigos de la uni, que ahora ya son amigos de la vida. Tambi\u00e9n ir\u00e1n los vecinos, que se lo dijeron ayer, cenando. Y la compa\u00f1era de trabajo de mi madre, que despu\u00e9s los volver\u00e1 a ver en Sevilla. Todos ellos se encontrar\u00e1n con una Barcelona cambiada, una capital que ya no es la suya. Aunque se animen y, tras el concierto, se asomen al Ceferino, que a\u00fan resiste, la noche la pasar\u00e1n en alg\u00fan hotel \u201cbien\u201d del Eixample. Me llamar\u00e1n para tomar el vermut, para pasar la tarde, porque aunque las fondas donde com\u00edan a\u00fan conserven el nombre, ahora son refugios de turistas. Pero\u00a0<strong>durante esas horas, mientras suenen, mi padre, mi madre y la carretada de boomers que los acompa\u00f1ar\u00e1 en el Estadi Llu\u00eds Companys podr\u00e1n fingir que sus hijos a\u00fan no existimos<\/strong>. Que no hemos nacido. Volver al sue\u00f1o febril de la hoja en blanco.\u00a0<em>Carretera de recuerdos, que el delirio evita en la pasi\u00f3n\u2026<\/em><\/p>\n\n\n\n<p>Fuente: Berta Codina en El Nacional.cat &#8211; <a href=\"https:\/\/www.elnacional.cat\/es\/cultura\/musica-enamoro-nuestros-padres-hijos-todavia-no-existimos_1428343_102.html\">La m\u00fasica que enamor\u00f3 a nuestros padres y los hijos que todav\u00eda no existimos<\/a><\/p>\n","protected":false},"excerpt":{"rendered":"<p>Reflexiones sobre un encuentro espacio-temporal entre los boomers y sus hijos comprando entradas para El \u00daltimo de la Fila. Cuando mi padre descubri\u00f3 que pretend\u00eda comprarme entradas para el regreso de\u00a0Oasis, fue bastante tajante:\u00a0\u201c\u00a1Pero si son unos gilipollas!\u201d, dec\u00eda. Y es verdad. Lo son. Encima, \u00e9l siempre me hab\u00eda empujado hacia el lado bueno de<a class=\"moretag\" href=\"https:\/\/www.manologarciaycia.com\/?p=24408\" title=\"La m\u00fasica que enamor\u00f3 a nuestros padres y los hijos que todav\u00eda no existimos\" target=\"_self\" rel=\"follow\"> <font face=arial size=2>[Leer m\u00e1s]<\/font> <\/a><\/p>\n","protected":false},"author":2,"featured_media":24409,"comment_status":"closed","ping_status":"closed","sticky":false,"template":"","format":"standard","meta":{"footnotes":""},"categories":[1],"tags":[],"class_list":["post-24408","post","type-post","status-publish","format-standard","has-post-thumbnail","hentry","category-manolo-garcia"],"_links":{"self":[{"href":"https:\/\/www.manologarciaycia.com\/index.php?rest_route=\/wp\/v2\/posts\/24408","targetHints":{"allow":["GET"]}}],"collection":[{"href":"https:\/\/www.manologarciaycia.com\/index.php?rest_route=\/wp\/v2\/posts"}],"about":[{"href":"https:\/\/www.manologarciaycia.com\/index.php?rest_route=\/wp\/v2\/types\/post"}],"author":[{"embeddable":true,"href":"https:\/\/www.manologarciaycia.com\/index.php?rest_route=\/wp\/v2\/users\/2"}],"replies":[{"embeddable":true,"href":"https:\/\/www.manologarciaycia.com\/index.php?rest_route=%2Fwp%2Fv2%2Fcomments&post=24408"}],"version-history":[{"count":1,"href":"https:\/\/www.manologarciaycia.com\/index.php?rest_route=\/wp\/v2\/posts\/24408\/revisions"}],"predecessor-version":[{"id":24410,"href":"https:\/\/www.manologarciaycia.com\/index.php?rest_route=\/wp\/v2\/posts\/24408\/revisions\/24410"}],"wp:featuredmedia":[{"embeddable":true,"href":"https:\/\/www.manologarciaycia.com\/index.php?rest_route=\/wp\/v2\/media\/24409"}],"wp:attachment":[{"href":"https:\/\/www.manologarciaycia.com\/index.php?rest_route=%2Fwp%2Fv2%2Fmedia&parent=24408"}],"wp:term":[{"taxonomy":"category","embeddable":true,"href":"https:\/\/www.manologarciaycia.com\/index.php?rest_route=%2Fwp%2Fv2%2Fcategories&post=24408"},{"taxonomy":"post_tag","embeddable":true,"href":"https:\/\/www.manologarciaycia.com\/index.php?rest_route=%2Fwp%2Fv2%2Ftags&post=24408"}],"curies":[{"name":"wp","href":"https:\/\/api.w.org\/{rel}","templated":true}]}}