{"id":24402,"date":"2025-05-30T07:59:44","date_gmt":"2025-05-30T05:59:44","guid":{"rendered":"https:\/\/www.manologarciaycia.com\/?p=24402"},"modified":"2025-05-30T07:59:46","modified_gmt":"2025-05-30T05:59:46","slug":"el-ultimo-de-la-fila-el-mundo-que-vivimos-de-pequenos-nos-proyecto-hacia-el-disparate-que-han-sido-nuestras-vidas","status":"publish","type":"post","link":"https:\/\/www.manologarciaycia.com\/?p=24402","title":{"rendered":"El \u00daltimo de la Fila:\u00a0\u00abEl mundo que vivimos de peque\u00f1os nos proyect\u00f3 hacia el disparate que han sido nuestras vidas\u00bb"},"content":{"rendered":"\n<p>Llegan al Ateneu Barcelon\u00e8s para hablar del&nbsp;<a href=\"https:\/\/es.ara.cat\/cultura\/musica\/ultimo-fila-volvera-dar-conciertos_1_5361058.html\" target=\"_blank\" rel=\"noreferrer noopener\">regreso de El \u00daltimo de la Fila<\/a>. Manolo Garc\u00eda lleva una chaqueta vaquera. Quimi Portet, una americana de entretiempo. \u00abParezco el abogado de Manolo\u00bb, dice el astro intercomarcal con el sentido del humor que salpica tambi\u00e9n la rueda de prensa. \u00abEstamos a su disposici\u00f3n por si tiene alguna pregunta f\u00e1cil que no hemos estudiado\u00bb, pide Portet. \u00abNos merecemos esa alegr\u00eda\u00bb, a\u00f1ade Garc\u00eda. La alegr\u00eda de hacer una gira de nueve conciertos que empezar\u00e1 el 25 de abril de 2026 en Fuengirola y que despu\u00e9s pasar\u00e1 por el Estadio Ol\u00edmpico Llu\u00eds Companys (3 de mayo), Roquetas de Mar (16 de mayo), Madrid (23 de mayo), Barakaldo (30 de mayo), A Coru\u00f1a (7 de junio) el Estadio Ciutat de Val\u00e8ncia (4 de julio). Las entradas, con precios que van de los 71,50 a los 104,50 euros (con los gastos de gesti\u00f3n incluidos), se ponen a la venta este jueves a las 10 h en la web de Ticketmaster.<\/p>\n\n\n\n[Actualizaci\u00f3n. Posteriormente, y tras agotar entradas para las primeras actuaciones, El \u00daltimo de la Fila ha a\u00f1adido tres conciertos m\u00e1s: uno en el Estadio Ol\u00edmpico Llu\u00eds Companys el 7 de mayo, otro en Barakaldo el 5 de junio y otro en Valencia el 9 de julio. Las entradas para estos tres conciertos se ponen a la venta el 30 de mayo a las 10 h]\n\n\n\n<p>Es el regreso de una sociedad art\u00edstica que ha dejado como legado a uno de los cancioneros m\u00e1s importantes de la m\u00fasica en castellano. Por el momento, descartan ensanchar el legado con un disco nuevo, aunque s\u00ed publicar\u00e1n una canci\u00f3n nueva que todav\u00eda est\u00e1 \u00aben fase de sobremesa\u00bb. Ser\u00e1 un regreso con c\u00f3mplices hist\u00f3ricos del d\u00fao: el bater\u00eda \u00c1ngel Celada, el bajista Antonio Fidel, el teclista Juan Carlos Gonz\u00e1lez y los guitarristas Josep Llu\u00eds P\u00e9rez y Pedro Javier Gonz\u00e1lez. Aunque ser\u00e1n conciertos de estadio, Portet y Garc\u00eda tienen claro d\u00f3nde deben poner las cerezas. \u00abNo haremos experimentos. Tocaremos las canciones que han aportado felicidad a la gente ya nosotros mismos\u00bb, dice Portet. \u00abLas canciones har\u00e1n el trabajo\u00bb, concluye Garc\u00eda. Un rato despu\u00e9s, ambos atienden al ARA.<\/p>\n\n\n\n<p>\u00bfQu\u00e9 record\u00e1is de aquellos&nbsp;<a href=\"https:\/\/www.ara.cat\/cultura\/los-que-ultimo-garcia-portet_1_1706493.html\" target=\"_blank\" rel=\"noreferrer noopener\">conciertos de Los Burros y Los R\u00e1pidos en Razzmatazz en 2016<\/a>, \u00bfque con perspectiva se pueden considerar un pr\u00f3logo de la gira de El \u00daltimo de la Fila del 2026?<\/p>\n\n\n\n<p>\u2014&nbsp;<strong>Manolo Garc\u00eda:<\/strong>&nbsp;Fue fant\u00e1stico, como siempre que te encuentras con gente con la que has re\u00eddo. Somos un equipo trabajando para sacar adelante un proyecto m\u00e1gico. \u00bfTenemos un taller para hacer caracoles? No. Tenemos un taller para hacer canciones, tocarlas y es algo que funciona y nos da felicidad. Y ahora haremos lo mismo: con la barba blanca, pero la ilusi\u00f3n es la misma. Cuando estamos un tiempo sin tocar y llega el reencuentro, siempre me ocurre que el primer d\u00eda de ensayos me emociono.<\/p>\n\n\n\n<p>En aquellos conciertos de Razzmatazz gestion\u00f3 muy bien la nostalgia.<\/p>\n\n\n\n<p>\u2014&nbsp;<strong>Quimi Portet:<\/strong>&nbsp;Hab\u00eda mucho de Los R\u00e1pidos, mucho de Los Burros, y al final hab\u00eda unas canciones de El \u00daltimo, pero poquitas.<\/p>\n\n\n\n<p>\u00bfTe da miedo la nostalgia?<\/p>\n\n\n\n<p>\u2014&nbsp;<strong>QP:<\/strong>&nbsp;No. Adem\u00e1s, a partir de cierta edad, la nostalgia es positiva, es creativa. Si eres joven y naufragas en la nostalgia, existe una parte de depresi\u00f3n y de tristeza. Pero a unos tipos que han pasado los 60 a\u00f1os, la nostalgia debe permit\u00edrseles, porque tienen todo el derecho. Hay una cantidad de tiempo detr\u00e1s y una provisionalidad del tiempo delante, digamos. Me parece que como homenaje a haber estado en este planeta mereces utilizar esta nostalgia de forma creativa. La nostalgia es una gasolina para funcionar hacia delante.<\/p>\n\n\n\n<p>Manolo, del repertorio de El \u00daltimo de la Fila, cu\u00e1l es la canci\u00f3n compuesta por Quimi que m\u00e1s te gusta. \u00bfY a ti, Quimi, cu\u00e1l de las que hizo Manolo?<\/p>\n\n\n\n<p>\u2014&nbsp;<strong>MG:<\/strong>&nbsp;<em>No me acostumbro<\/em>.<\/p>\n\n\n\n<p>\u2014&nbsp;<strong>QP:<\/strong>&nbsp;A m\u00ed, de Manolo, me gustan mucho&nbsp;<em>Aviones plateados<\/em>&nbsp;y&nbsp;<em>L\u00e1piz y tinta<\/em>.<\/p>\n\n\n\n<figure class=\"wp-block-embed is-type-rich is-provider-gestor-del-servicio wp-block-embed-gestor-del-servicio wp-embed-aspect-16-9 wp-has-aspect-ratio\"><div class=\"wp-block-embed__wrapper\">\n<iframe loading=\"lazy\" title=\"El \u00daltimo de la Fila - No me acostumbro (1987)\" width=\"615\" height=\"346\" src=\"https:\/\/www.youtube.com\/embed\/TeHhMk_kkSQ?feature=oembed\" frameborder=\"0\" allow=\"accelerometer; autoplay; clipboard-write; encrypted-media; gyroscope; picture-in-picture; web-share\" referrerpolicy=\"strict-origin-when-cross-origin\" allowfullscreen><\/iframe>\n<\/div><\/figure>\n\n\n\n<p><em>No me acostumbro<\/em>&nbsp;\u00bfpor qu\u00e9?<\/p>\n\n\n\n<p>\u2014&nbsp;<strong>MG:<\/strong>&nbsp;A veces Quimi llegaba con alguna canci\u00f3n hecha. No una idea o unos acordes, sino toda la canci\u00f3n: letra, m\u00fasica, melod\u00eda. Normalmente, el cantante inventa melod\u00edas, pero yo encontraba que lo que me llevaba me encantaba. Hay unas cuantas, de esas que llevaba Quimi, como&nbsp;<em>Estimada Milagros<\/em>&nbsp;y&nbsp;<em>No me acostumbro.<\/em>&nbsp;Eso s\u00ed, debe haber una complicidad. Piensa que, aparte de mis letras, yo s\u00f3lo he cantado letras de Quimi.<\/p>\n\n\n\n<p>\u2014&nbsp;<strong>QP:<\/strong>&nbsp;Escribir para otro es muy dif\u00edcil. Tienes que pensar en una intersecci\u00f3n entre los dos mundos, el tuyo y el suyo. Y deben ser cosas que \u00e9l pueda asumir emocionalmente, y m\u00e1s si hablas de las cosas de las que habl\u00e1bamos cuando ten\u00edamos 30 a\u00f1os, que eran cosas muy importantes. Ahora escribimos sobre lo que podemos: yo he llegado a escribir sobre escribir. Pero a los 30, a los 40, a los 45 a\u00f1os escribes sobre cosas muy importantes. Y escribir para otra persona que es tu amigo es relativamente complejo.<\/p>\n\n\n\n<p>Y&nbsp;<em>Aviones plateados<\/em>, \u00bfpor qu\u00e9, Quimi?<\/p>\n\n\n\n<p>\u2014&nbsp;<strong>QP:<\/strong>&nbsp;Me sucede algo maravilloso con muchas canciones que ha escrito Manolo. Pero con \u00e9sta especialmente.&nbsp;<em>Aviones plateados<\/em>&nbsp;me transporta al barrio del Poblenou. Yo digo que soy de Vic para hacer el chulo, pero me cri\u00e9 en el Guinard\u00f3, que podr\u00edamos decir que es el Poblenou de arriba. Hay Poblenou de Mar y Poblenou de Munt. Y me transporta de muchas maneras: con los olores de las f\u00e1bricas, la grasa de los camiones, los bares, todo el mundo con ranas de mec\u00e1nico comiendo paellas econ\u00f3micas, tomando cigalones de Terry y fumando calique\u00f1os y farias hechos en Lleida. Nos transporta a un mundo que compart\u00edamos porque lo hemos vivido. Antes habl\u00e1bamos de nostalgia como fuerza creativa. Tambi\u00e9n existe la filiaci\u00f3n geogr\u00e1fica. Obviamente, somos catalanes, venimos de d\u00f3nde venimos, pero tambi\u00e9n es importante la filiaci\u00f3n geogr\u00e1fica espec\u00edfica a barrios, a funcionamientos de barrios obreros que han desaparecido totalmente, un mundo de una vivacidad incre\u00edble. A las 6 de la ma\u00f1ana hab\u00eda un pollo de camiones, y de caracoles, calique\u00f1os y mezclas de an\u00eds y moscatel.&nbsp;<em>Aviones plateados<\/em>&nbsp;me transporta y Manolo lo hace con la punta del haba. Quiero decir que no lo hace con pedanter\u00eda, sino con naturalidad. Es el mundo que vivimos de peque\u00f1os y que nos proyect\u00f3 hacia el disparate que han sido nuestras vidas, arriba o abajo.<\/p>\n\n\n\n<figure class=\"wp-block-embed is-type-rich is-provider-gestor-del-servicio wp-block-embed-gestor-del-servicio wp-embed-aspect-16-9 wp-has-aspect-ratio\"><div class=\"wp-block-embed__wrapper\">\n<iframe loading=\"lazy\" title=\"El \u00daltimo de la Fila - &quot;Aviones plateados&quot; (1986) HD\" width=\"615\" height=\"346\" src=\"https:\/\/www.youtube.com\/embed\/6-edw4ypGCU?feature=oembed\" frameborder=\"0\" allow=\"accelerometer; autoplay; clipboard-write; encrypted-media; gyroscope; picture-in-picture; web-share\" referrerpolicy=\"strict-origin-when-cross-origin\" allowfullscreen><\/iframe>\n<\/div><\/figure>\n\n\n\n<p>Como p\u00fablico, \u00bfqu\u00e9 es lo mejor y lo peor de un concierto en un estadio?<\/p>\n\n\n\n<p>\u2014&nbsp;<strong>MG:<\/strong>&nbsp;\u00a1Ostras! Por un lado, es importante la fiesta: 40.000 o 50.000 personas juntas disfrutando de canciones, riendo, cantando. Un lugar como \u00e9ste [se\u00f1ala el auditorio del Ateneu Barcelon\u00e8s] seguramente es mejor para dar un concierto, porque suena todo mejor y la propuesta es m\u00e1s sincera, sonoramente hablando, porque no necesita mucho alboroto de luces ni de nada. Puedes poner cuatro lucecitas, pero lo importante son las canciones. Ahora bien, en un estadio tienes una fiesta colectiva en la que lo m\u00e1s importante son las 50.000 personas. Y nosotros lo que hacemos es aportar la gasolina, que son las canciones, para que se lo pasen de puta madre. A m\u00ed me ha pasado, que he ido a un concierto grande y he mirado el escenario, he mirado las pantallas, muy bien, pero cuando he mirado a la gente he pensado: \u00abHostia, qu\u00e9 fuerte\u00bb.<\/p>\n\n\n\n<p>\u2014&nbsp;<strong>QP:<\/strong>&nbsp;Si t\u00e9cnicamente est\u00e1 bien resuelto, todo va bien. Hay una incomodidad, s\u00ed, pero tambi\u00e9n existe el placer de formar parte de una multitud de 50.000 personas unidas por algo concreto, emocional en este caso.<\/p>\n\n\n\n<p>Recuerdo un momento de piel de gallina en un concierto de<a href=\"https:\/\/es.ara.cat\/cultura\/musica\/iron-maiden-honran-historia-heavy_1_4449684.html\" target=\"_blank\" rel=\"noreferrer noopener\">Iron Maiden en el Estadi Ol\u00edmpic, con todo el mundo cantando&nbsp;<\/a><a href=\"https:\/\/es.ara.cat\/cultura\/musica\/iron-maiden-honran-historia-heavy_1_4449684.html\" target=\"_blank\" rel=\"noreferrer noopener\"><em>Run to the hills<\/em><\/a>. En ese momento no era tanto qu\u00e9 pasaba en el escenario como las 50.000 personas cantando juntas.<\/p>\n\n\n\n<p>\u2014&nbsp;<strong>QP:<\/strong>&nbsp;Nosotros vimos a Paul McCartney en Filadelfia hace muchos a\u00f1os, quiz\u00e1s en 1993. Todav\u00eda le recuerdo como el mejor concierto que he visto en mi vida. Era un estadio de b\u00e9isbol de esos americanos. \u00c9ramos los \u00fanicos tipos con pantalones largos de todo el estadio. Flip\u00e9 lo sonadas de guapas las canciones.&nbsp;<em>Hey Jude<\/em>,&nbsp;<em>Michelle<\/em>, todas estas canciones sonaban magn\u00edficamente, incluso las m\u00e1s \u00edntimas. Y las viv\u00edas de una forma fant\u00e1stica. Bien, debes aceptar que las dimensiones son las que son, que el bombo no es pum, sino que es BUM! Y si encima de este BUM hay una voz que es \u00a1UUUUH!, pues ya est\u00e1. O sea, es una cuesti\u00f3n simplemente de proporci\u00f3n.<\/p>\n\n\n\n<p>\u00bfRecuerda el d\u00eda que decidi\u00f3 disolver el grupo?<\/p>\n\n\n\n<p>\u2014&nbsp;<strong>MG:<\/strong>&nbsp;El \u00faltimo concierto fue el 30 de marzo de 1996, pero entonces no hab\u00edamos hablado de ello, que ser\u00eda el \u00faltimo. Normalmente, acab\u00e1bamos la gira y meses despu\u00e9s empez\u00e1bamos a hacer canciones ya pensar en un nuevo disco. Pero notamos que no&#8230; Y tardamos dos a\u00f1os en dar la noticia. En enero de 1998. Todo ello se diluy\u00f3 de forma muy natural. Ten\u00edamos 40 a\u00f1os y era un buen momento para empezar a hacer caminos en solitario. Ten\u00edamos ganas, cada uno de una manera muy limpia, sin ning\u00fan problema m\u00e1s. No hab\u00eda m\u00e1s historia. El tema de los egos y todas esas historias que normalmente pasan a los grupos, de celos y tal, en nuestro caso no ha existido.<\/p>\n\n\n\n<p>\u2014&nbsp;<strong>QP:<\/strong>&nbsp;Si no nos hubi\u00e9ramos disuelto, habr\u00edamos hecho unas vacaciones importantes. Est\u00e1bamos cansados. Tambi\u00e9n terminaba un contrato discogr\u00e1fico. Coincid\u00edan muchas cosas y hab\u00eda fatiga, fatiga.<\/p>\n\n\n\n<p>\u2014&nbsp;<strong>MG:<\/strong>&nbsp;Hab\u00eda una parte de cansancio psicol\u00f3gico, mental y f\u00edsico. Y tampoco quer\u00edamos ser esclavos de nuestra condici\u00f3n de lado muy famoso y muy esperado. \u00ab\u00bfCu\u00e1ndo har\u00e1 una nueva gira, cuando un disco nuevo?\u00bb Quer\u00edamos desligarnos de esta din\u00e1mica.<\/p>\n\n\n\n<p>\u2014&nbsp;<strong>QP:<\/strong>&nbsp;Esto es como haber ido al casino, que todo haya ido bien y entonces vas a la ventanilla a cambiar las fichas y recoger las ganancias. Pero si no vas nunca, en la ventanilla, puedes pasarte toda la vida jugando&#8230; y te mueres dentro del casino sin recoger las fichas. Estas fichas las considero libertad. La libertad de Manolo de hacer de Manolo y de Quimi de hacer de Quimi, siendo amigos, respet\u00e1ndonos much\u00edsimo, colaborando puntualmente&#8230; Pero en alg\u00fan momento tienes que ir a la ventanilla y decir: \u00abEsc\u00facheme, yo tengo estas fichas, vengo a canjearlas\u00bb. He visto casos de gente que ha muerto y no ha pasado por la ventanilla a cambiar las fichas.<\/p>\n\n\n\n<p>\u2014\u00a0<strong>MG:<\/strong>\u00a0El s\u00edmil que ha puesto Quimi es perfecto. La vida nos ha dado esto, que ha estado muy bien, pero tampoco debemos estar aqu\u00ed cogidos, enganchados. Todo debe ser natural, todo natural.<br><br>Fuente: Diari Ara &#8211; Xavier Cervantes &#8211; Foto Pere Tordera &#8211; <a href=\"https:\/\/es.ara.cat\/cultura\/musica\/mundo-vivimos-pequenos-proyecto-disparate-han-sido-vidas_128_5394786.html\">El \u00daltimo de la Fila: \u00abA unos tipos que han pasado los 60 a\u00f1os, la nostalgia se les debe permitir\u00bb<\/a><\/p>\n","protected":false},"excerpt":{"rendered":"<p>Llegan al Ateneu Barcelon\u00e8s para hablar del&nbsp;regreso de El \u00daltimo de la Fila. Manolo Garc\u00eda lleva una chaqueta vaquera. Quimi Portet, una americana de entretiempo. \u00abParezco el abogado de Manolo\u00bb, dice el astro intercomarcal con el sentido del humor que salpica tambi\u00e9n la rueda de prensa. \u00abEstamos a su disposici\u00f3n por si tiene alguna pregunta<a class=\"moretag\" href=\"https:\/\/www.manologarciaycia.com\/?p=24402\" title=\"El \u00daltimo de la Fila:\u00a0\u00abEl mundo que vivimos de peque\u00f1os nos proyect\u00f3 hacia el disparate que han sido nuestras vidas\u00bb\" target=\"_self\" rel=\"follow\"> <font face=arial size=2>[Leer m\u00e1s]<\/font> <\/a><\/p>\n","protected":false},"author":2,"featured_media":24405,"comment_status":"closed","ping_status":"closed","sticky":false,"template":"","format":"standard","meta":{"footnotes":""},"categories":[1],"tags":[],"class_list":["post-24402","post","type-post","status-publish","format-standard","has-post-thumbnail","hentry","category-manolo-garcia"],"_links":{"self":[{"href":"https:\/\/www.manologarciaycia.com\/index.php?rest_route=\/wp\/v2\/posts\/24402","targetHints":{"allow":["GET"]}}],"collection":[{"href":"https:\/\/www.manologarciaycia.com\/index.php?rest_route=\/wp\/v2\/posts"}],"about":[{"href":"https:\/\/www.manologarciaycia.com\/index.php?rest_route=\/wp\/v2\/types\/post"}],"author":[{"embeddable":true,"href":"https:\/\/www.manologarciaycia.com\/index.php?rest_route=\/wp\/v2\/users\/2"}],"replies":[{"embeddable":true,"href":"https:\/\/www.manologarciaycia.com\/index.php?rest_route=%2Fwp%2Fv2%2Fcomments&post=24402"}],"version-history":[{"count":1,"href":"https:\/\/www.manologarciaycia.com\/index.php?rest_route=\/wp\/v2\/posts\/24402\/revisions"}],"predecessor-version":[{"id":24406,"href":"https:\/\/www.manologarciaycia.com\/index.php?rest_route=\/wp\/v2\/posts\/24402\/revisions\/24406"}],"wp:featuredmedia":[{"embeddable":true,"href":"https:\/\/www.manologarciaycia.com\/index.php?rest_route=\/wp\/v2\/media\/24405"}],"wp:attachment":[{"href":"https:\/\/www.manologarciaycia.com\/index.php?rest_route=%2Fwp%2Fv2%2Fmedia&parent=24402"}],"wp:term":[{"taxonomy":"category","embeddable":true,"href":"https:\/\/www.manologarciaycia.com\/index.php?rest_route=%2Fwp%2Fv2%2Fcategories&post=24402"},{"taxonomy":"post_tag","embeddable":true,"href":"https:\/\/www.manologarciaycia.com\/index.php?rest_route=%2Fwp%2Fv2%2Ftags&post=24402"}],"curies":[{"name":"wp","href":"https:\/\/api.w.org\/{rel}","templated":true}]}}