{"id":24393,"date":"2025-05-30T07:24:35","date_gmt":"2025-05-30T05:24:35","guid":{"rendered":"https:\/\/www.manologarciaycia.com\/?p=24393"},"modified":"2025-05-30T07:29:59","modified_gmt":"2025-05-30T05:29:59","slug":"el-ultimo-de-la-fila-saca-otra-fecha-en-el-bec-tras-lograr-el-sold-out-en-90-minutos-tambien-barcelona-y-valencia","status":"publish","type":"post","link":"https:\/\/www.manologarciaycia.com\/?p=24393","title":{"rendered":"El \u00daltimo de la Fila saca otra fecha en el BEC tras lograr el &#8216;sold out&#8217; en 90 minutos. Tambi\u00e9n Barcelona y Valencia"},"content":{"rendered":"\n<h2 class=\"wp-block-heading\">La segunda cita en Bilbao ser\u00e1 el 5 de junio, y las entradas se ponen a la venta este viernes a las 10.00 horas. En otras ciudades espa\u00f1olas tambi\u00e9n han volado los tiques en tiempo r\u00e9cord<\/h2>\n\n\n\n<p>Era de esperar que suceder\u00eda algo as\u00ed Manolo Garc\u00eda llen\u00f3 el Bilbao Arena de Miribilla el 23 de noviembre del a\u00f1o pasado con 9.000 fans. Casi seguro que la mayor\u00eda no querr\u00e1 perderse el esperado y sorprendente regreso de El \u00daltimo de la Fila previsto para 2026. Y a ellos hay que sumar los que no sienten especial querencia por la etapa en solitario del m\u00fasico pero se vuelven locos por el grupo que le lanz\u00f3 a la fama, tras su m\u00e1s moderado \u00e9xito con Los R\u00e1pidos primero y Los Burros despu\u00e9s. As\u00ed las cosas, esta ma\u00f1ana, en solo hora y media, volaron todas las entradas para su anunciada cita en en el BEC (con un aforo aproximado para unas 18.000 personas), que se producir\u00e1 exactamente dentro de un a\u00f1o, el 30 de mayo de 2026.<\/p>\n\n\n\n<p>Ante tal demanda, la banda ha decidido a\u00f1adir una segunda cita para el 5 de junio en el mismo escenario, y este viernes a las 10.00 horas se pondr\u00e1n a la venta los tiques, se supone que al mismo precio que en la primera cita, es decir, a 93,5 euros la pista y entre 88 y 137,5 en asiento. La plataforma Ticketmaster volvi\u00f3 a registrar los colapsos habituales en este tipo de eventos, con fans esperando a la cola con miles de personas por delante. Muchos de los que se quedaron con las ganas podr\u00e1n probar suerte de nuevo.<\/p>\n\n\n\n<p>Exactamente la misma situaci\u00f3n que en Bilbao se vivi\u00f3 en destinos como Fuengirola, Roquetas de Mar, Barcelona y Valencia. En estas dos \u00faltimas ciudades, la banda tambi\u00e9n ha puesto a disposici\u00f3n de sus fans una segunda fecha. La venta para el show previsto en Madrid se abre el 16 de junio, y en la web del grupo a\u00fan no figura el espacio donde se celebrar\u00e1.<\/p>\n\n\n\n<h3 class=\"wp-block-heading\">Nuevas canciones<\/h3>\n\n\n\n<p>Manolo Garc\u00eda junto a Quimi Portet anunciaron en la rueda de prensa de presentaci\u00f3n de la gira de regreso que habr\u00e1 sorpresas en el set list del concierto: \u00abAlguna cosita nueva hay. Algunas cosas estamos viendo. Quimi tiene una fertilidad compositiva enorme y algo estamos haciendo. Es muy probable que presentemos alguna canci\u00f3n nueva\u00bb, asegur\u00f3 Garc\u00eda. En su reciente gira en solitario, \u00e9l tambi\u00e9n ha incluido \u00e9xitos inolvidables de la banda, abriendo sus shows con &#8216;Insurreccci\u00f3n&#8217; y a\u00f1adiendo temas como &#8216;Llanto de pasi\u00f3n&#8217;, &#8216;Lejos de las leyes de los hombres&#8217;, &#8216;Aviones plateados&#8217;, &#8216;A veces se enciende&#8217; y &#8216;Como un burro amarrado en la puerta del baile&#8217;.<\/p>\n\n\n\n<p>Fuente: El Correo &#8211; Isabel Iba\u00f1ez &#8211; <a href=\"https:\/\/www.elcorreo.com\/culturas\/musica\/ultimo-fila-sold-out-bec-apenas-hora-20250529123311-nt.html\">https:\/\/www.elcorreo.com\/culturas\/musica\/ultimo-fila-sold-out-bec-apenas-hora-20250529123311-nt.html<\/a><\/p>\n","protected":false},"excerpt":{"rendered":"<p>La segunda cita en Bilbao ser\u00e1 el 5 de junio, y las entradas se ponen a la venta este viernes a las 10.00 horas. En otras ciudades espa\u00f1olas tambi\u00e9n han volado los tiques en tiempo r\u00e9cord Era de esperar que suceder\u00eda algo as\u00ed Manolo Garc\u00eda llen\u00f3 el Bilbao Arena de Miribilla el 23 de noviembre<a class=\"moretag\" href=\"https:\/\/www.manologarciaycia.com\/?p=24393\" title=\"El \u00daltimo de la Fila saca otra fecha en el BEC tras lograr el &#8216;sold out&#8217; en 90 minutos. Tambi\u00e9n Barcelona y Valencia\" target=\"_self\" rel=\"follow\"> <font face=arial size=2>[Leer m\u00e1s]<\/font> <\/a><\/p>\n","protected":false},"author":2,"featured_media":24394,"comment_status":"closed","ping_status":"closed","sticky":false,"template":"","format":"standard","meta":{"footnotes":""},"categories":[1],"tags":[],"class_list":["post-24393","post","type-post","status-publish","format-standard","has-post-thumbnail","hentry","category-manolo-garcia"],"_links":{"self":[{"href":"https:\/\/www.manologarciaycia.com\/index.php?rest_route=\/wp\/v2\/posts\/24393","targetHints":{"allow":["GET"]}}],"collection":[{"href":"https:\/\/www.manologarciaycia.com\/index.php?rest_route=\/wp\/v2\/posts"}],"about":[{"href":"https:\/\/www.manologarciaycia.com\/index.php?rest_route=\/wp\/v2\/types\/post"}],"author":[{"embeddable":true,"href":"https:\/\/www.manologarciaycia.com\/index.php?rest_route=\/wp\/v2\/users\/2"}],"replies":[{"embeddable":true,"href":"https:\/\/www.manologarciaycia.com\/index.php?rest_route=%2Fwp%2Fv2%2Fcomments&post=24393"}],"version-history":[{"count":1,"href":"https:\/\/www.manologarciaycia.com\/index.php?rest_route=\/wp\/v2\/posts\/24393\/revisions"}],"predecessor-version":[{"id":24395,"href":"https:\/\/www.manologarciaycia.com\/index.php?rest_route=\/wp\/v2\/posts\/24393\/revisions\/24395"}],"wp:featuredmedia":[{"embeddable":true,"href":"https:\/\/www.manologarciaycia.com\/index.php?rest_route=\/wp\/v2\/media\/24394"}],"wp:attachment":[{"href":"https:\/\/www.manologarciaycia.com\/index.php?rest_route=%2Fwp%2Fv2%2Fmedia&parent=24393"}],"wp:term":[{"taxonomy":"category","embeddable":true,"href":"https:\/\/www.manologarciaycia.com\/index.php?rest_route=%2Fwp%2Fv2%2Fcategories&post=24393"},{"taxonomy":"post_tag","embeddable":true,"href":"https:\/\/www.manologarciaycia.com\/index.php?rest_route=%2Fwp%2Fv2%2Ftags&post=24393"}],"curies":[{"name":"wp","href":"https:\/\/api.w.org\/{rel}","templated":true}]}}