{"id":24246,"date":"2025-04-01T14:13:57","date_gmt":"2025-04-01T12:13:57","guid":{"rendered":"https:\/\/www.manologarciaycia.com\/?p=24246"},"modified":"2025-04-01T14:13:59","modified_gmt":"2025-04-01T12:13:59","slug":"manolo-garcia-llena-el-teatro-juan-luis-galiardo","status":"publish","type":"post","link":"https:\/\/www.manologarciaycia.com\/?p=24246","title":{"rendered":"Manolo Garc\u00eda llena el Teatro Juan Luis Galiardo"},"content":{"rendered":"\n<p>La edici\u00f3n del Aula de Literatura Jos\u00e9 Cadalso que se ha producido este lunes en el Teatro Juan Luis Galiardo ha tenido como invitado al cantante, compositor y escritor Manolo Garc\u00eda. En la misma ha presentado su primer libro de relatos, \u2018T\u00edtere con cabeza\u2019, una alabanza a la vida sencilla.<\/p>\n\n\n\n<p>Un sencillo y cercano Manolo Garc\u00eda ha llenado de p\u00fablico el Teatro Juan Luis Galiardo, este lunes, siendo el invitado del Aula de Literatura Jos\u00e9 Cadalso.<br>Present\u00f3 su primer libro de relatos \u201cT\u00edtere con cabeza\u201d con el que se evade del mundo ca\u00f3tico y el alcalde de San Roque, Juan Carlos Ruiz Boix, la teniente de alcalde de Cultura, Ana Ruiz, y otros ediles saludaron al artista antes de salir al escenario.<br>La entrevista la comenz\u00f3 con una gran ovaci\u00f3n del p\u00fablico que llen\u00f3 el teatro Juan Luis Galiardo.<br>El alcalde de San Roque, Juan Carlos Ruiz Boix, comenz\u00f3 el acto hablando con el artista agradeci\u00e9ndole su presencia y pidi\u00e9ndole que en su pr\u00f3xima gira musical tenga una cita en San Roque.<br>Manolo Garc\u00eda alab\u00f3 el aula de literatura ya que \u201csin cultura no somos nada\u201d, as\u00ed que agradeci\u00f3 al alcalde esta iniciativa cultural y anim\u00f3 a que se siga apostando por la cultura.<br>Ruiz Boix se\u00f1al\u00f3 que San Roque es la capital cultural de la comarca y que son m\u00e1s de doscientos los d\u00edas en que el teatro est\u00e1 abierto y se alegra que Manolo Garc\u00eda valore actividades culturales sanroque\u00f1as como el Aula de la Literatura.<br>\u201cNo me siento c\u00f3modo en el mundo, por la velocidad, competitividad\u2026yo nac\u00ed en un mundo m\u00e1s clamado y a veces me agobio \u201c; escribiendo este libro de relatos Garc\u00eda se evade del mundo ca\u00f3tico; expres\u00f3 Garc\u00eda en la entrevista.<br>\u200c\u2018T\u00edtere con cabeza\u2019 &nbsp;es una cr\u00edtica desde el humor y la reflexi\u00f3n c\u00e1ustica a nuestra vida actual, tan llena y vac\u00eda, a nuestras estructuras mentales y sociales, y una llamada a la animalidad, al instinto y a dar valor a las cosas m\u00e1s anodinas y sencillas de la existencia.<\/p>\n\n\n\n<p>A trav\u00e9s de los relatos de este libro, Manolo Garc\u00eda nos introduce en una m\u00e1quina del tiempo, nos hace viajar al pasado, a Woodstock o a la guerra civil espa\u00f1ola, y a la vez nos proyecta a futuros donde la IA y los androides son protagonistas. Sin embargo, los personajes de todos ellos parten de una premisa com\u00fan: su pasmosa, simple y min\u00fascula condici\u00f3n de humanidad. Son historias anti\u00e9picas, antiheroicas, de supervivencia y picaresca, que componen un retrato grotesco y a la vez entra\u00f1able de todos nosotros.<\/p>\n\n\n\n<p>Fuente y Galer\u00eda de Im\u00e1genes en: <a href=\"https:\/\/www.sanroque.es\/content\/manolo-garc-llena-el-teatro-juan-luis-galiardo\">Manolo Garc\u00eda llena el Teatro Juan Luis Galiardo | San Roque<\/a><\/p>\n","protected":false},"excerpt":{"rendered":"<p>La edici\u00f3n del Aula de Literatura Jos\u00e9 Cadalso que se ha producido este lunes en el Teatro Juan Luis Galiardo ha tenido como invitado al cantante, compositor y escritor Manolo Garc\u00eda. En la misma ha presentado su primer libro de relatos, \u2018T\u00edtere con cabeza\u2019, una alabanza a la vida sencilla. Un sencillo y cercano Manolo<a class=\"moretag\" href=\"https:\/\/www.manologarciaycia.com\/?p=24246\" title=\"Manolo Garc\u00eda llena el Teatro Juan Luis Galiardo\" target=\"_self\" rel=\"follow\"> <font face=arial size=2>[Leer m\u00e1s]<\/font> <\/a><\/p>\n","protected":false},"author":2,"featured_media":24247,"comment_status":"closed","ping_status":"closed","sticky":false,"template":"","format":"standard","meta":{"footnotes":""},"categories":[1],"tags":[],"class_list":["post-24246","post","type-post","status-publish","format-standard","has-post-thumbnail","hentry","category-manolo-garcia"],"_links":{"self":[{"href":"https:\/\/www.manologarciaycia.com\/index.php?rest_route=\/wp\/v2\/posts\/24246","targetHints":{"allow":["GET"]}}],"collection":[{"href":"https:\/\/www.manologarciaycia.com\/index.php?rest_route=\/wp\/v2\/posts"}],"about":[{"href":"https:\/\/www.manologarciaycia.com\/index.php?rest_route=\/wp\/v2\/types\/post"}],"author":[{"embeddable":true,"href":"https:\/\/www.manologarciaycia.com\/index.php?rest_route=\/wp\/v2\/users\/2"}],"replies":[{"embeddable":true,"href":"https:\/\/www.manologarciaycia.com\/index.php?rest_route=%2Fwp%2Fv2%2Fcomments&post=24246"}],"version-history":[{"count":1,"href":"https:\/\/www.manologarciaycia.com\/index.php?rest_route=\/wp\/v2\/posts\/24246\/revisions"}],"predecessor-version":[{"id":24248,"href":"https:\/\/www.manologarciaycia.com\/index.php?rest_route=\/wp\/v2\/posts\/24246\/revisions\/24248"}],"wp:featuredmedia":[{"embeddable":true,"href":"https:\/\/www.manologarciaycia.com\/index.php?rest_route=\/wp\/v2\/media\/24247"}],"wp:attachment":[{"href":"https:\/\/www.manologarciaycia.com\/index.php?rest_route=%2Fwp%2Fv2%2Fmedia&parent=24246"}],"wp:term":[{"taxonomy":"category","embeddable":true,"href":"https:\/\/www.manologarciaycia.com\/index.php?rest_route=%2Fwp%2Fv2%2Fcategories&post=24246"},{"taxonomy":"post_tag","embeddable":true,"href":"https:\/\/www.manologarciaycia.com\/index.php?rest_route=%2Fwp%2Fv2%2Ftags&post=24246"}],"curies":[{"name":"wp","href":"https:\/\/api.w.org\/{rel}","templated":true}]}}