{"id":24165,"date":"2024-12-30T10:57:12","date_gmt":"2024-12-30T09:57:12","guid":{"rendered":"https:\/\/www.manologarciaycia.com\/?p=24165"},"modified":"2024-12-30T10:57:14","modified_gmt":"2024-12-30T09:57:14","slug":"manolo-garcia-se-nos-somete-de-una-manera-espuria-a-la-violencia","status":"publish","type":"post","link":"https:\/\/www.manologarciaycia.com\/?p=24165","title":{"rendered":"Manolo Garc\u00eda: \u00abSe nos somete de una manera espuria a la violencia\u00bb"},"content":{"rendered":"\n<p>29 Dic 2024<strong><em> \/<\/em> <\/strong>Carlos H. V\u00e1zquez<strong><em>\u00a0\u00a0\/\u00a0\u00a0<\/em><\/strong>Fotos: Jeosm,\u00a0Manolo Garc\u00eda<\/p>\n\n\n\n<p>El\u00a0<strong>\u00abciudadano Garc\u00eda\u00bb<\/strong>\u00a0ha llegado en tren a Madrid. Dice que ya no coge aviones. Tiene sus razones: van muy r\u00e1pido y contaminan mucho. Le han propuesto cruzar el charco en barco, pero un trayecto tan largo (de quince d\u00edas) le resulta inviable si hay que atenerse el calendario de la gira.\u00a0<strong>Manolo Garc\u00eda<\/strong>\u00a0(Barcelona, 1955) es un hombre tranquilo, una especie de eremita en una \u00absoledad instalado\u00bb, como canta en el tema \u00abCanci\u00f3n del solitario que se reconcili\u00f3 con el mundo\u00bb. Acaba de hacerse con dos ejemplares de\u00a0<strong>Roberto Bola\u00f1o<\/strong>:\u00a0<em>A la intemperie<\/em>\u00a0y\u00a0<em>Sepulcros de vaqueros<\/em>. Lee para cuestionar(se). Viv\u00eda en un barrio obrero de empresas metal\u00fargicas, y la sirena que avisaba a los obreros era la misma que sonaba cuando llegaban los bombardeos a\u00e9reos en la guerra muchos a\u00f1os atr\u00e1s. Manolo recuerda a su padre volviendo de la f\u00e1brica por el campo. Pero no quer\u00eda esa vida para \u00e9l, entonces comenz\u00f3 a leer. Todav\u00eda hoy recurre a los\u00a0<strong><em>Ensayos<\/em>\u00a0de Michel de Montaigne<\/strong>.Observa el entrevistado la calle \u2014con las manos en los bolsillos\u2014 desde la ventana del edificio de su editorial. A esas horas, la calle Luchana se halla concurrida y a \u00e9l le gusta pasear por la playa y por el monte con los pastores. Huye del ruido de la velocidad, como Eulogio P\u00e9rez de Ledesma, el personaje de su libro\u00a0<strong><em>T\u00edtere con cabeza<\/em><\/strong>\u00a0(Aguilar, 2024). A Manolo setenta kil\u00f3metros por hora ya le parecen endemoniados. Pero precisamente un d\u00eda, conduciendo por la autopista, su coche empez\u00f3 a arder. Entonces, en el arc\u00e9n, esperando a los bomberos, el \u00abciudadano Garc\u00eda\u00bb se puso a escribir las tres primeras p\u00e1ginas de lo que luego ser\u00eda este presente t\u00edtulo.<\/p>\n\n\n\n<p><strong>\u2014\u00bfCu\u00e1ndo se sac\u00f3 usted el carnet de conducir?<\/strong><\/p>\n\n\n\n<p>\u2014En la mili. Hab\u00eda un alf\u00e9rez que hac\u00eda doblete y ten\u00eda una autoescuela. Nos captaba a los chavales que est\u00e1bamos en el cuartel, que \u00e9ramos cr\u00edos de diecinueve a\u00f1os.<\/p>\n\n\n\n<p><strong>\u2014\u00bfA la primera?<\/strong><\/p>\n\n\n\n<p>\u2014S\u00ed, a la primera. En Gij\u00f3n. Estaba lloviendo.<\/p>\n\n\n\n<p><strong>\u2014\u00bfUno conduce como es?<\/strong><\/p>\n\n\n\n<p>\u2014Un poco s\u00ed, o bastante. La gente m\u00e1s calmada, la gente m\u00e1s nerviosa, la gente m\u00e1s irresponsable, la gente m\u00e1s ego\u00edsta\u2026 Tambi\u00e9n pienso que en eso es determinante la edad. El car\u00e1cter influye, obviamente, pero la edad influye much\u00edsimo tambi\u00e9n. Las hormonas trabajan de otra manera.<\/p>\n\n\n\n<p><strong>\u2014\u00bfY uno canta y escribe como es? \u00bfDe eso tambi\u00e9n depende la edad?<\/strong><\/p>\n\n\n\n<p>\u2014Y uno pinta como es, porque es una pantalla, y finalmente el ser sale, aflora. T\u00fa te comunicas con el mundo, expones una serie de cuestiones en la disciplina que t\u00fa puedas medio dominar, pero el nutriente eres t\u00fa. Todos tenemos un plumero y a todos se nos ve.<\/p>\n\n\n\n<p><strong>\u2014Dec\u00eda Michel de Montaigne en sus&nbsp;<em>Ensayos<\/em>: \u00abPinto principalmente mis pensamientos, objeto informe, que no puede reducirse a producto artesanal. A duras penas puedo meterlo en ese cuerpo et\u00e9reo de la palabra\u2026\u00bb.<\/strong><\/p>\n\n\n\n<p>\u00abSoy tambi\u00e9n de la idea de que est\u00e1 todo dicho, de que ellos ya lo dijeron y lo hicieron todo y lo \u00fanico que hacemos nosotros son remedos\u00bb<\/p>\n\n\n\n<p>\u2014Es mi libro de cabecera, pero desde hace muchos a\u00f1os ya. La primera vez lo le\u00ed entero y ahora sigo picoteando, como creo que hace mucha gente. Todas las alusiones que hace al pasado, al pasado latino, grecorromano, me encantan. Soy tambi\u00e9n de la idea de que est\u00e1 todo dicho, de que ellos ya lo dijeron y lo hicieron todo y lo \u00fanico que hacemos nosotros son remedos. De alguna manera, si se te concede ese don de la palabra eres un elegido, aunque muchos son los llamados y pocos los elegidos. Pero cuando alguien es elegido est\u00e1 muy bien para el resto. Para \u00e9l supongo que tambi\u00e9n est\u00e1 muy bien. Depende ya de muchas cuestiones, de egos, de necesidades vitales\u2026 Pero para el resto es un regalo de los dioses. En un planeta en el que todo es confusi\u00f3n, delirio, fiesta, alegr\u00eda y llanto, los regalos del mundo de la cultura, del mundo del pensamiento, de cualquier disciplina art\u00edstica, son una muletilla para ir tirando, imprescindibles para much\u00edsima gente.<\/p>\n\n\n<div class=\"wp-block-image\">\n<figure class=\"aligncenter\"><img decoding=\"async\" src=\"https:\/\/cdn.zendalibros.com\/wp-content\/uploads\/2024\/12\/manolo-garci%CC%81a-%C2%A9jeosm-1.jpg\" alt=\"\" class=\"wp-image-259962\"\/><\/figure>\n<\/div>\n\n\n<p><strong>\u2014\u00bfSe siente usted un elegido?<\/strong><\/p>\n\n\n\n<p>\u2014No, yo me siento uno que pasaba por aqu\u00ed. Alg\u00fan dios borrachuzo que se ha tomado unos cubatillas me ha echado unas canciones, unos cuadros, me ha echado ganas de pintar, ganas de escribir\u2026 Pero no, no me siento un elegido; tengo muchos defectos, pero tengo una peque\u00f1a virtud: la vanidad no anida en m\u00ed, no soy vanidoso. Yo siempre he cre\u00eddo desde muy jovencito que estamos aqu\u00ed de paso, que todo es humo y que vivimos en la hoguera de las vanidades, y ah\u00ed nos chamuscamos todos, unos m\u00e1s y otros menos.<\/p>\n\n\n\n<p><strong>\u2014No quiere ser ni un n\u00famero para Hacienda ni un m\u00f3vil controlado.<\/strong><\/p>\n\n\n\n<p>\u00abSon siglos y siglos de desvar\u00edo. La cosa se torci\u00f3 cuando se invent\u00f3 la rueda. Ah\u00ed ya la jodimos\u00bb<\/p>\n\n\n\n<p>\u2014Me gustar\u00eda, pero no puedo evitar caer en ese pozo sin fondo. Desde muy jovencito he detestado la burocracia. Me ha parecido un atraso, un lastre brutal para la vida an\u00edmica y espiritual. Finalmente lo material manda, claro, porque cada d\u00eda hay que comerse un pollo, una lechuga\u2026 Hay que zamp\u00e1rselo para tirar y tambi\u00e9n tener un chamizo para protegernos de las inclemencias del tiempo. Pero ya est\u00e1, lo dem\u00e1s es todo un zafarrancho. Venimos de unos lodos, de la antigua Roma, donde unos eran esclavos, otros eran libertos\u2026 Si con el sudor de tu frente o con tu espada te hab\u00edas ganado la libertad, eras liberto, pero tambi\u00e9n ten\u00edas que luchar en esa sociedad. Son siglos y siglos de desvar\u00edo. La cosa se torci\u00f3 cuando se invent\u00f3 la rueda. Ah\u00ed ya la jodimos. La cama est\u00e1 bien, es un invento que me parece muy oportuno, pero con la rueda pienso como los indios de las praderas: las ruedas significan trabajar. En el Paleol\u00edtico, los humanoides estaban por ah\u00ed en taparrabos dando vueltas, haciendo una vida n\u00f3mada. \u00abTrabajaban\u00bb quince horas o as\u00ed a la semana, se mov\u00edan para conseguir el sustento. Pero hoy en d\u00eda la gente trabaja cincuenta horas y no consigue el sustento, siempre est\u00e1 con el agua al cuello y de mala hostia.<\/p>\n\n\n\n<p><strong>\u2014\u00bfCuesta que nos dejen en paz?<\/strong><\/p>\n\n\n\n<p>\u2014S\u00ed. Son muy pesados. \u00bfEsto c\u00f3mo se llama? \u00bf\u00abSistema\u00bb? Parece que s\u00ed, pero \u00bfqu\u00e9 sistema es \u00e9ste? Me hizo gracia una abuela que dijo que ella no quer\u00eda dejar el sistema, sino que el sistema la dejara a ella. Es eso. Que me dejen en paz.<\/p>\n\n\n\n<p><strong>\u2014Canta en su canci\u00f3n \u00abUn giro teatral\u00bb&nbsp;\u00absin luna y el coche, es mi carcelero\u00bb. \u00bfQu\u00e9 es la amaxofobia?<\/strong><\/p>\n\n\n\n<p>\u00abVivo en esa disconformidad. Yo conduzco desde los diecinueve, pero no me gusta, lo detesto, y ahora me gusta menos que nunca\u00bb<\/p>\n\n\n\n<p>\u2014Bueno, tampoco soy amaxof\u00f3bico ya declarado, pero tengo conatos. El ruido, el siseo de las ruedas es estremecedor. Si te paras en un \u00e1rea de servicio, en una autopista, lo que se oye pasar, el siseo de ruedas, es enervante. Si vives en un piso, en una avenida de una gran ciudad, y no tienes posibilidad de poner un doble cristal, tienes que o\u00edr desde el amanecer hasta altas horas el estruendo de los coches sobre el asfalto. Yo tengo ese punto, esa disfunci\u00f3n, o esa funci\u00f3n mejor dicho, que me enerva. Y no te digo ya la velocidad, que me parece un disparate. Vivo en esa disconformidad. Yo conduzco desde los diecinueve, pero no me gusta, lo detesto, y ahora me gusta menos que nunca, porque los coches corren m\u00e1s que nunca, las hostias son m\u00e1s gordas que nunca, y la gente, en particular unos pocos, conducen peor que nunca, de una manera m\u00e1s peligrosa, con una falta de educaci\u00f3n y de respeto por los dem\u00e1s terrible. Hay un peque\u00f1o relato m\u00edo en el libro que habla de esto. Me vino en una autopista con un problema que tuve.<\/p>\n\n\n\n<p><strong>\u2014\u00bfQu\u00e9 le sucedi\u00f3?<\/strong><\/p>\n\n\n\n<p>\u2014Se me quem\u00f3 el coche. En realidad mis coches han sido una mierda siempre, de los m\u00e1s cutres del mundo, llenos de bollos y de hostias. Cuando me sucedi\u00f3 esto empec\u00e9 a ponerme nervioso, y eso que soy bastante templado. Hab\u00eda llamado a los bomberos, hab\u00eda colocado el tri\u00e1ngulo, me hab\u00eda puesto el chalequito de los cojones\u2026 para que nadie se hiciera da\u00f1o, que era lo m\u00e1s importante. Y ah\u00ed estaba yo, de pie, al borde de la autopista, viendo pasar camiones a cien por hora, que arman un estruendo que flipas, y coches a ciento cuarenta y algunos a ciento sesenta. Es algo demon\u00edaco, del infierno de Dante. Empec\u00e9 a pensar en el disparate que era estar todos metidos en unas cajas met\u00e1licas con ruedas, as\u00ed que me apart\u00e9 todo lo que pude y empec\u00e9 a escribir un relatito de tres p\u00e1ginas que sucede en una autopista. Alguien deber\u00eda calcular los millones de kil\u00f3metros cuadrados de asfalto sobre el planeta. Lo vamos tapando todo con asfalto para deslizarnos a toda velocidad con nuestros cacharros con ruedas hacia la nada mientras hablamos unos con otros a trav\u00e9s de unos aparatos. Somos monos extra\u00f1os, monos locos.<\/p>\n\n\n<div class=\"wp-block-image\">\n<figure class=\"aligncenter\"><img decoding=\"async\" src=\"https:\/\/cdn.zendalibros.com\/wp-content\/uploads\/2024\/12\/manolo-garci%CC%81a-%C2%A9jeosm-8.jpg\" alt=\"\" class=\"wp-image-259959\"\/><\/figure>\n<\/div>\n\n\n<p><strong>\u2014\u00bfQu\u00e9 cree que pensar\u00edan los primeros monos que poblaron el planeta si nos vieran ahora?<\/strong><\/p>\n\n\n\n<p>\u2014Bueno, ellos ya empezaron, los muy cabrones, la tecnolog\u00eda, atando una piedra a un palo y haciendo muescas en sus lanzas. Se nos ha dotado de inteligencia, supuestamente; somos el \u00fanico animal que aparentemente piensa, pero hay otros animales, otras especies, que tambi\u00e9n piensan mejor, que son m\u00e1s pr\u00e1cticos a la hora de estar aqu\u00ed. Tampoco vamos a denostar la raza humana: aunque somos un desastre, tenemos cosas maravillosas. Pero pienso que habr\u00eda que parar un poquito. La maquinaria humana sigue, ya somos ocho mil millones, camino de los diez mil, pero conforme la demograf\u00eda va a toda velocidad, ser\u00eda conveniente hacer una reflexi\u00f3n seria para ver c\u00f3mo, a partir de ahora, funcionamos como especie.<\/p>\n\n\n\n<p><strong>\u2014\u00bfSomos muchos en el mundo?<\/strong><\/p>\n\n\n\n<p>\u00abLas grandes concentraciones de cualquier cosa son muy complicadas de gestionar\u00bb<\/p>\n\n\n\n<p>\u2014Somos malavenidos. Lo de \u00abmuchos\u00bb no se puede decir, ser\u00eda incorrecto. Todo el mundo tiene derecho a venir, aunque nadie lo pide, pero la necesidad de existir es obvia, es algo gen\u00e9tico, llevamos una marca en los genes. Somos conscientes de nuestra existencia, y salvo que haya un cruce de cables en la cocorota queremos seguir adelante; todos tenemos derecho a existir, ya que estamos aqu\u00ed, pero hay que organizarse. Si no nos organizamos, esto es un caos y es muy peligroso para todos. El barco se ha hecho muy grande, y es un error, porque se manejan mejor barquitos peque\u00f1os. Las grandes concentraciones de cualquier cosa son muy complicadas de gestionar.<\/p>\n\n\n\n<p><strong>\u2014\u00bfEulogio P\u00e9rez de Ledesma es como usted?<\/strong><\/p>\n\n\n\n<p>\u2014Eulogio es un hombre que se cae del caballo, como Pablo de Tarso, y ve la luz. Mi personaje no soy yo, pero s\u00ed lo he creado yo. Denuesto la sociedad industrial, pero es que la tecnol\u00f3gica ya me repatea. Es un pensamiento m\u00edo, evidentemente, y no intento adoctrinar a nadie, ni pretendo, pero a m\u00ed no me seduce, ni me lleva a ning\u00fan buen puerto. Eulogio es un t\u00edo que llega a la conclusi\u00f3n de que la vida en un entorno natural es m\u00e1s llevadera y m\u00e1s adecuada a su manera de ser, de buscar una calma, una tranquilidad, y ah\u00ed s\u00ed que pasa el autor, un servidor, a ratificar la idea de que, de una manera objetiva, es m\u00e1s saludable para un ser humano la calma que el frenes\u00ed.<\/p>\n\n\n\n<p><strong>\u2014En su anterior libro,&nbsp;<em>El fin del principio<\/em>, en el texto \u00abBragamel\u00f3n\u00bb&nbsp;escribe: \u00abMe he pasado la tarde leyendo a Faulkner [\u2026]. Desfondado en su desfasado mundo. Hundido yo en mi cutre sof\u00e1, inc\u00f3modo como un demonio. Barruntando absurdamente si es cierta esa fama que atesor\u00f3 de cascarrabias asocial\u00bb. Tambi\u00e9n es algo recurrente en su obra.<\/strong><\/p>\n\n\n\n<p>\u00abCreo en el individuo, en nuestra parte positiva, en nuestra parte poderosamente buena, pero juntos todos a veces hacemos disloques\u00bb<\/p>\n\n\n\n<p>\u2014Las masas son una cosa muy seria, sobre todo si est\u00e1n mal dirigidas. Al final el bicho viviente busca l\u00edderes para avisar del peligro, para buscar comida, para buscar pastos, y el humano igualmente necesita l\u00edderes, lamentablemente. Yo tengo una parte \u00e1crata bastante desarrollada. Creo en el individuo, en nuestra parte positiva, en nuestra parte poderosamente buena, pero juntos todos a veces hacemos disloques. Juntos se han hecho cosas muy gordas, como las revoluciones, que de nuevo las masas, mal dirigidas, han vuelto a estropear. Lo de quitar vidas ajenas, para m\u00ed, que soy pacifista a ultranza, no es correcto. Hay otros modos de llamar al orden, otras maneras no violentas. Si no, \u00bfqu\u00e9 somos?, \u00bfanimales? Todo este tipo de ideas subyacen en m\u00ed. Y ah\u00ed estoy, dando vueltas en mi jaulita de rat\u00f3n, en la ruedecita que gira, y yo giro en m\u00ed. Y al final siempre pienso: \u00ab\u00bfC\u00f3mo arreglo mi desajuste? \u00bfYendo a comprar a los centros comerciales? \u00bfComprando un reloj muy bueno? No\u00bb. Yo, por mi car\u00e1cter, si estoy desajustado voy a caminar por la orilla del mar, en mi ciudad, y me tiro una hora caminando por la playa, tirando piedras al agua. Cosas pueriles, cosas de ni\u00f1o. Y arreglo la manecilla de mi reloj interno. Tengo mis peque\u00f1os recursos naturales. No voy al gimnasio, porque no me gusta, aunque caminar s\u00ed. Pero \u00bfc\u00f3mo voy a caminar en la ciudad con la poluci\u00f3n que hay? Pues me voy un rato a la playa a caminar. Pienso que tanto tr\u00e1fago es una quimera, y vivimos en un tr\u00e1fago constante y, en un porcentaje alt\u00edsimo, innecesario. \u00a1Y esto nos lo venden como libertad! Pero la libertad es otra cosa.<\/p>\n\n\n<div class=\"wp-block-image\">\n<figure class=\"aligncenter\"><img decoding=\"async\" src=\"https:\/\/cdn.zendalibros.com\/wp-content\/uploads\/2024\/12\/manolo-garci%CC%81a-%C2%A9jeosm-19.jpg\" alt=\"\" class=\"wp-image-259961\"\/><\/figure>\n<\/div>\n\n\n<p><strong>\u2014\u00bfQu\u00e9 es la libertad?<\/strong><\/p>\n\n\n\n<p>\u2014Ni amo ni patr\u00f3n, ni dios ni rey. Vivo en sociedad y tengo que atenerme a las normas, pero s\u00ed que me gustar\u00eda que las normas se atuviesen al raciocinio, al sentido com\u00fan, a la justicia, a la equidad. Estamos en democracia, no en una rep\u00fablica bananera, y la democracia no puede dejarse apisonar por la econom\u00eda. La democracia tiene que defender a los dem\u00f3cratas del asedio del dinero y tiene que repartir y hacer que haya una situaci\u00f3n justa para todos. No para unos pocos, que evidentemente esos pocos tampoco se agarran a una situaci\u00f3n justa, se agarran a una situaci\u00f3n de listillos. Pero es igual. Todo esto es hablar por hablar. Quiero decir: nuestra sociedad est\u00e1 basada en empujarnos unos a otros. Hacen que nos empujemos en una cadena muy dolorosa.<\/p>\n\n\n\n<p><strong>\u2014\u00bfQu\u00e9 le parece lo que ha sucedido con Luigi Mangione, de veintis\u00e9is a\u00f1os, despu\u00e9s de haber asesinado a Brian Thompson, CEO de&nbsp;<em>UnitedHealthcare<\/em>? Parte de la sociedad est\u00e1 con Luigi, hacen camisetas con su cara, se concentran en su favor, apoyan lo que ha hecho\u2026 Como en&nbsp;<em>Joker<\/em>.<\/strong><\/p>\n\n\n\n<p>\u00abVivimos en una sociedad en la que se ha fomentado la violencia\u00bb<\/p>\n\n\n\n<p>\u2014Es muy peligroso. Vivimos en una sociedad en la que se ha fomentado la violencia. Se nos somete de una manera espuria a la violencia. Es sorda, silenciosa, pero est\u00e1 ah\u00ed y se nos va triturando. Hay un germen de odio porque estamos todos mosqueados, porque se nos manipula, se nos miente, se aceptan cosas que son inaceptables, y el ciudadano de a pie pues va tragando. Pero hay un ruido sordo en su interior contra ese \u00abalgo\u00bb. \u00bfPor qu\u00e9 no nos dejan respirar? Hay temas candentes que deben arbitrar, como la alimentaci\u00f3n y el h\u00e1bitat. \u00bfPara qu\u00e9 me ponen lo de la bolsa en un peri\u00f3dico? La ciudadan\u00eda de a pie no tiene ni puta idea de la bolsa. Si yo soy Pepe P\u00e9rez de Carabanchel, \u00bfa m\u00ed qu\u00e9 me explicas de la bolsa,&nbsp;<em>colega<\/em>? Si yo gano mil, la vida tiene que valer seiscientos. Es as\u00ed de tonto y de f\u00e1cil. El poder es una tentaci\u00f3n absoluta.<\/p>\n\n\n\n<p><strong>\u2014\u00bfA qu\u00e9 se hubiera dedicado usted de no haber sido lo que es?<\/strong><\/p>\n\n\n\n<p>\u2014Probablemente hubiera acabado como Eulogio, en un pueblo peque\u00f1o, tranquilo, haciendo cualquier labor, en plan asceta. Me hace gracia cuando ahora te venden la moto y dicen que hay que repoblar los pueblos porque ya han puesto&nbsp;<em>wifi<\/em>&nbsp;y se puede trabajar&nbsp;<em>online<\/em>.<\/p>\n\n\n\n<p><strong>\u2014Teletrabajar.<\/strong><\/p>\n\n\n\n<p>\u2014S\u00ed, teletrabajar. Yo, si voy a un pueblo, no voy a teletrabajar; voy a ser autosuficiente, porque aut\u00f3nomo ya lo soy en la ciudad y me masacran a impuestos. A\u00fan hay francotiradores a d\u00eda de hoy, gente que vive con una \u00abpuntita de ganado\u00bb, con un huerto y sin tener aspiraciones a nada material. Vivir como el gaucho de La Pampa, con una vida sencilla. Conozco alguna persona as\u00ed, con unos peque\u00f1os anaqueles con sus libros preferidos y la vida en la naturaleza. Yo creo que hubiera hecho algo as\u00ed, porque siempre he sentido un rechazo a las concentraciones de las masas en las grandes urbes, con sus cacharros, toda su parafernalia de chismes, algunos de los cuales son enormes, como por ejemplo un coche.<\/p>\n\n\n<div class=\"wp-block-image\">\n<figure class=\"aligncenter\"><img decoding=\"async\" src=\"https:\/\/cdn.zendalibros.com\/wp-content\/uploads\/2024\/12\/manolo-garci%CC%81a-%C2%A9jeosm-14.jpg\" alt=\"\" class=\"wp-image-259960\"\/><\/figure>\n<\/div>\n\n\n<p><strong>\u2014\u00bfY qu\u00e9 hace cuando el p\u00fablico va a verle en directo y le graba con el m\u00f3vil?<\/strong><\/p>\n\n\n\n<p>\u00abAl principio empec\u00e9 a pedir por favor que no grabaran, pero es que no puedo obligar a nadie\u00bb<\/p>\n\n\n\n<p>\u2014No puedo hacer nada. Me ci\u00f1o a mi sensaci\u00f3n de hacer unas canciones, vienen unas personas y parece que durante tres horas estamos tranquilos. Vivimos presente absoluto. Y s\u00ed, algunos est\u00e1n con el m\u00f3vil. Al principio empec\u00e9 a pedir por favor que no grabaran, pero es que no puedo obligar a nadie. Comprendo que nadie es perfecto, yo el primero, y que todos tenemos nuestras pedradas. Entonces, \u00bfqui\u00e9n soy para decirle a nadie lo que tiene que hacer?<\/p>\n\n\n\n<p><strong>\u2014\u00bfEulogio ejerce su derecho al voto?<\/strong><\/p>\n\n\n\n<p>\u2014A veces s\u00ed, a veces no. Desde que est\u00e1 en el campo, el pobre hombre ya se ha hecho pastor, y todo esto de las burocracias es un palo en las ruedas, una traba para el buen funcionamiento de peque\u00f1os y medianos ganaderos y agricultores a los que est\u00e1n dando unos palos brutales. La comida es la base de la pir\u00e1mide. Como dec\u00eda el gran jefe indio Seattle, llegar\u00e1 un d\u00eda en el que nos tendremos que comer el dinero, pero el dinero no se puede comer.<\/p>\n\n\n\n<p><strong>\u2014\u00bfManolo Garc\u00eda ejerce siempre su derecho al voto?<\/strong><\/p>\n\n\n\n<p>\u2014No siempre. A veces ejerzo mi derecho al castigo no votando. Pienso: \u00ab\u00bfQu\u00e9 suceder\u00eda si por una cuesti\u00f3n milagrosa pasara algo as\u00ed?\u00bb. Imaginemos que no vota nadie. Eso, dentro de una democracia, ya es un voto. Imaginemos un porcentaje alt\u00edsimo de abstenci\u00f3n. Es una opini\u00f3n, porque se est\u00e1 diciendo algo alto y claro: \u00abVuestra gesti\u00f3n no nos gusta\u00bb. Pues el ciudadano Garc\u00eda vota seg\u00fan el cabreo de la semana, socialmente hablando.<\/p>\n\n\n\n<p>Fuente: Zenda &#8211; <a href=\"https:\/\/www.zendalibros.com\/manolo-garcia-se-nos-somete-de-una-manera-espuria-a-la-violencia\/\">Manolo Garc\u00eda: \u00abSe nos somete de una manera espuria a la violencia\u00bb &#8211; Zenda<\/a><\/p>\n","protected":false},"excerpt":{"rendered":"<p>29 Dic 2024 \/ Carlos H. V\u00e1zquez\u00a0\u00a0\/\u00a0\u00a0Fotos: Jeosm,\u00a0Manolo Garc\u00eda El\u00a0\u00abciudadano Garc\u00eda\u00bb\u00a0ha llegado en tren a Madrid. Dice que ya no coge aviones. Tiene sus razones: van muy r\u00e1pido y contaminan mucho. Le han propuesto cruzar el charco en barco, pero un trayecto tan largo (de quince d\u00edas) le resulta inviable si hay que atenerse el<a class=\"moretag\" href=\"https:\/\/www.manologarciaycia.com\/?p=24165\" title=\"Manolo Garc\u00eda: \u00abSe nos somete de una manera espuria a la violencia\u00bb\" target=\"_self\" rel=\"follow\"> <font face=arial size=2>[Leer m\u00e1s]<\/font> <\/a><\/p>\n","protected":false},"author":2,"featured_media":24166,"comment_status":"closed","ping_status":"closed","sticky":false,"template":"","format":"standard","meta":{"footnotes":""},"categories":[1],"tags":[],"class_list":["post-24165","post","type-post","status-publish","format-standard","has-post-thumbnail","hentry","category-manolo-garcia"],"_links":{"self":[{"href":"https:\/\/www.manologarciaycia.com\/index.php?rest_route=\/wp\/v2\/posts\/24165","targetHints":{"allow":["GET"]}}],"collection":[{"href":"https:\/\/www.manologarciaycia.com\/index.php?rest_route=\/wp\/v2\/posts"}],"about":[{"href":"https:\/\/www.manologarciaycia.com\/index.php?rest_route=\/wp\/v2\/types\/post"}],"author":[{"embeddable":true,"href":"https:\/\/www.manologarciaycia.com\/index.php?rest_route=\/wp\/v2\/users\/2"}],"replies":[{"embeddable":true,"href":"https:\/\/www.manologarciaycia.com\/index.php?rest_route=%2Fwp%2Fv2%2Fcomments&post=24165"}],"version-history":[{"count":1,"href":"https:\/\/www.manologarciaycia.com\/index.php?rest_route=\/wp\/v2\/posts\/24165\/revisions"}],"predecessor-version":[{"id":24167,"href":"https:\/\/www.manologarciaycia.com\/index.php?rest_route=\/wp\/v2\/posts\/24165\/revisions\/24167"}],"wp:featuredmedia":[{"embeddable":true,"href":"https:\/\/www.manologarciaycia.com\/index.php?rest_route=\/wp\/v2\/media\/24166"}],"wp:attachment":[{"href":"https:\/\/www.manologarciaycia.com\/index.php?rest_route=%2Fwp%2Fv2%2Fmedia&parent=24165"}],"wp:term":[{"taxonomy":"category","embeddable":true,"href":"https:\/\/www.manologarciaycia.com\/index.php?rest_route=%2Fwp%2Fv2%2Fcategories&post=24165"},{"taxonomy":"post_tag","embeddable":true,"href":"https:\/\/www.manologarciaycia.com\/index.php?rest_route=%2Fwp%2Fv2%2Ftags&post=24165"}],"curies":[{"name":"wp","href":"https:\/\/api.w.org\/{rel}","templated":true}]}}