{"id":24121,"date":"2024-11-17T08:37:29","date_gmt":"2024-11-17T07:37:29","guid":{"rendered":"https:\/\/www.manologarciaycia.com\/?p=24121"},"modified":"2024-11-17T08:43:00","modified_gmt":"2024-11-17T07:43:00","slug":"manolo-garcia-no-imagino-mi-carrera-musical-sin-la-radio","status":"publish","type":"post","link":"https:\/\/www.manologarciaycia.com\/?p=24121","title":{"rendered":"Manolo Garc\u00eda: \u00abNo imagino mi carrera musical sin la radio\u00bb"},"content":{"rendered":"\n<p>El cantautor y compositor Manolo Garc\u00eda presenta su libro de relatos breves &#8216;T\u00edtere con cabeza&#8217;<\/p>\n\n\n\n<p>En&nbsp;<em>Las ma\u00f1anas de RNE<\/em>&nbsp;celebramos el centenario de la radio en Espa\u00f1a con un programa especial desde el Centro Nacional de Supercomputaci\u00f3n de Barcelona. \u00ab<strong>Sin la radio no me puedo imaginar mi carrera musical<\/strong>. Crec\u00ed en un tiempo en el que la radio era el \u00fanico medio, era la forma de comunicarnos con el mundo exterior. Solamente unas pocas casas del barrio ten\u00edan radio\u00bb, ha rememorado el cantautor y compositor&nbsp;<strong>Manolo Garc\u00eda.<\/strong><\/p>\n\n\n\n<p><strong>Manolo Garc\u00eda<\/strong>&nbsp;ha expresado siempre su preocupaci\u00f3n por el futuro de las nuevas generaciones, sobre todo en un d\u00eda emblem\u00e1tico para la radio, que cumple cien a\u00f1os con muchos retos por delante: \u00abSiempre me ha preocupado el futuro (&#8230;) Vivimos de espaldas a la naturaleza\u00bb, ha compartido, recordando que lo que puede contar la radio tambi\u00e9n es un reto sobre el futuro de la civilizaci\u00f3n y del planeta. El artista tambi\u00e9n ha reflexionado en RNE en relaci\u00f3n a su nueva publicaci\u00f3n, el libro de relatos breves<em>T\u00edtere con cabeza<\/em>: \u00abTodos somos t\u00edteres, algunos con m\u00e1s cabeza que otros. De la base a la c\u00faspide de la pir\u00e1mide, todos dependemos del titiritero mayor [&#8230;] Me molesta el ruido sucio. La melod\u00eda de la sociedad, la adoro. Pero el estruendo pesa much\u00edsimo: el miedo, la incertidumbre&#8230;\u00bb, a\u00f1ade el artista.<\/p>\n\n\n\n<p>Fuente: RNE &#8211; Josep Cun\u00ed &#8211; <a href=\"https:\/\/www.rtve.es\/play\/audios\/las-mananas-de-rne-josep-cuni\/manolo-garcia-sin-radio-no-puedo-imaginar-carrera-musical\/16330298\/\">https:\/\/www.rtve.es\/play\/audios\/las-mananas-de-rne-josep-cuni\/manolo-garcia-sin-radio-no-puedo-imaginar-carrera-musical\/16330298\/<\/a><\/p>\n\n\n\n<figure class=\"wp-block-audio\"><audio controls src=\"https:\/\/rtve-mediavod-lote3.rtve.es\/resources\/TE_SES6789\/mp3\/8\/1\/1731576725718.mp3?idasset=16330298\"><\/audio><\/figure>\n","protected":false},"excerpt":{"rendered":"<p>El cantautor y compositor Manolo Garc\u00eda presenta su libro de relatos breves &#8216;T\u00edtere con cabeza&#8217; En&nbsp;Las ma\u00f1anas de RNE&nbsp;celebramos el centenario de la radio en Espa\u00f1a con un programa especial desde el Centro Nacional de Supercomputaci\u00f3n de Barcelona. \u00abSin la radio no me puedo imaginar mi carrera musical. Crec\u00ed en un tiempo en el que<a class=\"moretag\" href=\"https:\/\/www.manologarciaycia.com\/?p=24121\" title=\"Manolo Garc\u00eda: \u00abNo imagino mi carrera musical sin la radio\u00bb\" target=\"_self\" rel=\"follow\"> <font face=arial size=2>[Leer m\u00e1s]<\/font> <\/a><\/p>\n","protected":false},"author":2,"featured_media":0,"comment_status":"closed","ping_status":"closed","sticky":false,"template":"","format":"standard","meta":{"footnotes":""},"categories":[1],"tags":[],"class_list":["post-24121","post","type-post","status-publish","format-standard","hentry","category-manolo-garcia"],"_links":{"self":[{"href":"https:\/\/www.manologarciaycia.com\/index.php?rest_route=\/wp\/v2\/posts\/24121","targetHints":{"allow":["GET"]}}],"collection":[{"href":"https:\/\/www.manologarciaycia.com\/index.php?rest_route=\/wp\/v2\/posts"}],"about":[{"href":"https:\/\/www.manologarciaycia.com\/index.php?rest_route=\/wp\/v2\/types\/post"}],"author":[{"embeddable":true,"href":"https:\/\/www.manologarciaycia.com\/index.php?rest_route=\/wp\/v2\/users\/2"}],"replies":[{"embeddable":true,"href":"https:\/\/www.manologarciaycia.com\/index.php?rest_route=%2Fwp%2Fv2%2Fcomments&post=24121"}],"version-history":[{"count":4,"href":"https:\/\/www.manologarciaycia.com\/index.php?rest_route=\/wp\/v2\/posts\/24121\/revisions"}],"predecessor-version":[{"id":24128,"href":"https:\/\/www.manologarciaycia.com\/index.php?rest_route=\/wp\/v2\/posts\/24121\/revisions\/24128"}],"wp:attachment":[{"href":"https:\/\/www.manologarciaycia.com\/index.php?rest_route=%2Fwp%2Fv2%2Fmedia&parent=24121"}],"wp:term":[{"taxonomy":"category","embeddable":true,"href":"https:\/\/www.manologarciaycia.com\/index.php?rest_route=%2Fwp%2Fv2%2Fcategories&post=24121"},{"taxonomy":"post_tag","embeddable":true,"href":"https:\/\/www.manologarciaycia.com\/index.php?rest_route=%2Fwp%2Fv2%2Ftags&post=24121"}],"curies":[{"name":"wp","href":"https:\/\/api.w.org\/{rel}","templated":true}]}}