{"id":24118,"date":"2024-11-17T08:32:48","date_gmt":"2024-11-17T07:32:48","guid":{"rendered":"https:\/\/www.manologarciaycia.com\/?p=24118"},"modified":"2024-11-17T08:32:50","modified_gmt":"2024-11-17T07:32:50","slug":"el-cantante-manolo-garcia-se-adentra-en-la-narrativa-tengo-clavado-el-punal-de-sentir-los-abusos-a-que-se-somete-al-pueblo","status":"publish","type":"post","link":"https:\/\/www.manologarciaycia.com\/?p=24118","title":{"rendered":"El cantante Manolo Garc\u00eda se adentra en la narrativa: \u00abTengo clavado el pu\u00f1al de sentir los abusos a que se somete al pueblo\u00bb"},"content":{"rendered":"\n<ul class=\"wp-block-list\">\n<li>Manolo Garc\u00eda, uno de los iconos del rock en Espa\u00f1a, se adentra ahora en la narrativa con &#8216;T\u00edtere con cabeza&#8217;<\/li>\n\n\n\n<li>En su primer libro de relatos, el cantante se fija en las vidas de mindundis<\/li>\n\n\n\n<li>Manolo Garc\u00eda aplaza su concierto en Valencia a enero y lo convierte en una cita solidaria<\/li>\n<\/ul>\n\n\n\n<p><strong>Manolo Garc\u00eda,<\/strong>&nbsp;uno de los iconos del rock en Espa\u00f1a, se adentra ahora en la narrativa con<strong>&nbsp;&#8216;T\u00edtere con cabeza&#8217;<\/strong>, un primer&nbsp;<strong>libro&nbsp;<\/strong>de&nbsp;<strong>relatos&nbsp;<\/strong>en el que se fija en las vidas de mindundis porque tiene clavado \u00abel&nbsp;<strong>pu\u00f1al&nbsp;<\/strong>de sentir los&nbsp;<strong>abusos&nbsp;<\/strong>a que se somete al&nbsp;<strong>pueblo<\/strong>\u00ab, seg\u00fan ha explicado a la Agencia EFE.<\/p>\n\n\n\n<p>La obra toma el t\u00edtulo del cuento que abre el volumen, una historia protagonizada por&nbsp;<strong>un don nadie machacado&nbsp;<\/strong>por todas sus&nbsp;<strong>circunstancias<\/strong>, lo que es un tono general en todos los relatos que presenta Garc\u00eda.<\/p>\n\n\n\n<p>\u00abTodos somos&nbsp;<strong>t\u00edteres<\/strong>, algunos con m\u00e1s cabeza que otros, unos con muy poca y unos pocos con bastante que ayudan a ir pasando la vida al resto de los humanos\u00bb, comenta el que fuera mitad de El \u00daltimo de la Fila.<\/p>\n\n\n\n<h3 class=\"wp-block-heading\">Retiro pastoril final<\/h3>\n\n\n\n<p>Muchas de las historias de &#8216;T\u00edtere con cabeza&#8217; (Aguilar) terminan con una&nbsp;<strong>retirada al campo<\/strong>, una especie de b\u00fasqueda del &#8216;locus amoenus&#8217; que pasa por huir de la ciudad, algo que contrasta con lo \u00aburbanita\u00bb del autor.<\/p>\n\n\n\n<p>\u00abHe nacido en una gran ciudad como Barcelona y mis referentes del mundo son el rock and roll y los trabajos que yo he desempe\u00f1ado desde los 13 a\u00f1os y medio, cuando empec\u00e9 a trabajar, hasta los 30 que me jubil\u00e9 y pude pasar a mis aficiones favoritas, que eran pintar y hacer m\u00fasica\u00bb, se excusa Garc\u00eda.<\/p>\n\n\n\n<p>\u00abEn esos a\u00f1os aprend\u00ed mucho de las&nbsp;<strong>bondades&nbsp;<\/strong>y&nbsp;<strong>maldades&nbsp;<\/strong>de la&nbsp;<strong>vida moderna<\/strong>. Aprend\u00ed mucho de la&nbsp;<strong>esclavitud<\/strong>, de lo que es sentirse esclavo de un trabajo mal pagado, donde eres un pelele, eres un t\u00edtere descabezado en una cadena de montaje, pero que no te queda otra porque has de pagar ese alquiler del piso abusivo y has de comprar tus alimentos a precios abusivos sabiendo que al campesino le llegar\u00e1 una magra parte y los intermediarios y el final de la cadena se llevar\u00e1n el dinero a costa de sablear al consumidor\u00bb, a\u00f1ade el m\u00fasico.<\/p>\n\n\n\n<p>Pese a que Garc\u00eda se ve reflejado en personajes como el Pijoaparte de Juan Mars\u00e9 y que tiene clavado \u00abel pu\u00f1al de sentir los abusos a que se somete al pueblo\u00bb, sus referentes literarios son aquellos que le permiten abandonar esa sociedad industrial, por lo que enumera a autores como Faulkner, McCarthy, Dickinson, Baroja, Balzac, Dickens o Thoreau como sus lecturas favoritas.<\/p>\n\n\n\n<p><a href=\"https:\/\/www.telecinco.es\/granhermano\/a-la-carta\/20241113\/limite-48-horas-completo_18_013990520.html\"><\/a><\/p>\n\n\n\n<p><a href=\"https:\/\/www.telecinco.es\/granhermano\/a-la-carta\/20241115\/gala-11-completa_18_014016669.html\"><\/a><\/p>\n\n\n\n<p><a href=\"https:\/\/www.telecinco.es\/granhermano\/a-la-carta\/20241113\/limite-48-horas-completo_18_013990520.html\"><\/a><a href=\"https:\/\/www.telecinco.es\/granhermano\/a-la-carta\/20241115\/gala-11-completa_18_014016669.html\"><\/a><a href=\"https:\/\/www.telecinco.es\/granhermano\/a-la-carta\/20241113\/limite-48-horas-completo_18_013990520.html\"><\/a>As\u00ed, esta\u00a0<strong>mezcla\u00a0<\/strong>entre el\u00a0<strong>caos<\/strong>\u00a0<strong>urbano<\/strong>, el\u00a0<strong>rock\u00a0<\/strong>que impregna todas las historias y un\u00a0<strong>retiro pastoril final\u00a0<\/strong>explica a la perfecci\u00f3n la cosmovisi\u00f3n del m\u00fasico, a lo que se suma un estilo que entrelaza constantemente un vocabulario culto con expresiones pertenecen a la jerga.<\/p>\n\n\n\n<p>\u00abNo acab\u00e9 ni el bachillerato porque era mal estudiante y necesitaba con toda urgencia salir a la calle, pero luego me he ido procurando a m\u00ed mismo mis peque\u00f1os b\u00e1lsamos para la vida, me he ido prescribiendo a m\u00ed mismo libros y cuadros, me he complacido y he visto que hay un mundo magn\u00edfico, enorme, no vano ni pedante\u00bb reflexiona al respecto Garc\u00eda.<\/p>\n\n\n\n<p>En cuanto a las diferencias entre la m\u00fasica y la literatura, para el artista la primera tiene \u00abun magn\u00edfico cors\u00e9 que te limita\u00bb, mientras que la segunda goza de \u00abesa libertad en la que puedes desbarrar lo que quieras, puedes hacer el ganso como quieras y nadie te pone trabas\u00bb.<\/p>\n\n\n\n<p>A la vez, el escritor recuerda el germen de todos estos relatos en las \u00ab<strong>ventis<\/strong>\u00ab, un concepto que atribuye a los chicos del&nbsp;<strong>barrio de Poblenou<\/strong>&nbsp;que viene de \u00abaventuras\u00bb, y que no obedec\u00eda a otra cosa que la tradici\u00f3n oral.<\/p>\n\n\n\n<p>\u00abEs algo muy bonito porque es algo muy humano, esa necesidad de comunicarse y de compartir la emoci\u00f3n de algo que se agranda much\u00edsimo y toma una gama de colores ampl\u00edsima de la mano de la imaginaci\u00f3n\u00bb, sentencia Manolo Garc\u00eda sobre las historias que cuenta en &#8216;T\u00edtere con cabeza&#8217;.\u00a0<br><\/p>\n\n\n\n<p>Fuente: EFE &#8211; Telecinco &#8211; <a href=\"https:\/\/www.telecinco.es\/noticias\/cultura\/20241116\/manolo-garcia-libro-titere-cabeza-entrevista_18_014030788.html\">Manolo Garc\u00eda se adentra en la narrativa con &#8216;T\u00edtere con cabeza&#8217;<\/a> <\/p>\n","protected":false},"excerpt":{"rendered":"<p>Manolo Garc\u00eda,&nbsp;uno de los iconos del rock en Espa\u00f1a, se adentra ahora en la narrativa con&nbsp;&#8216;T\u00edtere con cabeza&#8217;, un primer&nbsp;libro&nbsp;de&nbsp;relatos&nbsp;en el que se fija en las vidas de mindundis porque tiene clavado \u00abel&nbsp;pu\u00f1al&nbsp;de sentir los&nbsp;abusos&nbsp;a que se somete al&nbsp;pueblo\u00ab, seg\u00fan ha explicado a la Agencia EFE. La obra toma el t\u00edtulo del cuento que abre<a class=\"moretag\" href=\"https:\/\/www.manologarciaycia.com\/?p=24118\" title=\"El cantante Manolo Garc\u00eda se adentra en la narrativa: \u00abTengo clavado el pu\u00f1al de sentir los abusos a que se somete al pueblo\u00bb\" target=\"_self\" rel=\"follow\"> <font face=arial size=2>[Leer m\u00e1s]<\/font> <\/a><\/p>\n","protected":false},"author":2,"featured_media":24119,"comment_status":"closed","ping_status":"closed","sticky":false,"template":"","format":"standard","meta":{"footnotes":""},"categories":[1],"tags":[],"class_list":["post-24118","post","type-post","status-publish","format-standard","has-post-thumbnail","hentry","category-manolo-garcia"],"_links":{"self":[{"href":"https:\/\/www.manologarciaycia.com\/index.php?rest_route=\/wp\/v2\/posts\/24118","targetHints":{"allow":["GET"]}}],"collection":[{"href":"https:\/\/www.manologarciaycia.com\/index.php?rest_route=\/wp\/v2\/posts"}],"about":[{"href":"https:\/\/www.manologarciaycia.com\/index.php?rest_route=\/wp\/v2\/types\/post"}],"author":[{"embeddable":true,"href":"https:\/\/www.manologarciaycia.com\/index.php?rest_route=\/wp\/v2\/users\/2"}],"replies":[{"embeddable":true,"href":"https:\/\/www.manologarciaycia.com\/index.php?rest_route=%2Fwp%2Fv2%2Fcomments&post=24118"}],"version-history":[{"count":1,"href":"https:\/\/www.manologarciaycia.com\/index.php?rest_route=\/wp\/v2\/posts\/24118\/revisions"}],"predecessor-version":[{"id":24120,"href":"https:\/\/www.manologarciaycia.com\/index.php?rest_route=\/wp\/v2\/posts\/24118\/revisions\/24120"}],"wp:featuredmedia":[{"embeddable":true,"href":"https:\/\/www.manologarciaycia.com\/index.php?rest_route=\/wp\/v2\/media\/24119"}],"wp:attachment":[{"href":"https:\/\/www.manologarciaycia.com\/index.php?rest_route=%2Fwp%2Fv2%2Fmedia&parent=24118"}],"wp:term":[{"taxonomy":"category","embeddable":true,"href":"https:\/\/www.manologarciaycia.com\/index.php?rest_route=%2Fwp%2Fv2%2Fcategories&post=24118"},{"taxonomy":"post_tag","embeddable":true,"href":"https:\/\/www.manologarciaycia.com\/index.php?rest_route=%2Fwp%2Fv2%2Ftags&post=24118"}],"curies":[{"name":"wp","href":"https:\/\/api.w.org\/{rel}","templated":true}]}}