{"id":24113,"date":"2024-11-15T09:58:14","date_gmt":"2024-11-15T08:58:14","guid":{"rendered":"https:\/\/www.manologarciaycia.com\/?p=24113"},"modified":"2024-11-15T09:59:54","modified_gmt":"2024-11-15T08:59:54","slug":"manolo-garcia-sobre-su-libro-titere-con-cabeza-empece-a-escribir-en-una-autopista","status":"publish","type":"post","link":"https:\/\/www.manologarciaycia.com\/?p=24113","title":{"rendered":"Manolo Garc\u00eda, sobre su libro &#8216;T\u00edtere con cabeza&#8217;: \u00abEmpec\u00e9 a escribir en una autopista\u00bb"},"content":{"rendered":"\n<p>El cantautor y compositor Manolo Garc\u00eda presenta su libro de relatos &#8216;T\u00edtere con cabeza&#8217; en Por fin.<\/p>\n\n\n\n<p><strong>Manolo Garc\u00eda<\/strong>&nbsp;se transforma en el autor de un libro de relatos con el que nos propone viajar: Por ejemplo, al pasado, o a carreteras con justicieros abofeteados&#8230; O a futuros lejanos en los que, seguro que nos invita a algo, en g\u00e9lidos sitios, tan peculiares, como puede ser un bar en la Luna.<\/p>\n\n\n\n<p>El nacimiento de este libro tiene una an\u00e9cdota muy curiosa. Y es que en una autopista se me incendia el coche, yo soy amaxof\u00f3bico, y al bajarme, puse el tri\u00e1ngulo, me puse el chaleco&#8230; y con los nervios empec\u00e9 a escribir los relatos cortos. Porque ten\u00eda que abstraerme, ten\u00eda que abstraerme. Y&nbsp;<strong>as\u00ed empez\u00f3<\/strong>\u00ab<\/p>\n\n\n\n<p>Garc\u00eda reflexiona con&nbsp;<strong>iron\u00eda<\/strong>&nbsp;en su primer libro de relatos sobre nuestra posici\u00f3n en el mundo a trav\u00e9s de historias humanas de supervivencia y picaresca que trazan un retrato de todos nosotros.<\/p>\n\n\n\n<p>&#8216;T\u00edtere con cabeza&#8217;, el primer libro de relatos del m\u00fasico Manolo Garc\u00eda En este t\u00edtulo, el cantante de &#8216;<strong>El \u00daltimo de la Fila<\/strong>&#8216; reflexiona ir\u00f3nicamente sobre el lugar del ser humano en el mundo a trav\u00e9s de historias de supervivencia y picaresca repletas de su filosof\u00eda vital.<\/p>\n\n\n\n<p>&#8216;<strong>T\u00edtere con cabeza<\/strong>&#8216; es \u00abun &#8216;<strong>beatus ille<\/strong>&#8216; moderno, una cr\u00edtica desde el humor y la reflexi\u00f3n c\u00e1ustica a nuestra vida actual, tan llena y tan vac\u00eda, a nuestras estructuras mentales y sociales, y una llamada a la animalidad, al instinto y a dar valor a las cosas m\u00e1s anodinas y sencillas de la existencia\u00bb.<\/p>\n\n\n\n<p>A trav\u00e9s de sus relatos, Manolo Garc\u00eda \u00abnos introduce en una&nbsp;<strong>m\u00e1quina del tiempo<\/strong>, nos hace viajar al pasado, a&nbsp;<strong>Woodstock<\/strong>&nbsp;o a la&nbsp;<strong>guerra civil espa\u00f1ola<\/strong>, y a la vez nos proyecta a futuros donde la IA y los androides son protagonistas\u00bb.<\/p>\n\n\n\n<p>En ese sentido, los protagonistas de estos relatos \u00abparten de una&nbsp;<strong>premisa com\u00fan<\/strong>: su pasmosa, simple y min\u00fascula condici\u00f3n de humanidad\u00bb y coment\u00f3 que \u00e9stos \u00abson historias anti\u00e9picas, antiher\u00f3icas, de supervivencia y picaresca, que componen un retrato grotesco y a la vez entra\u00f1able de todos nosotros\u00bb.<\/p>\n\n\n\n<p>A juicio del propio&nbsp;<strong>Manolo Garc\u00eda<\/strong>, &#8216;T\u00edtere con cabeza&#8217; es \u00abun viaje al&nbsp;<strong>pasado y al futuro<\/strong>&nbsp;a trav\u00e9s de distintas historias que trazan un retrato de todos nosotros y nuestro papel en el mundo, seg\u00fan mi modo a veces c\u00f3mico, ir\u00f3nico o tremendista de ver las cosas\u00bb.<\/p>\n\n\n\n<p>Fuente: Onda Cero &#8211; <a href=\"https:\/\/www.ondacero.es\/programas\/por-fin\/audios\/entrevistas\/manolo-garcia-escribir-libro_2024111467362279e378830001fa16fe.html\">Manolo Garc\u00eda, sobre su libro &#8216;T\u00edtere con cabeza&#8217;: \u00abEmpec\u00e9 a escribir en una autopista\u00bb | Onda Cero Radio<\/a><\/p>\n","protected":false},"excerpt":{"rendered":"<p>El cantautor y compositor Manolo Garc\u00eda presenta su libro de relatos &#8216;T\u00edtere con cabeza&#8217; en Por fin. Manolo Garc\u00eda&nbsp;se transforma en el autor de un libro de relatos con el que nos propone viajar: Por ejemplo, al pasado, o a carreteras con justicieros abofeteados&#8230; O a futuros lejanos en los que, seguro que nos invita<a class=\"moretag\" href=\"https:\/\/www.manologarciaycia.com\/?p=24113\" title=\"Manolo Garc\u00eda, sobre su libro &#8216;T\u00edtere con cabeza&#8217;: \u00abEmpec\u00e9 a escribir en una autopista\u00bb\" target=\"_self\" rel=\"follow\"> <font face=arial size=2>[Leer m\u00e1s]<\/font> <\/a><\/p>\n","protected":false},"author":2,"featured_media":0,"comment_status":"closed","ping_status":"closed","sticky":false,"template":"","format":"audio","meta":{"footnotes":""},"categories":[1],"tags":[],"class_list":["post-24113","post","type-post","status-publish","format-audio","hentry","category-manolo-garcia","post_format-post-format-audio"],"_links":{"self":[{"href":"https:\/\/www.manologarciaycia.com\/index.php?rest_route=\/wp\/v2\/posts\/24113","targetHints":{"allow":["GET"]}}],"collection":[{"href":"https:\/\/www.manologarciaycia.com\/index.php?rest_route=\/wp\/v2\/posts"}],"about":[{"href":"https:\/\/www.manologarciaycia.com\/index.php?rest_route=\/wp\/v2\/types\/post"}],"author":[{"embeddable":true,"href":"https:\/\/www.manologarciaycia.com\/index.php?rest_route=\/wp\/v2\/users\/2"}],"replies":[{"embeddable":true,"href":"https:\/\/www.manologarciaycia.com\/index.php?rest_route=%2Fwp%2Fv2%2Fcomments&post=24113"}],"version-history":[{"count":2,"href":"https:\/\/www.manologarciaycia.com\/index.php?rest_route=\/wp\/v2\/posts\/24113\/revisions"}],"predecessor-version":[{"id":24115,"href":"https:\/\/www.manologarciaycia.com\/index.php?rest_route=\/wp\/v2\/posts\/24113\/revisions\/24115"}],"wp:attachment":[{"href":"https:\/\/www.manologarciaycia.com\/index.php?rest_route=%2Fwp%2Fv2%2Fmedia&parent=24113"}],"wp:term":[{"taxonomy":"category","embeddable":true,"href":"https:\/\/www.manologarciaycia.com\/index.php?rest_route=%2Fwp%2Fv2%2Fcategories&post=24113"},{"taxonomy":"post_tag","embeddable":true,"href":"https:\/\/www.manologarciaycia.com\/index.php?rest_route=%2Fwp%2Fv2%2Ftags&post=24113"}],"curies":[{"name":"wp","href":"https:\/\/api.w.org\/{rel}","templated":true}]}}