{"id":24102,"date":"2024-11-08T17:18:43","date_gmt":"2024-11-08T16:18:43","guid":{"rendered":"https:\/\/www.manologarciaycia.com\/?p=24102"},"modified":"2024-11-08T17:18:45","modified_gmt":"2024-11-08T16:18:45","slug":"manolo-garcia-hago-canciones-porque-detesto-las-rotondas-y-los-trenes-de-alta-velocidad","status":"publish","type":"post","link":"https:\/\/www.manologarciaycia.com\/?p=24102","title":{"rendered":"Manolo Garc\u00eda: \u00abHago canciones porque detesto las rotondas y los trenes de alta velocidad\u00bb"},"content":{"rendered":"\n<h3 class=\"wp-block-heading\">El consumismo, la tecnolog\u00eda, la clase pol\u00edtica, el cambio clim\u00e1tico, el v\u00e9rtigo de los tiempos&#8230; En su vehemente discurso deja recados para todos. Pero tambi\u00e9n, por supuesto, hay lugar para la m\u00fasica. El s\u00e1bado act\u00faa en A Coru\u00f1a<\/h3>\n\n\n\n<p>Hombre discreto y austero en su vida privada, Manolo Garc\u00eda (Barcelona, 1955) se revuelve virulento en su discurso ante el devenir de los tiempos. Comprometido, que no activista, vomita inapelables sentencias con un candor que te desarma. Ajeno al dogma y desprovisto de urgencias, se aferra a la m\u00fasica y al arte como personal tabla de salvaci\u00f3n. Con generosidad abrumadora. Tres horas durar\u00e1 el concierto que el s\u00e1bado ofrecer\u00e1 en el Coliseum de A Coru\u00f1a, en el marco de su gira&nbsp;<em>Cero emisiones<\/em>.<\/p>\n\n\n\n<p><strong>\u00ad\u2014La semana pasada decidiste aplazar el que ten\u00edas previsto en Tarragona.<\/strong><\/p>\n\n\n\n<p>\u2014S\u00ed, en cuanto empec\u00e9 a ver la magnitud del desastre, llam\u00e9 a mi oficina y dije que hab\u00eda que aplazarlo. Tambi\u00e9n he aplazado para enero el que ten\u00eda previsto en Valencia. Dud\u00e9 mucho si aplazarlo o suspenderlo, porque entiendo que esa gente no est\u00e1 para fiestas. Pero al final he decidido ir y hacerlo solidario -no me gusta la palabra ben\u00e9fico- para darles un abrazo y porque creo que la m\u00fasica ejerce como alivio de tensi\u00f3n.<\/p>\n\n\n\n<p><strong>\u2014\u00bfEl cambio clim\u00e1tico sigue siendo \u00abla madre de todas las batallas\u00bb?<\/strong><\/p>\n\n\n\n<p>\u2014Hoy, la vida de todos est\u00e1 orientada a contaminar. Nos hemos olvidado de vivir al ritmo de las estaciones, de vivir de la tierra y del ganado, ser autosuficientes&#8230; En esta sociedad orquestada por parte de unos poderes equis,&nbsp;que ya me da igual quienes sean, lo importante es tener al reba\u00f1o atemorizado y quieto parado. Servimos para pagar, para cumplir, vete aqu\u00ed, vete all\u00ed, pasa la ITV, Hacienda somos todos&#8230; Todo est\u00e1 muy bien organizado para consumir y para fabricar cacharros, la mayor\u00eda de los cuales no sirven para nada. Es decir, para contaminar.&nbsp;Luego, hay otro factor importante a\u00f1adido al problema: la demograf\u00eda. Vamos a toda m\u00e1quina hacia los diez mil millones. Y la mayor\u00eda de esos diez mil millones no nos conformamos con comer y tener un cobijo. Pretendemos tener una televisi\u00f3n lo m\u00e1s grande posible, un chalet en la playa, dos coches&#8230; Esa es la inercia de la sociedad. Y a ver, yo no soy cient\u00edfico, pero el animal que soy me dice \u00abestamos yendo hacia el precipicio\u00bb. Y vamos muy deprisa y montados en una m\u00e1quina inmisericorde, que no tiene compasi\u00f3n de nada ni de nadie.<\/p>\n\n\n\n<p><strong>\u2014\u00bfHay lugar para la esperanza?<\/strong><\/p>\n\n\n\n<p>\u2014La hay, pero habr\u00eda que empezar a actuar ya. Y no es f\u00e1cil, porque llevamos una locomotora delante y otra detr\u00e1s que nos van empujando. \u00abVenga, venga, venga!\u00bb.<\/p>\n\n\n\n<p><strong>\u2014\u00bfEs el consumismo el nuevo opio del pueblo?<\/strong><\/p>\n\n\n\n<p>\u2014Claro. Y como cabeza de cartel, los chirimbolos electr\u00f3nicos: los m\u00f3viles, los ordenadores, los videojuegos&#8230; Es una esclavitud. Hay un atontolinamiento general y mucha gente enferma, con unos grados de adicci\u00f3n muy preocupantes. Y mientras, el mundo no va a mejor. Va a peor.&nbsp;Tambi\u00e9n es cierto que si te preguntas si alguna vez el mundo no ha sido as\u00ed, la respuesta es \u00abno\u00bb. Es la esencia humana. La historia de la humanidad est\u00e1 basada en el sometimiento al otro.<\/p>\n\n\n\n<p><strong>\u2014\u00abSoy esc\u00e9ptico pero no dejo de pedalear\u00bb, has dicho. Si te resignas o te vuelves cobarde, \u00bfest\u00e1s perdido?<\/strong><\/p>\n\n\n\n<p>\u2014No solo eso, sino que la vida pierde el sentido. Estamos aqu\u00ed para dar lo mejor de nosotros. La misi\u00f3n que tenemos en la vida es abrazar al vecino. Pero no porque haya una dana, sino en el d\u00eda a d\u00eda.&nbsp;Alejar el rasgo de maldad que haya en ti, que lo hay en todos, porque todos tenemos esa mezcla de Ca\u00edn y Abel, y luchar por que la sombra no invada la luz. A lo mejor te parecen teor\u00edas muy pueriles, pero yo las pr\u00e1ctico.&nbsp;<\/p>\n\n\n\n<p><strong>\u2014Y el ego, \u00bfd\u00f3nde lo dejas?<\/strong><\/p>\n\n\n\n<p>\u2014Vivimos en una sociedad donde prima y se ha potenciado el \u00abyo, mi, me, conmigo\u00bb. T\u00fa te lo mereces, t\u00fa lo vales&#8230; \u00bfPerdona? T\u00fa solo no vales nada. Te mueres de asco. Para cazar el mamut ten\u00edas que buscar al que hace las lanzas, al que hace el agujero para que caiga, al que sabe despellejarlo, al que sabe carnearlo para hacer los filetes&#8230; Tienes que hacer equipo. T\u00fa solo no te comes ni un rosco. Los seres humanos somos tribales. El problema es que ahora somos una tribu inmensa y mal organizada.<\/p>\n\n\n\n<p><strong>\u2014\u00bfCu\u00e1l es tu mayor acto de rebeld\u00eda?<\/strong><\/p>\n\n\n\n<p>\u2014No lo puedo contar porque me llevan a la c\u00e1rcel [se r\u00ede]. Yo soy anti muchas cosas y un friqui mundial. Yo me voy al monte con un tirachinas, coloco unos botes en una valla y me pongo a tirarles piedras un rato. Tengo mi yoga personal porque no me complace ni me convence este sistema. Da la sensaci\u00f3n de que los dioses, pobrecillos, de unas religiones o de otras, est\u00e1n de vacaciones o se han ido a la discoteca a tomar unas copas. Y han mandado a otro que se llama dinero. Y este es un cabr\u00f3n. Este s\u00ed que no tiene compasi\u00f3n de nadie.<\/p>\n\n\n\n<p>Mis actos de rebeld\u00eda son los peque\u00f1os placeres de la vida cotidiana, que adem\u00e1s suelen ser gratuitos: echar una partida al domin\u00f3 con los amigos en el bar de la esquina, dar un paseo, ir al monte o darme un ba\u00f1o en el mar.<\/p>\n\n\n\n<p><strong>\u2014Se suele decir que con la edad te vuelves m\u00e1s conservador, pero a ti te veo m\u00e1s punki que nunca.<\/strong><\/p>\n\n\n\n<p>\u2014Punki, no. Intento echar mano del sentido com\u00fan. De acuerdo, estamos en una sociedad neoliberal y capitalista y hay unas personas arriba, en la punta de la pir\u00e1mide, que est\u00e1n forrad\u00edsimas. Vale, con su pan se lo coman. Que sean muy felices con sus chal\u00e9s y sus yates. Pero que la base de la pir\u00e1mide tenga un techo, qu\u00e9 comer, qu\u00e9 vestir y respire. Ahora, \u00bfc\u00f3mo que hay un mill\u00f3n y medio de personas cada d\u00eda en Espa\u00f1a yendo a comedores sociales? \u00bfQu\u00e9 hac\u00e9is con el dinero de todos?<\/p>\n\n\n\n<p><strong>\u2014Dices en \u00abLaberinto de sue\u00f1os\u00bb que cada d\u00eda te pareces m\u00e1s a ti mismo y que eso no te conviene.<\/strong><\/p>\n\n\n\n<p>\u2014[Se r\u00ede] Bueno, esa es una frase ret\u00f3rico-surrealista-manolera.<\/p>\n\n\n\n<p><strong>\u2014A m\u00ed me da la sensaci\u00f3n de que algo de verdad tambi\u00e9n hay en ella.<\/strong><\/p>\n\n\n\n<p>\u2014Bueno, s\u00ed, algo hay. Evidentemente, yo soy consciente de mis errores y de mis fallos, y siempre estoy intentando mejorar. Intento a veces no parecerme demasiado a m\u00ed mismo y divertirme un poco y darme otros alientos nuevos.<\/p>\n\n\n\n<p><strong>\u2014Oye, que no estamos hablando nada de m\u00fasica.<\/strong><\/p>\n\n\n\n<p>\u2014Es que yo con estos temas me enredo y me pierdo (se r\u00ede)<\/p>\n\n\n\n<p><strong>\u2014Has publicado un disco doble con 27 canciones, tus conciertos duran 3 horas&#8230; Menos mal que despu\u00e9s del achuch\u00f3n te recomendaron que fueses despacio.<\/strong><\/p>\n\n\n\n<p>\u2014Hay que aprovechar la vida. Y la forma que yo he aprendido a hacerlo es con la m\u00fasica, el arte y la cultura. Entonces, claro que aprieto el acelerador, porque cada vez nos queda menos tiempo. Yo hago canciones, porque si no, reviento. A m\u00ed este mundo no me gusta. Por eso siempre leo escritores del pasado. Yo quiero vivir en otro tiempo. En un planeta donde la naturaleza mande. Y hoy estamos viviendo de espaldas a la naturaleza. Yo detesto este mundo de rotondas y molinos e\u00f3licos. Energ\u00eda limpia s\u00ed, pero no as\u00ed. Hay otras maneras de generar energ\u00eda limpia sin destrozar el paisaje, que es de todos. Tambi\u00e9n detesto los trenes de alta velocidad. \u00abQu\u00e9 guay, podemos ir a Galicia desde Madrid en cuatro horas\u00bb, me dicen. Pero es que, chico, yo crec\u00ed con la burrita de mi abuelo y a paso de burra yo era feliz. Como tambi\u00e9n eran felices mis abuelos, que eran gente humilde pero autosuficiente, con su peque\u00f1o huerto, sus cabras&#8230; En fin, que soy un t\u00edo anacr\u00f3nico que hace canciones porque est\u00e1 hasta las narices de rotondas y las molinos e\u00f3licos.<\/p>\n\n\n\n<p><strong>\u2014\u00bfDe qu\u00e9 te salva la m\u00fasica?<\/strong><\/p>\n\n\n\n<p>\u2014Yo empec\u00e9 a escuchar m\u00fasica con 12 o 13 a\u00f1os y tengo el disco duro de mi cabeza lleno de canciones. Tengo un potaje mental curioso. Lo mismo me gusta la rumba, que el flamenco, que el rock. Sigo escuhando a los Creedence, a Lole y Manuel, a los M\u00f3dulos, a los Beatles o a Siniestro Total, por&nbsp;hablarte de un grupo gallego que siempre me ha entusiasmado. Pero yo no me siento m\u00e1s que&nbsp;un m\u00fasico popular que crea canciones de tres cuatro minutos en las que cuento mis peque\u00f1as historias. La m\u00fasica es mi veh\u00edculo para estar en el mundo. Un veh\u00edculo que no contamina. Es una nube que no existe, pero que te envuelve y te emociona.<\/p>\n\n\n\n<p><strong>\u2014Este a\u00f1o te has reencontrado con Quimi Portet y hab\u00e9is publicado un disco revisitando parte del repertorio de El \u00daltimo de la Fila. \u00bfQu\u00e9 descubriste echando la mirada 40 a\u00f1os atr\u00e1s?<\/strong><\/p>\n\n\n\n<p>\u2014Descubr\u00ed que \u00e9ramos muy, muy inocentes, pero que ten\u00edamos un sentir muy real y muy sincero. Del 98?% de ese repertorio no reniego de nada. Me parece actual. De hecho, a d\u00eda de hoy tres o cuatro de aquellas canciones las estoy tocando en mis conciertos y triunfan como la gaseosa. No dir\u00e9 que lo de antes era estupendo y lo de ahora no. Claro que hay cosas nuevas estupendas. Pero en los grupos de los 80 y 90 hab\u00eda un algo de rechazo, de dar coces al sistema. Ven\u00edamos de un tiempo gris y las bandas dec\u00edan \u00abvamos a vivir, vamos a respirar\u00bb.&nbsp;Pero&nbsp;ahora ha entrado un elemento nuevo en escena que entonces no contaba: la pasta. Ahora es \u00aba ver c\u00f3mo hacemos para forrarnos\u00bb. Me hago<em>&nbsp;youtuber, influencer,<\/em>&nbsp;m\u00fasico, modelo, futbolista&#8230; El horizonte siempre es la pasta. Yo te juro que durante a\u00f1os y a\u00f1os toqu\u00e9 como un loco con todos los grupos que pod\u00eda y nunca pens\u00e9 en la pasta. Entonces pon\u00edamos velitas en el altar del arte. Ahora se ponen en el altar de los dioses del dinero.<\/p>\n\n\n\n<p>Fuente: La Voz de Galicia &#8211; <a href=\"https:\/\/www.lavozdegalicia.es\/noticia\/coruna\/coruna\/2024\/11\/08\/hago-canciones-detesto-rotondas-trenes-alta-velocidad\/0003_202411SF8P7991.htm\">https:\/\/www.lavozdegalicia.es\/noticia\/coruna\/coruna\/2024\/11\/08\/hago-canciones-detesto-rotondas-trenes-alta-velocidad\/0003_202411SF8P7991.htm<\/a><\/p>\n","protected":false},"excerpt":{"rendered":"<p>El consumismo, la tecnolog\u00eda, la clase pol\u00edtica, el cambio clim\u00e1tico, el v\u00e9rtigo de los tiempos&#8230; En su vehemente discurso deja recados para todos. Pero tambi\u00e9n, por supuesto, hay lugar para la m\u00fasica. El s\u00e1bado act\u00faa en A Coru\u00f1a Hombre discreto y austero en su vida privada, Manolo Garc\u00eda (Barcelona, 1955) se revuelve virulento en su<a class=\"moretag\" href=\"https:\/\/www.manologarciaycia.com\/?p=24102\" title=\"Manolo Garc\u00eda: \u00abHago canciones porque detesto las rotondas y los trenes de alta velocidad\u00bb\" target=\"_self\" rel=\"follow\"> <font face=arial size=2>[Leer m\u00e1s]<\/font> <\/a><\/p>\n","protected":false},"author":2,"featured_media":24103,"comment_status":"closed","ping_status":"closed","sticky":false,"template":"","format":"standard","meta":{"footnotes":""},"categories":[1],"tags":[],"class_list":["post-24102","post","type-post","status-publish","format-standard","has-post-thumbnail","hentry","category-manolo-garcia"],"_links":{"self":[{"href":"https:\/\/www.manologarciaycia.com\/index.php?rest_route=\/wp\/v2\/posts\/24102","targetHints":{"allow":["GET"]}}],"collection":[{"href":"https:\/\/www.manologarciaycia.com\/index.php?rest_route=\/wp\/v2\/posts"}],"about":[{"href":"https:\/\/www.manologarciaycia.com\/index.php?rest_route=\/wp\/v2\/types\/post"}],"author":[{"embeddable":true,"href":"https:\/\/www.manologarciaycia.com\/index.php?rest_route=\/wp\/v2\/users\/2"}],"replies":[{"embeddable":true,"href":"https:\/\/www.manologarciaycia.com\/index.php?rest_route=%2Fwp%2Fv2%2Fcomments&post=24102"}],"version-history":[{"count":1,"href":"https:\/\/www.manologarciaycia.com\/index.php?rest_route=\/wp\/v2\/posts\/24102\/revisions"}],"predecessor-version":[{"id":24104,"href":"https:\/\/www.manologarciaycia.com\/index.php?rest_route=\/wp\/v2\/posts\/24102\/revisions\/24104"}],"wp:featuredmedia":[{"embeddable":true,"href":"https:\/\/www.manologarciaycia.com\/index.php?rest_route=\/wp\/v2\/media\/24103"}],"wp:attachment":[{"href":"https:\/\/www.manologarciaycia.com\/index.php?rest_route=%2Fwp%2Fv2%2Fmedia&parent=24102"}],"wp:term":[{"taxonomy":"category","embeddable":true,"href":"https:\/\/www.manologarciaycia.com\/index.php?rest_route=%2Fwp%2Fv2%2Fcategories&post=24102"},{"taxonomy":"post_tag","embeddable":true,"href":"https:\/\/www.manologarciaycia.com\/index.php?rest_route=%2Fwp%2Fv2%2Ftags&post=24102"}],"curies":[{"name":"wp","href":"https:\/\/api.w.org\/{rel}","templated":true}]}}