{"id":24099,"date":"2024-11-08T17:17:08","date_gmt":"2024-11-08T16:17:08","guid":{"rendered":"https:\/\/www.manologarciaycia.com\/?p=24099"},"modified":"2024-11-08T17:17:10","modified_gmt":"2024-11-08T16:17:10","slug":"en-las-giras-soy-un-caracol-mi-casa-son-libros-y-pinturas","status":"publish","type":"post","link":"https:\/\/www.manologarciaycia.com\/?p=24099","title":{"rendered":"\u00abEn las giras soy un caracol, mi casa son libros y pinturas\u00bb"},"content":{"rendered":"\n<p>El cantante catal\u00e1n vuelve a A Coru\u00f1a con una gira que lo llev\u00f3 a recorrer la mayor parte del pa\u00eds. Presentar\u00e1 un doble \u00e1lbum&nbsp;<em><strong>Mi vida en Marte<\/strong><\/em>&nbsp;y&nbsp;<em><strong>Desatinos Desplumados<\/strong><\/em>, el pr\u00f3ximo s\u00e1bado en el Coliseum (Calle Francisco P\u00e9rez Carballo, 2) a las 22.00 horas.<\/p>\n\n\n\n<p><strong>\u00bfQu\u00e9 se va a encontrar la gente en el espect\u00e1culo en A Coru\u00f1a este s\u00e1bado?<\/strong><\/p>\n\n\n\n<p>Es un concierto donde hago un repaso del presente. Evidentemente estoy presentando mi doble \u00e1lbum, pero tambi\u00e9n har\u00e9 un repaso de las canciones de \u00faltima fila. Tambi\u00e9n ser\u00e1 un concierto m\u00e1s largo en duraci\u00f3n que lo que la gente acostumbra. Unas dos horas y media o tres horas, porque tendr\u00e1 un variado de canciones.<\/p>\n\n\n\n<p><strong>Estuvo viviendo de gira m\u00e1s de dos a\u00f1os, \u00bfc\u00f3mo es y c\u00f3mo lleva la vida viviendo de gira?<\/strong><\/p>\n\n\n\n<p>Soy un caracol, llevo la casa a cuestas. Mi casa son mis libros, una cajita de pinturas, unos blocs de dibujo. Esa es mi vida en los hoteles. Yo soy una persona muy dada a la introspecci\u00f3n, en el d\u00eda a d\u00eda. No soy nada sociable en el sentido de fiesta. Necesito amigos, copas. Pero en las giras soy un poco monje. Acudo a los conciertos teniendo que estar descansado, relajado y tranquilo.<\/p>\n\n\n\n<p><strong>Luego de tantos a\u00f1os en la industria musical y en los escenarios, \u00bfsigue sintiendo nervios antes de subir a un escenario?<\/strong><\/p>\n\n\n\n<p>No, est\u00e1 el bichito de la responsabilidad. Un periodista musical dijo, hace muchos a\u00f1os, que yo era un animal de escenario. El saber que estoy en manos de un equipo t\u00e9cnico, una iluminaci\u00f3n, un sonidista y que nada debe fallar. Ese punto de responsabilidad de que todo vaya bien, que no se vaya la luz, que funcione bien el sonido. Una vez ves que todo empieza a funcionar y que va adelante, todo es un cuesta abajo, es una alegr\u00eda. Para m\u00ed es un placer.<\/p>\n\n\n\n<p><strong>\u00bfD\u00f3nde encuentra motivaci\u00f3n para seguir subiendo al escenario?<\/strong><\/p>\n\n\n\n<p>Hay varios factores. Uno podr\u00eda ser que soy una persona muy vital, un esc\u00e9ptico muy participativo. Soy de los que piensan que esto es muy complicado. Y cuando digo esto, digo nuestras vidas. Luego tambi\u00e9n est\u00e1 la otra parte, que es el mundo actual. Con sus adelantos, con los avances tecnol\u00f3gicos, con la inteligencia artificial. Todas estas supuestas bondades que nos ofrece el mundo moderno. A m\u00ed me fatigan, algunas de ellas me asquean. Pero lo que no voy a ser nunca es una persona amargada. \u00bfC\u00f3mo ve el mundo actual?. La demograf\u00eda juega un papel important\u00edsimo. Somos much\u00edsima gente sobre el planeta. Fuimos creciendo en \u00e9l. Se calcula que en el 2050 seremos 10 mil millones. Somos una peque\u00f1a tribu. Organizar una peque\u00f1a tribu es dif\u00edcil. Organizar un planeta por continentes. El mundo actualmente no ha dejado de ser violento. Hay una violencia latente y real. Guerras que siguen existiendo en el continente africano, en Ucrania, en Gaza.<\/p>\n\n\n\n<p><strong>\u00bfCree que todo lo que esta sucediendo en el \u00e1mbito internacional repercute en la industria musical?<\/strong><\/p>\n\n\n\n<p>Todo est\u00e1 interconectado. Lo creo firmemente. Para m\u00ed, el problema se resumen en la cuesti\u00f3n del cambio clim\u00e1tico. Hay que organizarse. O nos organizamos o esto puede ser un problema muy grande. Menos recursos, m\u00e1s gente y aumento de la temperatura. Es una mezcla. Es la madre de los problemas.<\/p>\n\n\n\n<p>\u00bfQu\u00e9 queda, en la actualidad, del Manolo Garc\u00eda que daba sus primeros pasos en la m\u00fasica?<\/p>\n\n\n\n<p>Queda lo m\u00e1s importante. Est\u00e1 intacta la curiosidad por saber si ser\u00e9 capaz de seguir contando cosas y emocionando con mis canciones. Eso est\u00e1 intacto. Esa necesidad de seguir componiendo, de cantar para la gente, de abrazar a la gente con una canci\u00f3n, con unos acordes, con una actitud.<\/p>\n\n\n\n<p><strong>\u00bfCu\u00e1l es su inspiraci\u00f3n para crear m\u00fasica y componer?<\/strong><\/p>\n\n\n\n<p>La fuente de inspiraci\u00f3n es la calle, es la vida. Yo soy una. Vengo de una familia de obreros, de gente trabajadora, humilde, pobre. Entonces yo he vivido en la calle desde muy jovencito, desde muy ni\u00f1o empec\u00e9 a trabajar muy, muy joven, con tres a\u00f1os y medio. Yo estaba ya en un taller de carpinter\u00eda. Eso a m\u00ed me ha dado lo que es la vida, el vivir a pie de calle, el saber que cada ma\u00f1ana tienes que buscarte, como decimos aqu\u00ed, las habichuelas. Cantantes y bandas tambi\u00e9n me inspiran. Queen, Fito Paez, Wilco, Triana, Lori Manuel, Calamaro, grupos de los 70\u2019. Escuchar el mundo de las canciones es inspirador.<\/p>\n\n\n\n<p><strong>\u00bfQuedan m\u00e1s a\u00f1os de Manolo Garc\u00eda en los escenarios?<\/strong><\/p>\n\n\n\n<p>Nadie sabe nada. Yo tengo ganas y tengo \u00abla necesidad de seguir cantando\u00bb. Evidentemente un factor que hay que tener en cuenta es la salud. La salud es un factor imperscindible y fundamental para todo.<\/p>\n\n\n\n<p><strong>\u00bfTiene alg\u00fan disco en el horno?<\/strong><\/p>\n\n\n\n<p>S\u00ed, estoy trabajando en algo nuevo. Porque es importante para m\u00ed llenar horas con algo et\u00e9reo, intangible, inasible. Una canci\u00f3n es un sue\u00f1o. Entonces esa necesidad la tengo. A ratitos, entre semana, los d\u00edas que no tengo concierto, ya estoy con la grabadora, la guitarra, el teclado, estoy como jugando. Cuando empiezo a jugar, va a haber algo pronto.<\/p>\n\n\n\n<p>Fuente: La Opinion de A Coru\u00f1a <a href=\"https:\/\/www.laopinioncoruna.es\/sociedad\/2024\/11\/08\/giras-caracol-casa-son-libros-111484893.html\">https:\/\/www.laopinioncoruna.es\/sociedad\/2024\/11\/08\/giras-caracol-casa-son-libros-111484893.html<\/a><\/p>\n","protected":false},"excerpt":{"rendered":"<p>El cantante catal\u00e1n vuelve a A Coru\u00f1a con una gira que lo llev\u00f3 a recorrer la mayor parte del pa\u00eds. Presentar\u00e1 un doble \u00e1lbum&nbsp;Mi vida en Marte&nbsp;y&nbsp;Desatinos Desplumados, el pr\u00f3ximo s\u00e1bado en el Coliseum (Calle Francisco P\u00e9rez Carballo, 2) a las 22.00 horas. \u00bfQu\u00e9 se va a encontrar la gente en el espect\u00e1culo en A<a class=\"moretag\" href=\"https:\/\/www.manologarciaycia.com\/?p=24099\" title=\"\u00abEn las giras soy un caracol, mi casa son libros y pinturas\u00bb\" target=\"_self\" rel=\"follow\"> <font face=arial size=2>[Leer m\u00e1s]<\/font> <\/a><\/p>\n","protected":false},"author":2,"featured_media":24100,"comment_status":"closed","ping_status":"closed","sticky":false,"template":"","format":"standard","meta":{"footnotes":""},"categories":[1],"tags":[],"class_list":["post-24099","post","type-post","status-publish","format-standard","has-post-thumbnail","hentry","category-manolo-garcia"],"_links":{"self":[{"href":"https:\/\/www.manologarciaycia.com\/index.php?rest_route=\/wp\/v2\/posts\/24099","targetHints":{"allow":["GET"]}}],"collection":[{"href":"https:\/\/www.manologarciaycia.com\/index.php?rest_route=\/wp\/v2\/posts"}],"about":[{"href":"https:\/\/www.manologarciaycia.com\/index.php?rest_route=\/wp\/v2\/types\/post"}],"author":[{"embeddable":true,"href":"https:\/\/www.manologarciaycia.com\/index.php?rest_route=\/wp\/v2\/users\/2"}],"replies":[{"embeddable":true,"href":"https:\/\/www.manologarciaycia.com\/index.php?rest_route=%2Fwp%2Fv2%2Fcomments&post=24099"}],"version-history":[{"count":1,"href":"https:\/\/www.manologarciaycia.com\/index.php?rest_route=\/wp\/v2\/posts\/24099\/revisions"}],"predecessor-version":[{"id":24101,"href":"https:\/\/www.manologarciaycia.com\/index.php?rest_route=\/wp\/v2\/posts\/24099\/revisions\/24101"}],"wp:featuredmedia":[{"embeddable":true,"href":"https:\/\/www.manologarciaycia.com\/index.php?rest_route=\/wp\/v2\/media\/24100"}],"wp:attachment":[{"href":"https:\/\/www.manologarciaycia.com\/index.php?rest_route=%2Fwp%2Fv2%2Fmedia&parent=24099"}],"wp:term":[{"taxonomy":"category","embeddable":true,"href":"https:\/\/www.manologarciaycia.com\/index.php?rest_route=%2Fwp%2Fv2%2Fcategories&post=24099"},{"taxonomy":"post_tag","embeddable":true,"href":"https:\/\/www.manologarciaycia.com\/index.php?rest_route=%2Fwp%2Fv2%2Ftags&post=24099"}],"curies":[{"name":"wp","href":"https:\/\/api.w.org\/{rel}","templated":true}]}}