{"id":24096,"date":"2024-11-08T17:15:05","date_gmt":"2024-11-08T16:15:05","guid":{"rendered":"https:\/\/www.manologarciaycia.com\/?p=24096"},"modified":"2024-11-08T17:15:07","modified_gmt":"2024-11-08T16:15:07","slug":"manolo-garcia-aplaza-su-concierto-en-valencia-a-enero-y-lo-convierte-en-una-cita-solidaria","status":"publish","type":"post","link":"https:\/\/www.manologarciaycia.com\/?p=24096","title":{"rendered":"Manolo Garc\u00eda aplaza su concierto en Val\u00e8ncia a enero y lo convierte en una cita solidaria"},"content":{"rendered":"\n<p>Manolo Garc\u00eda ha anunciado que aplaza el concierto previsto en la ciudad de Val\u00e8ncia el pr\u00f3ximo 16 de noviembre debido a la tragedia de la DANA. La nueva fecha de celebraci\u00f3n del mismo ser\u00e1 el ser\u00e1 el pr\u00f3ximo 18 de enero de 2025 en el Pabell\u00f3n Fuente San Luis.<br><br>Leer m\u00e1s:\u00a0<a href=\"https:\/\/www.europapress.es\/comunitat-valenciana\/noticia-manolo-garcia-aplaza-concierto-valencia-enero-convierte-cita-solidaria-20241107182645.html?utm_campaign=smartclip_social&amp;utm_medium=Social&amp;utm_source=Facebook\">https:\/\/www.europapress.es\/comunitat-valenciana\/noticia-manolo-garcia-aplaza-concierto-valencia-enero-convierte-cita-solidaria-20241107182645.html?utm_campaign=smartclip_social&amp;utm_medium=Social&amp;utm_source=Facebook<\/a><br><\/p>\n","protected":false},"excerpt":{"rendered":"<p>Manolo Garc\u00eda ha anunciado que aplaza el concierto previsto en la ciudad de Val\u00e8ncia el pr\u00f3ximo 16 de noviembre debido a la tragedia de la DANA. La nueva fecha de celebraci\u00f3n del mismo ser\u00e1 el ser\u00e1 el pr\u00f3ximo 18 de enero de 2025 en el Pabell\u00f3n Fuente San Luis. Leer m\u00e1s:\u00a0https:\/\/www.europapress.es\/comunitat-valenciana\/noticia-manolo-garcia-aplaza-concierto-valencia-enero-convierte-cita-solidaria-20241107182645.html?utm_campaign=smartclip_social&amp;utm_medium=Social&amp;utm_source=Facebook<a class=\"moretag\" href=\"https:\/\/www.manologarciaycia.com\/?p=24096\" title=\"Manolo Garc\u00eda aplaza su concierto en Val\u00e8ncia a enero y lo convierte en una cita solidaria\" target=\"_self\" rel=\"follow\"> <font face=arial size=2>[Leer m\u00e1s]<\/font> <\/a><\/p>\n","protected":false},"author":2,"featured_media":24097,"comment_status":"closed","ping_status":"closed","sticky":false,"template":"","format":"standard","meta":{"footnotes":""},"categories":[1],"tags":[],"class_list":["post-24096","post","type-post","status-publish","format-standard","has-post-thumbnail","hentry","category-manolo-garcia"],"_links":{"self":[{"href":"https:\/\/www.manologarciaycia.com\/index.php?rest_route=\/wp\/v2\/posts\/24096","targetHints":{"allow":["GET"]}}],"collection":[{"href":"https:\/\/www.manologarciaycia.com\/index.php?rest_route=\/wp\/v2\/posts"}],"about":[{"href":"https:\/\/www.manologarciaycia.com\/index.php?rest_route=\/wp\/v2\/types\/post"}],"author":[{"embeddable":true,"href":"https:\/\/www.manologarciaycia.com\/index.php?rest_route=\/wp\/v2\/users\/2"}],"replies":[{"embeddable":true,"href":"https:\/\/www.manologarciaycia.com\/index.php?rest_route=%2Fwp%2Fv2%2Fcomments&post=24096"}],"version-history":[{"count":1,"href":"https:\/\/www.manologarciaycia.com\/index.php?rest_route=\/wp\/v2\/posts\/24096\/revisions"}],"predecessor-version":[{"id":24098,"href":"https:\/\/www.manologarciaycia.com\/index.php?rest_route=\/wp\/v2\/posts\/24096\/revisions\/24098"}],"wp:featuredmedia":[{"embeddable":true,"href":"https:\/\/www.manologarciaycia.com\/index.php?rest_route=\/wp\/v2\/media\/24097"}],"wp:attachment":[{"href":"https:\/\/www.manologarciaycia.com\/index.php?rest_route=%2Fwp%2Fv2%2Fmedia&parent=24096"}],"wp:term":[{"taxonomy":"category","embeddable":true,"href":"https:\/\/www.manologarciaycia.com\/index.php?rest_route=%2Fwp%2Fv2%2Fcategories&post=24096"},{"taxonomy":"post_tag","embeddable":true,"href":"https:\/\/www.manologarciaycia.com\/index.php?rest_route=%2Fwp%2Fv2%2Ftags&post=24096"}],"curies":[{"name":"wp","href":"https:\/\/api.w.org\/{rel}","templated":true}]}}