{"id":24092,"date":"2024-11-07T12:35:40","date_gmt":"2024-11-07T11:35:40","guid":{"rendered":"https:\/\/www.manologarciaycia.com\/?p=24092"},"modified":"2024-11-07T12:35:40","modified_gmt":"2024-11-07T11:35:40","slug":"manolo-garcia-aplaza-su-concierto-en-valencia-previsto-para-el-16-de-noviembre-hasta-enero-conviertiendolo-en-un-concierto-solidario","status":"publish","type":"post","link":"https:\/\/www.manologarciaycia.com\/?p=24092","title":{"rendered":"Manolo Garc\u00eda aplaza su concierto en Valencia previsto para el 16 de noviembre hasta enero, CONVIERTIENDOLO EN UN CONCIERTO SOLIDARIO"},"content":{"rendered":"\n<p>La nueva fecha, que ser\u00e1 el pr\u00f3ximo l8 de enero de 2025, supone el cierre de su gira Cero Emisiones Contaminantes Desde Ya y en ella el artista junto a los promotores del evento destinar\u00e1n la recaudaci\u00f3n a los afectados por la tragedia de la DANA.<\/p>\n\n\n\n<p>Tras los graves acontecimientos vividos en nuestro pa\u00eds y como muestra de profundo <a><\/a>respeto y fraternidad hacia las v\u00edctimas y sus familiares, Manolo Garc\u00eda ha anunciado que aplaza el concierto previsto en la ciudad de Valencia el pr\u00f3ximo 16 de noviembre.<\/p>\n\n\n\n<p>La nueva fecha de celebraci\u00f3n del mismo ser\u00e1 el ser\u00e1 el pr\u00f3ximo 18 de enero de 2025 en el Pabell\u00f3n Fuente San Luis. Manolo Garc\u00eda ha consensuado junto a la organizaci\u00f3n que esta cita sea un acto de apoyo a los afectados por la cat\u00e1strofe donando la recaudaci\u00f3n a una organizaci\u00f3n no gubernamental de las que est\u00e1n prestando ayuda a los damnificados.<\/p>\n\n\n\n<p>*Las entradas del d\u00eda 16 de noviembre ser\u00e1 v\u00e1lidas para acceder al recinto sin necesidad de cambiar su entrada. En el caso de que no pudiesen asistir les detallamos la pol\u00edtica de devoluci\u00f3n de la ticketera.<\/p>\n\n\n\n<p>POL\u00cdTICA DEVOLUCI\u00d3N DE ENTRADAS TICKETMASTER<\/p>\n\n\n\n<p>1. Aquellos clientes que compraron sus entradas a trav\u00e9s de la web de Ticketmaster o por venta telef\u00f3nica, pueden solicitar la devoluci\u00f3n de sus entradas en un plazo de 15 d\u00edas a partir de este momento a trav\u00e9s de este link: <a href=\"https:\/\/help.ticketmaster.es\/hc\/es\/requests\/new?fbclid=IwZXh0bgNhZW0CMTAAAR04XF7SI7vZitVfS8LqA77VBTdMcXBw9DXqlDaO0_0RZIpkLy4FyyFMZt8_aem_Vz64e7hC-BGBd81MYI-vQg\" rel=\"noreferrer noopener\" target=\"_blank\">https:\/\/help.ticketmaster.es\/hc\/es\/requests\/new<\/a><\/p>\n\n\n\n<p>Fuente: Manolo Garc\u00eda<\/p>\n","protected":false},"excerpt":{"rendered":"<p>La nueva fecha, que ser\u00e1 el pr\u00f3ximo l8 de enero de 2025, supone el cierre de su gira Cero Emisiones Contaminantes Desde Ya y en ella el artista junto a los promotores del evento destinar\u00e1n la recaudaci\u00f3n a los afectados por la tragedia de la DANA. Tras los graves acontecimientos vividos en nuestro pa\u00eds y<a class=\"moretag\" href=\"https:\/\/www.manologarciaycia.com\/?p=24092\" title=\"Manolo Garc\u00eda aplaza su concierto en Valencia previsto para el 16 de noviembre hasta enero, CONVIERTIENDOLO EN UN CONCIERTO SOLIDARIO\" target=\"_self\" rel=\"follow\"> <font face=arial size=2>[Leer m\u00e1s]<\/font> <\/a><\/p>\n","protected":false},"author":2,"featured_media":24093,"comment_status":"closed","ping_status":"closed","sticky":false,"template":"","format":"standard","meta":{"footnotes":""},"categories":[1],"tags":[],"class_list":["post-24092","post","type-post","status-publish","format-standard","has-post-thumbnail","hentry","category-manolo-garcia"],"_links":{"self":[{"href":"https:\/\/www.manologarciaycia.com\/index.php?rest_route=\/wp\/v2\/posts\/24092","targetHints":{"allow":["GET"]}}],"collection":[{"href":"https:\/\/www.manologarciaycia.com\/index.php?rest_route=\/wp\/v2\/posts"}],"about":[{"href":"https:\/\/www.manologarciaycia.com\/index.php?rest_route=\/wp\/v2\/types\/post"}],"author":[{"embeddable":true,"href":"https:\/\/www.manologarciaycia.com\/index.php?rest_route=\/wp\/v2\/users\/2"}],"replies":[{"embeddable":true,"href":"https:\/\/www.manologarciaycia.com\/index.php?rest_route=%2Fwp%2Fv2%2Fcomments&post=24092"}],"version-history":[{"count":1,"href":"https:\/\/www.manologarciaycia.com\/index.php?rest_route=\/wp\/v2\/posts\/24092\/revisions"}],"predecessor-version":[{"id":24094,"href":"https:\/\/www.manologarciaycia.com\/index.php?rest_route=\/wp\/v2\/posts\/24092\/revisions\/24094"}],"wp:featuredmedia":[{"embeddable":true,"href":"https:\/\/www.manologarciaycia.com\/index.php?rest_route=\/wp\/v2\/media\/24093"}],"wp:attachment":[{"href":"https:\/\/www.manologarciaycia.com\/index.php?rest_route=%2Fwp%2Fv2%2Fmedia&parent=24092"}],"wp:term":[{"taxonomy":"category","embeddable":true,"href":"https:\/\/www.manologarciaycia.com\/index.php?rest_route=%2Fwp%2Fv2%2Fcategories&post=24092"},{"taxonomy":"post_tag","embeddable":true,"href":"https:\/\/www.manologarciaycia.com\/index.php?rest_route=%2Fwp%2Fv2%2Ftags&post=24092"}],"curies":[{"name":"wp","href":"https:\/\/api.w.org\/{rel}","templated":true}]}}