{"id":24089,"date":"2024-10-31T13:03:25","date_gmt":"2024-10-31T12:03:25","guid":{"rendered":"https:\/\/www.manologarciaycia.com\/?p=24089"},"modified":"2024-10-31T13:03:27","modified_gmt":"2024-10-31T12:03:27","slug":"atencion-manolo-garcia-aplaza-su-concierto-de-este-viernes-en-tarragona-en-solidaridad-hacia-los-afectados-de-la-dana","status":"publish","type":"post","link":"https:\/\/www.manologarciaycia.com\/?p=24089","title":{"rendered":"Atenci\u00f3n: Manolo Garc\u00eda aplaza su concierto de este viernes en Tarragona en solidaridad hacia los afectados de la DANA"},"content":{"rendered":"\n<p>La fecha de celebraci\u00f3n del concierto ser\u00e1 el pr\u00f3ximo 07 de diciembre de 2024 en el recinto Tarraco Arena de Tarragona<\/p>\n\n\n\n<p><a><\/a>Debido a la grave situaci\u00f3n por la que est\u00e1 atravesando el pa\u00eds con miles de personas afectadas por las recientes cat\u00e1strofes naturales que ha tra\u00eddo consigo la DANA, Manolo Garc\u00eda ha consensuado con la organizaci\u00f3n aplazar el concierto que iba a tener lugar ma\u00f1ana viernes 01 de noviembre en el recinto Tarraco Arena de Tarragona.<\/p>\n\n\n\n<p>El artista y organizaci\u00f3n han coincidido en que \u00abno es el momento adecuado para celebrar un evento de estas caracter\u00edsticas\u00bb sum\u00e1ndose as\u00ed a la declaraci\u00f3n de luto nacional y manifestando que \u00abqueremos trasladar toda la solidaridad a las familias afectadas por esta dura tragedia y dar nuestro m\u00e1s sentido p\u00e9same\u00bb.<\/p>\n\n\n\n<p>Manolo Garc\u00eda se encuentra conmocionado por lo sucedido y ha querido trasladar su solidaridad y sentimiento fraternal hac\u00eda los afectados aplazando la fecha de este concierto por considerar que no es d\u00eda de celebraciones musicales dados los acontecimientos, la gravedad de la situaci\u00f3n y la cantidad desmesurada de familias tocadas por la tragedia.<\/p>\n\n\n\n<p>Evidentemente tambi\u00e9n han pensado en la gente que se desplaza y su seguridad, ya sea p\u00fablico o trabajadores.<\/p>\n\n\n\n<p>*Las entradas del d\u00eda 1 de noviembre ser\u00e1 v\u00e1lidas para acceder al recinto sin necesidad de cambiar su entrada. En el caso de que no pudiesen asistir les detallamos la pol\u00edtica de devoluci\u00f3n de cada Ticketera.<\/p>\n\n\n\n<p>POL\u00cdTICA DEVOLUCI\u00d3N DE ENTRADAS TICKETMASTER<\/p>\n\n\n\n<p>1. Aquellos clientes que compraron sus entradas a trav\u00e9s de la web de Ticketmaster o por venta telef\u00f3nica, pueden solicitar la devoluci\u00f3n de sus entradas en un plazo de 15 d\u00edas a trav\u00e9s de este link: <a href=\"https:\/\/l.facebook.com\/l.php?u=https%3A%2F%2Fhelp.ticketmaster.es%2Fhc%2Fes%2Frequests%2Fnew%3Ffbclid%3DIwZXh0bgNhZW0CMTAAAR1ciUp5164GCpW7PbvkClOmOlUjEvesMf0aa3Wg_uARvhNKjhWVzV8Q6rk_aem_PIUJ0ePGKDr8hkgtqc1Ocw&amp;h=AT0C-uZqmsvlCSE-9xCmMyfDROTYxEi4A5H_i6SJ05dQxNsun2u9v87yOVKNN09LcyTNhUBElO1zFnI-SOZsJO9IhQBnQQ3Bp2irSZVu9pyTC7BdDi1JR6TEHlFuUq45Gw&amp;__tn__=-UK-R&amp;c[0]=AT0AtQqNJ9b54twh2QErN_I11hTmOnY-Yx_-ytyULf2gzf3c2Tk8FarnVmJDRPYOtizdiyTcHI0QjhtyO7kBGu3xDtop-IFqHgS8V0B8RxWjlZbEGhMtLHH87jHdcCa0YWMIozjRiTOd5UsBjUJpIew-FK_TJoLZ5UpVq69wYFeOKR4_57JsuTUeqnpaiONCfcWIMA\" rel=\"noreferrer noopener\" target=\"_blank\">https:\/\/help.ticketmaster.es\/hc\/es\/requests\/new<\/a>.<\/p>\n\n\n\n<p>POL\u00cdTICA DE DEVOLUCI\u00d3N DE ENTRADAS EL CORTE INGL\u00c9S<\/p>\n\n\n\n<p>1. Si usted compr\u00f3 sus entradas a trav\u00e9s de la web del El Corte Ingl\u00e9s o por venta telef\u00f3nica, pueden solicitar la devoluci\u00f3n de sus entradas en un plazo de 15 d\u00edas a partir de hoy a trav\u00e9s de este correo electr\u00f3nico: <a href=\"https:\/\/l.facebook.com\/l.php?u=http%3A%2F%2Fventa_entradasOelcorteingles.es%2F%3Ffbclid%3DIwZXh0bgNhZW0CMTAAAR0r0j850XVq5jwHYyY0q7IDAQxl0dO7VOS2rMNalgeulivADcr8I95pzmY_aem_qbcRnjrf-RizaIQjWaLmPQ&amp;h=AT1QY3XfGrLKYpJyXA6gMxKJv6PokmKSZTY7YojCHJCOEG9xSEavSmn4MtG4BX5niWNSnEjuXHe8DMPetT6sNu6ZLPROiQJYfBR9-5MvOdNW-DwxXfQMiQfQURsEGi3_JA&amp;__tn__=-UK-R&amp;c[0]=AT0AtQqNJ9b54twh2QErN_I11hTmOnY-Yx_-ytyULf2gzf3c2Tk8FarnVmJDRPYOtizdiyTcHI0QjhtyO7kBGu3xDtop-IFqHgS8V0B8RxWjlZbEGhMtLHH87jHdcCa0YWMIozjRiTOd5UsBjUJpIew-FK_TJoLZ5UpVq69wYFeOKR4_57JsuTUeqnpaiONCfcWIMA\" rel=\"noreferrer noopener\" target=\"_blank\">venta_entradasOelcorteingles.es.<\/a><\/p>\n\n\n\n<p>2. Si usted adquiri\u00f3 sus entradas de forma presencial en un centro de El Corte Ingl\u00e9s o si ha pagado sus entradas con Tarjeta regalo, debe solicitar la devoluci\u00f3n de sus entradas en un plazo de 15 d\u00edas acudiendo a un centro comercial de El Corte Ingl\u00e9s con servicio de venta de entradas presentando las mismas.<\/p>\n\n\n\n<p>3. Si adquiri\u00f3 sus entradas en una agencia de Viajes El Corte Ingl\u00e9s deber\u00e1 dirigirse a la Delegaci\u00f3n de Viajes para solicitar el reembolso en plazo de 15 d\u00edas a partir de hoy.<\/p>\n\n\n\n<p>POL\u00cdTICA DE DEVOLUCI\u00d3N DE EVENTO ENTRADAS <a href=\"http:\/\/tarracoarena.com\/?fbclid=IwZXh0bgNhZW0CMTAAAR0y5HGI8lBeKCmDWgRfApqN4yaxwBgYunOeW2utIJgzVYEENzsmD7dBw70_aem_BuPB7k2m_BQClmRq_mJjEg\" rel=\"noreferrer noopener\" target=\"_blank\">TARRACOARENA.COM<\/a><\/p>\n\n\n\n<p>Si usted compr\u00f3 sus entradas a trav\u00e9s de la web del Tarraco Arena o por venta telef\u00f3nica, pueden solicitar la devoluci\u00f3n de sus entradas en un plazo de 15 d\u00edas a partir de hoy a trav\u00e9s de este correo electr\u00f3nico: info@tarracoarena.coms<\/p>\n\n\n\n<p>Fuente: Manolo Garc\u00eda<\/p>\n","protected":false},"excerpt":{"rendered":"<p>La fecha de celebraci\u00f3n del concierto ser\u00e1 el pr\u00f3ximo 07 de diciembre de 2024 en el recinto Tarraco Arena de Tarragona Debido a la grave situaci\u00f3n por la que est\u00e1 atravesando el pa\u00eds con miles de personas afectadas por las recientes cat\u00e1strofes naturales que ha tra\u00eddo consigo la DANA, Manolo Garc\u00eda ha consensuado con la<a class=\"moretag\" href=\"https:\/\/www.manologarciaycia.com\/?p=24089\" title=\"Atenci\u00f3n: Manolo Garc\u00eda aplaza su concierto de este viernes en Tarragona en solidaridad hacia los afectados de la DANA\" target=\"_self\" rel=\"follow\"> <font face=arial size=2>[Leer m\u00e1s]<\/font> <\/a><\/p>\n","protected":false},"author":2,"featured_media":24090,"comment_status":"closed","ping_status":"closed","sticky":false,"template":"","format":"standard","meta":{"footnotes":""},"categories":[1],"tags":[],"class_list":["post-24089","post","type-post","status-publish","format-standard","has-post-thumbnail","hentry","category-manolo-garcia"],"_links":{"self":[{"href":"https:\/\/www.manologarciaycia.com\/index.php?rest_route=\/wp\/v2\/posts\/24089","targetHints":{"allow":["GET"]}}],"collection":[{"href":"https:\/\/www.manologarciaycia.com\/index.php?rest_route=\/wp\/v2\/posts"}],"about":[{"href":"https:\/\/www.manologarciaycia.com\/index.php?rest_route=\/wp\/v2\/types\/post"}],"author":[{"embeddable":true,"href":"https:\/\/www.manologarciaycia.com\/index.php?rest_route=\/wp\/v2\/users\/2"}],"replies":[{"embeddable":true,"href":"https:\/\/www.manologarciaycia.com\/index.php?rest_route=%2Fwp%2Fv2%2Fcomments&post=24089"}],"version-history":[{"count":1,"href":"https:\/\/www.manologarciaycia.com\/index.php?rest_route=\/wp\/v2\/posts\/24089\/revisions"}],"predecessor-version":[{"id":24091,"href":"https:\/\/www.manologarciaycia.com\/index.php?rest_route=\/wp\/v2\/posts\/24089\/revisions\/24091"}],"wp:featuredmedia":[{"embeddable":true,"href":"https:\/\/www.manologarciaycia.com\/index.php?rest_route=\/wp\/v2\/media\/24090"}],"wp:attachment":[{"href":"https:\/\/www.manologarciaycia.com\/index.php?rest_route=%2Fwp%2Fv2%2Fmedia&parent=24089"}],"wp:term":[{"taxonomy":"category","embeddable":true,"href":"https:\/\/www.manologarciaycia.com\/index.php?rest_route=%2Fwp%2Fv2%2Fcategories&post=24089"},{"taxonomy":"post_tag","embeddable":true,"href":"https:\/\/www.manologarciaycia.com\/index.php?rest_route=%2Fwp%2Fv2%2Ftags&post=24089"}],"curies":[{"name":"wp","href":"https:\/\/api.w.org\/{rel}","templated":true}]}}