{"id":24079,"date":"2024-10-25T12:00:00","date_gmt":"2024-10-25T10:00:00","guid":{"rendered":"https:\/\/www.manologarciaycia.com\/?p=24079"},"modified":"2024-10-25T11:37:48","modified_gmt":"2024-10-25T09:37:48","slug":"titere-con-cabeza-el-7-de-noviembre-2","status":"publish","type":"post","link":"https:\/\/www.manologarciaycia.com\/?p=24079","title":{"rendered":"T\u00edtere con cabeza, el 7 de Noviembre"},"content":{"rendered":"\n<p>Amigos, lectores, fans de Manolo Garc\u00eda: apuntad esta fecha en rojo en vuestros calendarios. <br>\u00a1El 7 de noviembre llega a las librer\u00edas \u00abT\u00edtere con cabeza\u00bb! <br>Es un libro de relatos en los que Manolo Garc\u00eda reflexiona sobre la vida que llevamos actualmente, tan llena y tan vac\u00eda, a la vez que nos invita a recordar el valor de lo sencillo del d\u00eda a d\u00eda. Un universo entero de personajes min\u00fasculos con historias anti \u00e9picas, pero entra\u00f1ables.\u00a0<br><\/p>\n\n\n\n\n\n<p><br>Fuente: Libros Aguilar &#8211; Penguin &#8211; Manolo Garc\u00eda<\/p>\n","protected":false},"excerpt":{"rendered":"<p>Amigos, lectores, fans de Manolo Garc\u00eda: apuntad esta fecha en rojo en vuestros calendarios. \u00a1El 7 de noviembre llega a las librer\u00edas \u00abT\u00edtere con cabeza\u00bb! Es un libro de relatos en los que Manolo Garc\u00eda reflexiona sobre la vida que llevamos actualmente, tan llena y tan vac\u00eda, a la vez que nos invita a recordar<a class=\"moretag\" href=\"https:\/\/www.manologarciaycia.com\/?p=24079\" title=\"T\u00edtere con cabeza, el 7 de Noviembre\" target=\"_self\" rel=\"follow\"> <font face=arial size=2>[Leer m\u00e1s]<\/font> <\/a><\/p>\n","protected":false},"author":2,"featured_media":24080,"comment_status":"closed","ping_status":"closed","sticky":false,"template":"","format":"standard","meta":{"footnotes":""},"categories":[1],"tags":[],"class_list":["post-24079","post","type-post","status-publish","format-standard","has-post-thumbnail","hentry","category-manolo-garcia"],"_links":{"self":[{"href":"https:\/\/www.manologarciaycia.com\/index.php?rest_route=\/wp\/v2\/posts\/24079","targetHints":{"allow":["GET"]}}],"collection":[{"href":"https:\/\/www.manologarciaycia.com\/index.php?rest_route=\/wp\/v2\/posts"}],"about":[{"href":"https:\/\/www.manologarciaycia.com\/index.php?rest_route=\/wp\/v2\/types\/post"}],"author":[{"embeddable":true,"href":"https:\/\/www.manologarciaycia.com\/index.php?rest_route=\/wp\/v2\/users\/2"}],"replies":[{"embeddable":true,"href":"https:\/\/www.manologarciaycia.com\/index.php?rest_route=%2Fwp%2Fv2%2Fcomments&post=24079"}],"version-history":[{"count":1,"href":"https:\/\/www.manologarciaycia.com\/index.php?rest_route=\/wp\/v2\/posts\/24079\/revisions"}],"predecessor-version":[{"id":24082,"href":"https:\/\/www.manologarciaycia.com\/index.php?rest_route=\/wp\/v2\/posts\/24079\/revisions\/24082"}],"wp:featuredmedia":[{"embeddable":true,"href":"https:\/\/www.manologarciaycia.com\/index.php?rest_route=\/wp\/v2\/media\/24080"}],"wp:attachment":[{"href":"https:\/\/www.manologarciaycia.com\/index.php?rest_route=%2Fwp%2Fv2%2Fmedia&parent=24079"}],"wp:term":[{"taxonomy":"category","embeddable":true,"href":"https:\/\/www.manologarciaycia.com\/index.php?rest_route=%2Fwp%2Fv2%2Fcategories&post=24079"},{"taxonomy":"post_tag","embeddable":true,"href":"https:\/\/www.manologarciaycia.com\/index.php?rest_route=%2Fwp%2Fv2%2Ftags&post=24079"}],"curies":[{"name":"wp","href":"https:\/\/api.w.org\/{rel}","templated":true}]}}