{"id":24076,"date":"2024-10-25T11:24:59","date_gmt":"2024-10-25T09:24:59","guid":{"rendered":"https:\/\/www.manologarciaycia.com\/?p=24076"},"modified":"2024-10-25T11:25:01","modified_gmt":"2024-10-25T09:25:01","slug":"manolo-garcia-no-quiero-nada-solo-vivir-porque-lo-demas-es-humo-que-desaparece","status":"publish","type":"post","link":"https:\/\/www.manologarciaycia.com\/?p=24076","title":{"rendered":"Manolo Garc\u00eda: \u00abNo quiero nada, solo vivir, porque lo dem\u00e1s es humo que desaparece\u00bb"},"content":{"rendered":"\n<p>Cumplidos 25 a\u00f1os desde que iniciara su carrera en solitario, el que fuera cantante de Los Burros o El \u00daltimo de la Fila regresa este s\u00e1bado a Valladolid para cantar en el Pisuerga<\/p>\n\n\n\n<p>Veinticinco a\u00f1os cumplidos desde el lanzamiento de<em>&nbsp;Arena en los bolsillos<\/em>&nbsp;(1998), el disco con el que pon\u00eda fin a casi dos d\u00e9cadas abanderando formaciones como Los R\u00e1pidos, Los Burros y El \u00daltimo de la Fila, vuelve Manolo Garc\u00eda (Barcelona, 1955) este s\u00e1bado a Valladolid para interpretar en el Polideportivo Pisuerga (22.00 horas) los temas de&nbsp;<em>Mi vida en Marte<\/em>&nbsp;y&nbsp;<em>Desatinos desplumados<\/em>, sus dos \u00faltimos discos.<\/p>\n\n\n\n<p><strong>Pregunta.\u2013<\/strong>&nbsp;\u2018Sorprender la tarde, aquietarla, pararla en un recodo\u2019 canta en&nbsp;<em>Bello es amar para siempre<\/em>. \u00bfEn estos tiempos fren\u00e9ticos, nuestro mayor tesoro es dominar el tiempo y no dejarse dominar por \u00e9l?<\/p>\n\n\n\n<p><strong>Respuesta.\u2013<\/strong>&nbsp;Creo que, desde que el mono baj\u00f3 del \u00e1rbol y empez\u00f3 a tener conciencia de la existencia, ha sido un objetivo que nadie ha conseguido, o quiz\u00e1 lo haya logrado un asceta o un eremita. Ahora hay un gravamen a\u00f1adido como la cantidad de acceso a mundos, reales o irreales, que se nos ponen delante. Por eso creo que el ser humano est\u00e1 completamente confundido. Yo, a pesar de los logros o los fracasos, no he perdido mi romanticismo: soy esc\u00e9ptico, s\u00ed, pero no por eso dejo de pedalear; al contrario, lo hago con m\u00e1s fuerza porque creo que eso es lo que da sentido a mi vida.<\/p>\n\n\n\n<p id=\"m10237-10236-10238\">\u00abSoy esc\u00e9ptico, pero no por eso dejo de pedalear; al contrario, lo hago con m\u00e1s fuerza\u00bb<\/p>\n\n\n\n<p><strong>P.\u2013<\/strong>&nbsp;En<em>&nbsp;Reguero de mentiras<\/em>&nbsp;habla de \u2018andamiajes que nada sosten\u00edan\u2019. Hoy parece dif\u00edcil hallar verdades en esa \u2018furia desmesurada de hurac\u00e1n\u2019 que puede ser la mentira, en el postureo, el simulacro de felicidad constante que nos venden. \u00bfEl arte, en su caso, es refugio?<\/p>\n\n\n\n<p><strong>R.\u2013<\/strong>&nbsp;Claro. Porque es mi verdad, como cada ser humano tiene la suya. Si tienes suerte, tu verdad ha de coincidir con una verdad limpia, con sus altibajos, sus defectos, sus cantos mellados&#8230; Pero esa verdad es la tuya, no la de otros. Desde muy joven, cuando no hab\u00eda llegado este torbellino de la tecnolog\u00eda, de la Inteligencia Artificial, me di cuenta de ello.<\/p>\n\n\n\n<p>Es necesario un refugio y mi cueva son estos modos m\u00edos de transitar por la vida, escribiendo canciones o relatos que ahora saldr\u00e1n publicados en un libro (el 7 de noviembre), pintando&#8230; Todo ello conforma mi cueva y da cabida a mucha gente que acude a mi hoguera. Y yo, encantado de acoger a todos.<\/p>\n\n\n\n<p id=\"m10242-10241-10243\">\u00abEs necesario un refugio y mi cueva son estos modos m\u00edos de transitar por la vida\u00bb<\/p>\n\n\n\n<p>Esa es mi verdad: intentar dar una sonrisa a los dem\u00e1s, un momento de reflexi\u00f3n, un momento de abstracci\u00f3n como siento yo cuando voy a un museo o un concierto.<\/p>\n\n\n\n<p><strong>P.\u2013<\/strong>&nbsp;\u2018Hemos sido nosotros en nuestro estar, precipitado y cambiante\u2019 (<em>La gloria de los d\u00edas que se nos han concedido<\/em>), escrib\u00eda en su libro&nbsp;<em>El fin del principio<\/em>. No debemos renunciar a lo que somos.<\/p>\n\n\n\n<p><strong>R.\u2013<\/strong>&nbsp;Absolutamente. Y, en los tiempos actuales, eso parece f\u00e1cil, pero no lo es, es muy complicado. Hay mil cantos de sirena y hay que amarrarse bien al m\u00e1stil. No son tiempos mejores o peores que otros; todos son convulsos, porque la esencia humana tiene un trasfondo de torbellino, de odio, de pasiones enconadas, buenas, malas o regulares. Ah\u00ed est\u00e1 la gracia de la vida.<\/p>\n\n\n\n<p><strong>P.\u2013<\/strong>&nbsp;En ese libro, por cierto, uno puede hallar el germen de canciones como&nbsp;<em>Un poco de amor<\/em>&nbsp;o&nbsp;<em>Stromboli.<\/em>&nbsp;\u00bfDe qu\u00e9 manera se retroalimentan sus diferentes facetas art\u00edsticas?<\/p>\n\n\n\n<p><strong>R.\u2013<\/strong>&nbsp;En mi l\u00f3gica ca\u00f3tica trabajo en todas la direcciones. Mi nutriente, y perd\u00f3n por la frase, es el amor a la vida. A m\u00ed me subyuga amanecer cada d\u00eda. Lo disfruto. Y en los momentos malos vivo con intensidad. Eso me da canciones, cuadros, poemas, ganas de tirar adelante y de compartir risas. Al final, todos vamos en el mismo barco, y lo que hacemos es compartir y aprender. Y se puede aprender de Dickens, de Shakespeare o de Caravaggio, que tuvo una vida patibularia. De todo se aprende. Yo no soy un enfermo del trabajo. No quiero nada, solo vivir, porque todo lo dem\u00e1s es humo que desaparece.<\/p>\n\n\n\n<p>Me gusta dejarme ir. Recuerdo un tiempo, cuando iba a trabajar en bicicleta y pasaba por el Museo de Arte Nacional de Catalu\u00f1a: yo era un cr\u00edo, y si pod\u00eda me colaba 15 minutos a disfrutar de la emoci\u00f3n del pintor. Pensaba que aquel artista era feliz pintando aquello, como yo lo era contemplando la obra.<\/p>\n\n\n\n<p><strong>P.\u2013<\/strong>&nbsp;Quiz\u00e1 aquello era un abrir nuevas puertas, un hallar \u2018nuevas vidas\u2019 donde poder \u2018respirar\u2019 como canta en&nbsp;<em>Busco cielos<\/em>.<\/p>\n\n\n\n<p><strong>R.\u2013<\/strong>&nbsp;Totalmente. A veces tengo la tonta teor\u00eda de que los dioses, conscientes de nuestro trajinar, se han apiadado de nosotros y, saliendo de su coma et\u00edlico constante (risas), han sido generosos y nos han enviado el arte. Y lo tenemos con nosotros desde el paleol\u00edtico. Ah\u00ed estaban aquellos chamanes y tipos peludos en las cuevas buscando algo espiritual, llamando a un m\u00e1s all\u00e1&#8230; Eso es muy bonito para m\u00ed. Y es algo que nuestros pol\u00edticos han cercenado. Se intenta que desaparezca, solo importa lo material. Vivimos en un mundo de compra compulsiva, materialista. Por suerte hay much\u00edsima gente que a\u00fan busca ese hilo, y encuentra en su d\u00eda a d\u00eda esa parte espiritual. Hay que alimentarse, pero a partir de lo b\u00e1sico que no nos vendan m\u00e1s motos, que son muchos y muy pesados.<\/p>\n\n\n\n<p id=\"m10247-10246-10248\">\u00abNuestros pol\u00edticos han cercenado lo espiritual. Se intenta que desaparezca, solo importa lo material\u00bb<\/p>\n\n\n\n<p><strong>P.\u2013<\/strong>&nbsp;Comenz\u00f3 a gestar las canciones de estos dos discos simult\u00e1neos hace cinco a\u00f1os, justo antes de la pandemia. Y lleva dos de gira en medio de los cuales ha tenido tiempo de revisitar cl\u00e1sicos del Ultimo, de exponer su pintura\u2026 \u00bfHay un deseo de recuperar el tiempo perdido?<\/p>\n\n\n\n<p><strong>R.\u2013<\/strong>&nbsp;Yo tengo varias citas filos\u00f3ficas, de bolsillo, que son de uso para m\u00ed, que son sabias. Son de Siniestro Total. Una es \u2018Cu\u00e1ndo se come aqu\u00ed\u2019 y la otra, \u2018Ante todo, mucha calma\u2019, a la que yo a\u00f1ado a modo de par\u00e9ntesis \u2018pero lo importante es participar\u2019. Eso quiero hacer yo. En tiempo de pandemia, con esa sensaci\u00f3n terror\u00edfica, con tantas muertes y sufrimiento, en ese confinamiento dio tiempo a ver como haciendo muy poquitas cosas, en un sitio muy peque\u00f1o, uno puede ser muy feliz.<\/p>\n\n\n\n<p id=\"m10252-10251-10253\">\u00abHaciendo muy poquitas cosas, en un sitio muy peque\u00f1o, uno puede ser muy feliz\u00bb<\/p>\n\n\n\n<p>Es algo que ya me ense\u00f1aron mis abuelos. No hay que ir muy atr\u00e1s. Aquellos hombres y mujeres hac\u00edan su vida en 40 kil\u00f3metros a la redonda, y pod\u00edan morir sin ver el mar pese a tenerlo a 50 kil\u00f3metros. La vida pasaba, y como en su cabeza ten\u00edan menos informaci\u00f3n, menos horizontes, viv\u00edan con menos trabajo, en calma.<\/p>\n\n\n\n<p>Con un libro frente a una chimenea en invierno eres feliz. A mi padre le ve\u00eda hacer sogas de esparto en aquellas noches fr\u00edas, preparando cinchas para los burros. Esa sencillez de vida&#8230; En mi recuerdo, siendo un ni\u00f1o de cinco a\u00f1os, se percib\u00eda paz en aquello. Mi padre no estaba pensando en comprar en Amazon, en hacer esto y aquello, en contestar 17&nbsp;<em>whatsapps<\/em>&#8230; No, solo pensaba en dar una puntada a la izquierda y otra, a la derecha. Era un mantra.<\/p>\n\n\n\n<p><strong>P.\u2013<\/strong>&nbsp;Con motivo de la publicaci\u00f3n de&nbsp;<em>Desbarajuste piramidal<\/em>, su reencuentro con Quimi Portet, aseguraba que se hab\u00eda lanzado a la aventura en busca de risas, de complicidades que le sacaran de est\u00edmulos vac\u00edos\u2026<\/p>\n\n\n\n<p><strong>R.\u2013<\/strong>&nbsp;Y tambi\u00e9n de los ya conocidos, que te pueden hastiar. Es bueno buscar un poco de riesgo.<\/p>\n\n\n\n<p><strong>P.\u2013<\/strong>&nbsp;\u00bfQu\u00e9 pueden esperar sus fans de su concierto en Valladolid?<\/p>\n\n\n\n<p><strong>R.\u2013<\/strong>\u00a0Hago una revisi\u00f3n en la que intento complacer a todos, incluy\u00e9ndome a m\u00ed. Me gusta un punto medio: presento lo nuevo, unas ocho o nueve canciones de las m\u00e1s de 20 que tienen los dos discos; tres o cuatro del \u00daltimo, de las revisitadas, que creo que tienen un peso, una calma y una fuerza importantes; y algunos de mis temas m\u00e1s antiguos. A d\u00eda de hoy, tras tantos conciertos, puedo decir que la gente se lo pasa muy bien.<\/p>\n\n\n\n<p>Fuente: Diario de Valladolid &#8211; Julio Tovar &#8211; Foto Montse Capel<br><a href=\"https:\/\/www.diariodevalladolid.es\/cultura\/241025\/264446\/manolo-garcia-quiero-vivir-demas-humo-desaparece.html\">CONCIERTO EN VALLADOLID: Manolo Garc\u00eda: \u00abNo quiero nada, solo vivir, porque lo dem\u00e1s es humo que desaparece\u00bb<\/a><\/p>\n","protected":false},"excerpt":{"rendered":"<p>Cumplidos 25 a\u00f1os desde que iniciara su carrera en solitario, el que fuera cantante de Los Burros o El \u00daltimo de la Fila regresa este s\u00e1bado a Valladolid para cantar en el Pisuerga Veinticinco a\u00f1os cumplidos desde el lanzamiento de&nbsp;Arena en los bolsillos&nbsp;(1998), el disco con el que pon\u00eda fin a casi dos d\u00e9cadas abanderando<a class=\"moretag\" href=\"https:\/\/www.manologarciaycia.com\/?p=24076\" title=\"Manolo Garc\u00eda: \u00abNo quiero nada, solo vivir, porque lo dem\u00e1s es humo que desaparece\u00bb\" target=\"_self\" rel=\"follow\"> <font face=arial size=2>[Leer m\u00e1s]<\/font> <\/a><\/p>\n","protected":false},"author":2,"featured_media":24077,"comment_status":"closed","ping_status":"closed","sticky":false,"template":"","format":"standard","meta":{"footnotes":""},"categories":[1],"tags":[],"class_list":["post-24076","post","type-post","status-publish","format-standard","has-post-thumbnail","hentry","category-manolo-garcia"],"_links":{"self":[{"href":"https:\/\/www.manologarciaycia.com\/index.php?rest_route=\/wp\/v2\/posts\/24076","targetHints":{"allow":["GET"]}}],"collection":[{"href":"https:\/\/www.manologarciaycia.com\/index.php?rest_route=\/wp\/v2\/posts"}],"about":[{"href":"https:\/\/www.manologarciaycia.com\/index.php?rest_route=\/wp\/v2\/types\/post"}],"author":[{"embeddable":true,"href":"https:\/\/www.manologarciaycia.com\/index.php?rest_route=\/wp\/v2\/users\/2"}],"replies":[{"embeddable":true,"href":"https:\/\/www.manologarciaycia.com\/index.php?rest_route=%2Fwp%2Fv2%2Fcomments&post=24076"}],"version-history":[{"count":1,"href":"https:\/\/www.manologarciaycia.com\/index.php?rest_route=\/wp\/v2\/posts\/24076\/revisions"}],"predecessor-version":[{"id":24078,"href":"https:\/\/www.manologarciaycia.com\/index.php?rest_route=\/wp\/v2\/posts\/24076\/revisions\/24078"}],"wp:featuredmedia":[{"embeddable":true,"href":"https:\/\/www.manologarciaycia.com\/index.php?rest_route=\/wp\/v2\/media\/24077"}],"wp:attachment":[{"href":"https:\/\/www.manologarciaycia.com\/index.php?rest_route=%2Fwp%2Fv2%2Fmedia&parent=24076"}],"wp:term":[{"taxonomy":"category","embeddable":true,"href":"https:\/\/www.manologarciaycia.com\/index.php?rest_route=%2Fwp%2Fv2%2Fcategories&post=24076"},{"taxonomy":"post_tag","embeddable":true,"href":"https:\/\/www.manologarciaycia.com\/index.php?rest_route=%2Fwp%2Fv2%2Ftags&post=24076"}],"curies":[{"name":"wp","href":"https:\/\/api.w.org\/{rel}","templated":true}]}}