{"id":24067,"date":"2024-10-14T12:45:37","date_gmt":"2024-10-14T10:45:37","guid":{"rendered":"https:\/\/www.manologarciaycia.com\/?p=24067"},"modified":"2024-10-14T12:45:39","modified_gmt":"2024-10-14T10:45:39","slug":"manolo-garcia-incombustible-tres-horas-de-musica-en-estado-puro-al-servicio-de-su-publico-de-madrid","status":"publish","type":"post","link":"https:\/\/www.manologarciaycia.com\/?p=24067","title":{"rendered":"Manolo Garc\u00eda, incombustible: tres horas de m\u00fasica en estado puro al servicio de su p\u00fablico de Madrid"},"content":{"rendered":"\n<p>Manolo Garc\u00eda se entrega con su gira &#8216;Cero emisiones contaminantes desde ya&#8217; en un recorrido en\u00e9rgico e impoluto por su carrera musical<br><br>Cuando lleva m\u00e1s de cuatro d\u00e9cadas subido a los escenarios y creado en el estudio de grabaci\u00f3n, resumir la carrera en un concierto, se hace complicado. Tanto como para que\u00a0<strong>Manolo Garc\u00eda<\/strong>\u00a0no fuera capaz de dejar el &#8216;show&#8217; del\u00a0<strong>WiZink Center<\/strong>\u00a0en menos de tres horas -con 15 minutos de descanso para que la gente pudiese ir al ba\u00f1o o a &#8216;repostar&#8217;-. \u00bfQu\u00e9 menos para responder al cartel de &#8216;sold out&#8217; que se hab\u00eda colgado con esta segunda parada en la capital con su gira\u00a0<strong>&#8216;Cero emisiones contaminantes desde ya&#8217;<\/strong>? Cumpli\u00f3. Con creces. En una demostraci\u00f3n en\u00e9rgica de que, efectivamente, los viejos roqueros nunca mueres. Y no solo eso, sino que son capaces de adaptarse a otros g\u00e9neros en las ant\u00edpodas mel\u00f3dicas, como puede ser la ranchera.<\/p>\n\n\n\n<p>Quiz\u00e1s la seriedad y el compromiso sean dos de esas piezas claves sobre las que se edifica la relaci\u00f3n de confianza y amor con un p\u00fablico que le ha acompa\u00f1ado en todas las etapas que ha atravesado su m\u00fasica. A las\u00a0<strong>20.30, puntual\u00edsimo<\/strong>, aparec\u00eda sobre el escenario para arrancar con uno de esos cl\u00e1sicos que invitan a la nostalgia.\u00a0<strong>&#8216;Nunca el tiempo es perdido&#8217;<\/strong>, como alegor\u00eda de lo que lleva haciendo, a trav\u00e9s de sus canciones, desde que consiguiera dar los primeros pasos en pro de cumplir un sue\u00f1o.<a href=\"https:\/\/twitter.com\/COPE\/status\/1845544579279331563\"><\/a><\/p>\n\n\n\n<p>Tras esto, una exhibici\u00f3n de m\u00fasculo vocal, de afinaci\u00f3n y de una vitalidad envidiable. De esa de la que deber\u00edan aprender muchos de los nuevos artistas que est\u00e1n en el inicio del recorrido. Manolo, que tambi\u00e9n tuvo su momento para pasearse entre el p\u00fablico y notar el calor de su gente -concretamente, mientras, sin soltar el micr\u00f3fono, entonaba&nbsp;<strong>&#8216;Un giro teatral&#8217;<\/strong>&#8211; hizo un recorrido por&nbsp;<strong>todos los grandes &#8216;hits&#8217; de su vida<\/strong>. Incluidos aquellos que nacieron al amparo de El \u00faltimo de la fila. Aquella agrupaci\u00f3n que irrump\u00eda en la escena nacional a mediados de los a\u00f1os 80, despu\u00e9s de un par de incursiones en la industria las que el barcelon\u00e9s se llev\u00f3 el rejonazo del fracaso comercial.&nbsp;<\/p>\n\n\n\n<figure class=\"wp-block-image\"><img decoding=\"async\" src=\"https:\/\/imagenes.cadena100.es\/files\/image_520_293\/files\/fp\/uploads\/2024\/10\/14\/670ce03d371e5.r_d.775-633-3901.jpeg\" alt=\"Manolo Garc\u00eda en la segunda cita con su gira en Madrid\"\/><\/figure>\n\n\n\n<p>Dentro de esa especie de mapa por la que ir haciendo paradas para recrearse en la grandeza de su repertorio, ofreci\u00f3 desde<strong>\u00a0&#8216;Rosa de Alejandr\u00eda&#8217;<\/strong>\u00a0a\u00a0<strong>&#8216;A San Fernando, un ratito a pie y otro caminando&#8217;<\/strong>\u00a0-globos entre el p\u00fablico incluidos, para tener un entretenimiento y levantar a quienes hab\u00edan pagado su entrada-; de\u00a0<strong>&#8216;Insurrecci\u00f3n&#8217;\u00a0<\/strong>a, c\u00f3mo no, &#8216;<strong>P\u00e1jaros de barro&#8217;<\/strong>; de\u00a0<strong>&#8216;Como un burro amarrado a la puerta del baile&#8217;<\/strong>\u00a0a\u00a0<strong>&#8216;Quisiera escapar&#8217;<\/strong>; de\u00a0<strong>&#8216;Sobre el oscuro abismo que te mereces&#8217;<\/strong>\u00a0a\u00a0<strong>&#8216;Reguero de mentiras&#8217;<\/strong>. Y, as\u00ed, hasta una treintena de n\u00fameros 1 entregados a las miles de gargantas que abarrotaban el recinto.\u00a0\u00a0<\/p>\n\n\n\n<p>Hubo espacio para que le acompa\u00f1ara un buen amigo.\u00a0<strong>Pepe Robles<\/strong>\u00a0(Los M\u00f3dulos), inseparable de su guitarra con la que marcarse un tremendo solo, se encargaba de tocar su tema\u00a0<strong>&#8216;Cicatrices&#8217;<\/strong>\u00a0al lado del maestro Manolo Garc\u00eda. Tambi\u00e9n le dieron vida a un cl\u00e1sico de Medina Azahara: &#8216;Todo tiene su fin&#8217;. Un ejercicio no solo de compa\u00f1erismo, sino de poner en el directo esos mano a mano que tanto proliferan, en la actualidad, entre las novedades musicales&#8230; pero que no son ning\u00fan invento moderno. Esa interacci\u00f3n simbi\u00f3tica, es algo de lo que sabe muy bien Manolo, una de las voces de\u00a0<strong>la mejor variedad musical que escuchas en CADENA 100<\/strong>.<a href=\"https:\/\/twitter.com\/COPE\/status\/1845545582221541410\"><\/a><\/p>\n\n\n\n<p>Y, por supuesto, hubo unas pinceladas con las que salirse de su registro. Con las que demostrar que la &#8216;cover&#8217; es un terreno en el que, a sus casi 70 a\u00f1os, tambi\u00e9n se maneja. Como para no. As\u00ed que, la traca final era para&nbsp;<strong>&#8216;El rey&#8217;<\/strong>, esa ranchera que es parte del imaginario colectivo -y que hace no mucho, en ese mismo lugar, escuchamos en boca de Fher, vocalista de Man\u00e1-, y&nbsp;<strong>&#8216;La Bamba&#8217;<\/strong>. Ambiente festivo para dejar a los asistentes en lo m\u00e1s alto de la noche. Pr\u00f3xima parada, con el mismo &#8216;show&#8217;, Santander, el pr\u00f3ximo s\u00e1bado, tambi\u00e9n con todo vendido desde hace tiempo.&nbsp;<\/p>\n","protected":false},"excerpt":{"rendered":"<p>Manolo Garc\u00eda se entrega con su gira &#8216;Cero emisiones contaminantes desde ya&#8217; en un recorrido en\u00e9rgico e impoluto por su carrera musical Cuando lleva m\u00e1s de cuatro d\u00e9cadas subido a los escenarios y creado en el estudio de grabaci\u00f3n, resumir la carrera en un concierto, se hace complicado. Tanto como para que\u00a0Manolo Garc\u00eda\u00a0no fuera capaz<a class=\"moretag\" href=\"https:\/\/www.manologarciaycia.com\/?p=24067\" title=\"Manolo Garc\u00eda, incombustible: tres horas de m\u00fasica en estado puro al servicio de su p\u00fablico de Madrid\" target=\"_self\" rel=\"follow\"> <font face=arial size=2>[Leer m\u00e1s]<\/font> <\/a><\/p>\n","protected":false},"author":2,"featured_media":24068,"comment_status":"closed","ping_status":"closed","sticky":false,"template":"","format":"standard","meta":{"footnotes":""},"categories":[1],"tags":[],"class_list":["post-24067","post","type-post","status-publish","format-standard","has-post-thumbnail","hentry","category-manolo-garcia"],"_links":{"self":[{"href":"https:\/\/www.manologarciaycia.com\/index.php?rest_route=\/wp\/v2\/posts\/24067","targetHints":{"allow":["GET"]}}],"collection":[{"href":"https:\/\/www.manologarciaycia.com\/index.php?rest_route=\/wp\/v2\/posts"}],"about":[{"href":"https:\/\/www.manologarciaycia.com\/index.php?rest_route=\/wp\/v2\/types\/post"}],"author":[{"embeddable":true,"href":"https:\/\/www.manologarciaycia.com\/index.php?rest_route=\/wp\/v2\/users\/2"}],"replies":[{"embeddable":true,"href":"https:\/\/www.manologarciaycia.com\/index.php?rest_route=%2Fwp%2Fv2%2Fcomments&post=24067"}],"version-history":[{"count":1,"href":"https:\/\/www.manologarciaycia.com\/index.php?rest_route=\/wp\/v2\/posts\/24067\/revisions"}],"predecessor-version":[{"id":24069,"href":"https:\/\/www.manologarciaycia.com\/index.php?rest_route=\/wp\/v2\/posts\/24067\/revisions\/24069"}],"wp:featuredmedia":[{"embeddable":true,"href":"https:\/\/www.manologarciaycia.com\/index.php?rest_route=\/wp\/v2\/media\/24068"}],"wp:attachment":[{"href":"https:\/\/www.manologarciaycia.com\/index.php?rest_route=%2Fwp%2Fv2%2Fmedia&parent=24067"}],"wp:term":[{"taxonomy":"category","embeddable":true,"href":"https:\/\/www.manologarciaycia.com\/index.php?rest_route=%2Fwp%2Fv2%2Fcategories&post=24067"},{"taxonomy":"post_tag","embeddable":true,"href":"https:\/\/www.manologarciaycia.com\/index.php?rest_route=%2Fwp%2Fv2%2Ftags&post=24067"}],"curies":[{"name":"wp","href":"https:\/\/api.w.org\/{rel}","templated":true}]}}