{"id":24062,"date":"2024-10-10T08:58:43","date_gmt":"2024-10-10T06:58:43","guid":{"rendered":"https:\/\/www.manologarciaycia.com\/?p=24062"},"modified":"2024-10-10T09:00:08","modified_gmt":"2024-10-10T07:00:08","slug":"el-nuevo-sold-out-de-manolo-garcia-ante-su-publico-de-madrid-con-su-gira-cero-emisiones-contaminantes-desde-ya","status":"publish","type":"post","link":"https:\/\/www.manologarciaycia.com\/?p=24062","title":{"rendered":"El nuevo &#8216;sold out&#8217; de Manolo Garc\u00eda ante su p\u00fablico de Madrid con su gira &#8216;Cero emisiones contaminantes desde ya&#8217;"},"content":{"rendered":"\n<p>El cantante estar\u00e1 este domingo en el WiZink Center con un &#8216;show&#8217; que ya present\u00f3 en el mismo recinto hace unos meses, tambi\u00e9n agotando las entradas<br><br>Tras un contundente \u00e9xito por parte de p\u00fablico y cr\u00edtica en su primera cita en el Wizink Center madrile\u00f1o y un tour en el que ha colgado el cartel de\u00a0<strong>\u00abno hay entradas\u00bb<\/strong>\u00a0en todos sus conciertos de grandes espacios,\u00a0<strong>Manolo Garc\u00eda<\/strong>\u00a0regresa al emblem\u00e1tico recinto el pr\u00f3ximo domingo 13 de octubre. El artista regresar\u00e1 a uno de los templos m\u00e1s importantes de la m\u00fasica en vivo de nuestro pa\u00eds en unos d\u00edas.<\/p>\n\n\n\n<p>Al igual que en Madrid, Manolo Garc\u00eda<strong>&nbsp;tambi\u00e9n har\u00e1 doblete en el Palau Sant Jordi de Barcelona<\/strong>, donde ya agot\u00f3 las entradas el pasado 18 de mayo de 2024, y se convertir\u00e1 en el escenario elegido para poner el broche final a la gira&nbsp;<strong>&#8216;Cero emisiones contaminantes desde ya&#8217;<\/strong>, el pr\u00f3ximo 30 de noviembre.<\/p>\n\n\n\n<p>Con una vibrante escenograf\u00eda y una de las voces m\u00e1s ic\u00f3nicas del panorama musical, esta cita ser\u00e1 una experiencia imprescindible en la que Manolo Garc\u00eda interpretar\u00e1 en directo las canciones de su \u00faltimo trabajo de estudio que est\u00e1 compuesto por un doble \u00e1lbum y que incluye los t\u00edtulos&nbsp;<strong>&#8216;Mi vida en Marte&#8217; y &#8216;Desatinos Desplumados&#8217;<\/strong>, y que han pulverizado todos los r\u00e9cords de venta.<\/p>\n\n\n\n<h3 class=\"wp-block-heading\">lo que esperar del &#8216;show&#8217;<\/h3>\n\n\n\n<p>Durante la esperada cita los asistentes podr\u00e1n disfrutar en directo de los grandes \u00e9xitos de Manolo Garc\u00eda que ya forman parte de la historia de la m\u00fasica de nuestro pa\u00eds como son&nbsp;<strong>&#8216;P\u00e1jaros de Barro&#8217;, &#8216;A San Fernando un ratito a pie y otro caminando&#8217; o &#8216;Nunca el tiempo es perdido&#8217;<\/strong>.<\/p>\n\n\n\n<p>Cuando se cumplen dos d\u00e9cadas de su trayectoria en solitario,&nbsp;<strong>precedidas del inolvidable El \u00daltimo de la Fila<\/strong>, el m\u00fasico barcelon\u00e9s nos entrega estos dos nuevos trabajos, puro Manolo Garc\u00eda en su mejor momento.&nbsp;Grabados entre Girona y Pozuelo de Alarc\u00f3n (Madrid), Mi vida en Marte y Desatinos Desplumados re\u00fanen 27 canciones con la firma de Manolo Garc\u00eda \u2013incluida una nueva versi\u00f3n de la canci\u00f3n Busco Cielos-.<\/p>\n\n\n\n<h3 class=\"wp-block-heading\">M\u00daSICOS GIRA &#8216;CERO EMISIONES CONTAMINANTES DESDE YA&#8217;<\/h3>\n\n\n\n<ul class=\"wp-block-list\">\n<li>Juan Carlos Garc\u00eda: teclado, percusi\u00f3n y coros<\/li>\n<\/ul>\n\n\n\n<ul class=\"wp-block-list\">\n<li>\u00cd\u00f1igo Goldaracena: bajo y contrabajo<\/li>\n<\/ul>\n\n\n\n<ul class=\"wp-block-list\">\n<li>V\u00edctor Iniesta: guitarra espa\u00f1ola y ac\u00fastica, percusi\u00f3n<\/li>\n<\/ul>\n\n\n\n<ul class=\"wp-block-list\">\n<li>Albert Serrano: guitarra el\u00e9ctrica<\/li>\n<\/ul>\n\n\n\n<ul class=\"wp-block-list\">\n<li>Olvido Lanza: viol\u00edn y coros<\/li>\n<\/ul>\n\n\n\n<ul class=\"wp-block-list\">\n<li>Ricardo Mar\u00edn: guitarra el\u00e9ctrica y ac\u00fastica<\/li>\n<\/ul>\n\n\n\n<ul class=\"wp-block-list\">\n<li>&#8216;Josete&#8217; Ord\u00f3\u00f1ez: guitarra espa\u00f1ola, mandolina, mandola<\/li>\n<\/ul>\n\n\n\n<ul class=\"wp-block-list\">\n<li>Charly Sarda: bater\u00eda y percusiones<\/li>\n<\/ul>\n\n\n\n<ul class=\"wp-block-list\">\n<li>Coral Moreno: Bailaora<\/li>\n<\/ul>\n\n\n\n<h3 class=\"wp-block-heading\">Manolo Garc\u00eda Gira Cero Emisiones Contaminantes Desde Ya<\/h3>\n\n\n\n<ul class=\"wp-block-list\">\n<li>Madrid (Wizink Center) \u2013 13 de octubre<\/li>\n<\/ul>\n\n\n\n<ul class=\"wp-block-list\">\n<li>Santander (Palacio de Deportes de Santander \u201cLa Ballena\u201d) \u2013 19 de octubre<\/li>\n<\/ul>\n\n\n\n<ul class=\"wp-block-list\">\n<li>Valladolid (Polideportivo Pisuerga) \u2013 26 de octubre<\/li>\n<\/ul>\n\n\n\n<ul class=\"wp-block-list\">\n<li>Tarragona (Tarracoarena) \u2013 01 de noviembre<\/li>\n<\/ul>\n\n\n\n<ul class=\"wp-block-list\">\n<li>A Coru\u00f1a (Coliseum) \u2013 09 de noviembre<\/li>\n<\/ul>\n\n\n\n<ul class=\"wp-block-list\">\n<li>Valencia (Pabell\u00f3n Fuente San Luis) \u2013 16 de noviembre<\/li>\n<\/ul>\n\n\n\n<ul class=\"wp-block-list\">\n<li>Bilbao (Arena Miribilla) \u2013 23 de noviembre<\/li>\n\n\n\n<li><\/li>\n\n\n\n<li>Barcelona (Palau Sant Jordi) \u2013 30 de noviembre<\/li>\n<\/ul>\n\n\n\n<p>Fuente: Foto ManuPasik &#8211; Cadena 100 &#8211; <a href=\"https:\/\/www.cadena100.es\/musica\/noticias\/nuevo-sold-out-manolo-garcia-publico-madrid-gira-cero-emisiones-contaminantes-20241009_126322.html\">El nuevo &#8216;sold out&#8217; de Manolo Garc\u00eda ante su p\u00fablico de Madrid con su gira &#8216;Cero emisiones contaminantes desde ya&#8217; (cadena100.es)<\/a><\/p>\n","protected":false},"excerpt":{"rendered":"<p>El cantante estar\u00e1 este domingo en el WiZink Center con un &#8216;show&#8217; que ya present\u00f3 en el mismo recinto hace unos meses, tambi\u00e9n agotando las entradas Tras un contundente \u00e9xito por parte de p\u00fablico y cr\u00edtica en su primera cita en el Wizink Center madrile\u00f1o y un tour en el que ha colgado el cartel<a class=\"moretag\" href=\"https:\/\/www.manologarciaycia.com\/?p=24062\" title=\"El nuevo &#8216;sold out&#8217; de Manolo Garc\u00eda ante su p\u00fablico de Madrid con su gira &#8216;Cero emisiones contaminantes desde ya&#8217;\" target=\"_self\" rel=\"follow\"> <font face=arial size=2>[Leer m\u00e1s]<\/font> <\/a><\/p>\n","protected":false},"author":2,"featured_media":24063,"comment_status":"closed","ping_status":"closed","sticky":false,"template":"","format":"standard","meta":{"footnotes":""},"categories":[1],"tags":[],"class_list":["post-24062","post","type-post","status-publish","format-standard","has-post-thumbnail","hentry","category-manolo-garcia"],"_links":{"self":[{"href":"https:\/\/www.manologarciaycia.com\/index.php?rest_route=\/wp\/v2\/posts\/24062","targetHints":{"allow":["GET"]}}],"collection":[{"href":"https:\/\/www.manologarciaycia.com\/index.php?rest_route=\/wp\/v2\/posts"}],"about":[{"href":"https:\/\/www.manologarciaycia.com\/index.php?rest_route=\/wp\/v2\/types\/post"}],"author":[{"embeddable":true,"href":"https:\/\/www.manologarciaycia.com\/index.php?rest_route=\/wp\/v2\/users\/2"}],"replies":[{"embeddable":true,"href":"https:\/\/www.manologarciaycia.com\/index.php?rest_route=%2Fwp%2Fv2%2Fcomments&post=24062"}],"version-history":[{"count":2,"href":"https:\/\/www.manologarciaycia.com\/index.php?rest_route=\/wp\/v2\/posts\/24062\/revisions"}],"predecessor-version":[{"id":24065,"href":"https:\/\/www.manologarciaycia.com\/index.php?rest_route=\/wp\/v2\/posts\/24062\/revisions\/24065"}],"wp:featuredmedia":[{"embeddable":true,"href":"https:\/\/www.manologarciaycia.com\/index.php?rest_route=\/wp\/v2\/media\/24063"}],"wp:attachment":[{"href":"https:\/\/www.manologarciaycia.com\/index.php?rest_route=%2Fwp%2Fv2%2Fmedia&parent=24062"}],"wp:term":[{"taxonomy":"category","embeddable":true,"href":"https:\/\/www.manologarciaycia.com\/index.php?rest_route=%2Fwp%2Fv2%2Fcategories&post=24062"},{"taxonomy":"post_tag","embeddable":true,"href":"https:\/\/www.manologarciaycia.com\/index.php?rest_route=%2Fwp%2Fv2%2Ftags&post=24062"}],"curies":[{"name":"wp","href":"https:\/\/api.w.org\/{rel}","templated":true}]}}