{"id":24059,"date":"2024-10-10T08:49:21","date_gmt":"2024-10-10T06:49:21","guid":{"rendered":"https:\/\/www.manologarciaycia.com\/?p=24059"},"modified":"2024-10-10T08:52:46","modified_gmt":"2024-10-10T06:52:46","slug":"te-contamos-todos-los-detalles-del-proximo-concierto-de-manolo-garcia-en-el-wizink","status":"publish","type":"post","link":"https:\/\/www.manologarciaycia.com\/?p=24059","title":{"rendered":"Te contamos todos los detalles del pr\u00f3ximo concierto de Manolo Garc\u00eda en el Wizink"},"content":{"rendered":"\n<h2 class=\"wp-block-heading\">El m\u00fasico regresa con \u201cGira Cero Emisiones Contaminantes Desde Ya\u201d<\/h2>\n\n\n\n<p>Manolo Garc\u00eda\u00a0regresa al\u00a0<strong>Wizink Center de Madrid<\/strong>\u00a0con su gira<strong>\u00a0\u201cGira Cero Emisiones Contaminantes Desde Ya\u201d<\/strong><\/p>\n\n\n\n<p>Tras un rotundo sold out en la primera fecha celebrada en la capital, el artista vuelve al emblem\u00e1tico recinto madrile\u00f1o por segunda vez con las entradas agotadas con su vibrante directo.<a href=\"https:\/\/paid4.invibes.com\/redir\/?t=3XjfGwB5T34dELAS9xQM55gZ97JB7lj7p65ZHAhX2a92lT8rNKxb_hrDafvnooQ6ho3mYp_UtTUHTNZi-Xxg4qyre-NXh11HjSOFQdlIMoCXWjGmTjttvBXrSdX8m6e0RBg1awTDAHBCAAA78lWfzRD2QUntBQAzP5cKn_8G55s%3d&amp;to=https%3A%2F%2Fwww.brother.es%2Fecopro-servicio-de-impresion%3Futm_source%3Dinvibes%26utm_medium%3Ddisplay%26utm_campaign%3Decopro%26utm_content%3Dclicksurf1%26ord%3D1728542752948&amp;tcfPurposes=,1,2,3,4,5,6,7,8,9,10,11,\" target=\"_blank\" rel=\"noreferrer noopener\"><\/a><a href=\"https:\/\/paid4.invibes.com\/redir\/?t=3XjfGwB5T34dELAS9xQM55gZ97JB7lj7p65ZHAhX2a92lT8rNKxb_hrDafvnooQ6ho3mYp_UtTUHTNZi-Xxg4qyre-NXh11HjSOFQdlIMoCXWjGmTjttvBXrSdX8m6e0RBg1awTDAHBCAAA78lWfzRD2QUntBQAzP5cKn_8G55s%3d&amp;to=https%3A%2F%2Fwww.brother.es%2Fecopro-servicio-de-impresion%3Futm_source%3Dinvibes%26utm_medium%3Ddisplay%26utm_campaign%3Decopro%26utm_content%3Dclicksurf1%26ord%3D1728542752948&amp;tcfPurposes=,1,2,3,4,5,6,7,8,9,10,11,\" target=\"_blank\" rel=\"noreferrer noopener\"><\/a><\/p>\n\n\n\n<p>Tras un contundente \u00e9xito por parte de p\u00fablico y cr\u00edtica en su primera cita en el\u00a0<strong>Wizink Center<\/strong>\u00a0madrile\u00f1o y un tour en el que ha colgado el cartel de \u201csin entradas\u201d en todos sus conciertos de grandes espacios,\u00a0<strong>Manolo Garc\u00eda<\/strong>\u00a0regresa al emblem\u00e1tico recinto el pr\u00f3ximo\u00a0<strong>domingo 13 de octubre.<\/strong><\/p>\n\n\n\n<h2 class=\"wp-block-heading\">Manolo Garc\u00eda, segunda fecha tambi\u00e9n en Barcelona<\/h2>\n\n\n\n<p>Al igual que en&nbsp;<strong>Madrid, Manolo Garc\u00eda<\/strong>&nbsp;tambi\u00e9n har\u00e1 doblete en el&nbsp;<strong>Palau Sant Jordi de Barcelona<\/strong>&nbsp;, donde ya agot\u00f3 las entradas el pasado<strong>&nbsp;18 de mayo de 2024<\/strong>, y se convertir\u00e1 en el escenario elegido para poner el broche final a la gira&nbsp;<strong>Cero Emisiones Contaminantes Desde Ya el pr\u00f3ximo 30 de noviembre.<\/strong><\/p>\n\n\n\n<p>Con una vibrante escenograf\u00eda y una de las voces m\u00e1s ic\u00f3nicas del panorama musical, esta cita ser\u00e1 una experiencia imprescindible en la que&nbsp;<strong>Manolo Garc\u00eda<\/strong>&nbsp;interpretar\u00e1 en directo las canciones de su \u00faltimo trabajo de estudio que est\u00e1 compuesto por un doble \u00e1lbum y que incluye los t\u00edtulos&nbsp;<strong>Mi Vida en Marte y Desatinos Desplumados<\/strong>, y que han pulverizado todos los r\u00e9cords de venta.<\/p>\n\n\n\n<p>Durante la esperada cita los asistentes podr\u00e1n disfrutar en directo de los grandes \u00e9xitos de&nbsp;<strong>Manolo Garc\u00eda<\/strong>&nbsp;que ya forman parte de la historia de la m\u00fasica de nuestro pa\u00eds como son&nbsp;<strong>P\u00e1jaros de Barro, A San Fernando Un Ratito a Pie y Otro Caminando o Nunca El Tiempo es Perdido.<\/strong><\/p>\n\n\n\n<p>Cuando se cumplen dos d\u00e9cadas de su trayectoria en solitario, precedidas del inolvidable El \u00daltimo de la Fila, el m\u00fasico barcelon\u00e9s nos entrega estos dos nuevos trabajos, puro Manolo Garc\u00eda en su mejor momento.<\/p>\n\n\n\n<p>Grabados entre&nbsp;<strong>Girona y Pozuelo de Alarc\u00f3n (Madrid), Mi vida en Marte y Desatinos Desplumados<\/strong>&nbsp;re\u00fanen<strong>&nbsp;27 canciones con la firma de Manolo Garc\u00eda<\/strong>&nbsp;\u2013incluida una nueva versi\u00f3n de la canci\u00f3n&nbsp;<strong>Busco Cielos<\/strong>-.<\/p>\n\n\n\n<figure class=\"wp-block-image\"><img decoding=\"async\" src=\"https:\/\/i.ytimg.com\/vi\/PEPC7ISIKDQ\/hqdefault.jpg\" alt=\"Manolo Garcia - Busco Cielos (Versi\u00f3n 2022)\"\/><\/figure>\n\n\n\n<p><strong>M\u00daSICOS GIRA CERO EMISIONES CONTAMINANTES DESDE YA<\/strong><\/p>\n\n\n\n<p>Juan Carlos Garc\u00eda: teclado, percusi\u00f3n y coros<\/p>\n\n\n\n<p>\u00cd\u00f1igo Goldaracena: bajo y contrabajo<\/p>\n\n\n\n<p>V\u00edctor Iniesta: guitarra espa\u00f1ola y ac\u00fastica, percusi\u00f3n<\/p>\n\n\n\n<p>Albert Serrano: guitarra el\u00e9ctrica<\/p>\n\n\n\n<p>Olvido Lanza: viol\u00edn y coros<\/p>\n\n\n\n<p>Ricardo Mar\u00edn: guitarra el\u00e9ctrica y ac\u00fastica<\/p>\n\n\n\n<p>\u201cJosete\u201d Ord\u00f3\u00f1ez: guitarra espa\u00f1ola, mandolina, mandola<\/p>\n\n\n\n<p>Charly Sarda: bater\u00eda y percusiones<\/p>\n\n\n\n<p>Coral Moreno: Bailaora<\/p>\n\n\n\n<p><strong>Manolo Garc\u00eda Gira Cero Emisiones Contaminantes Desde Ya: Fechas<\/strong><\/p>\n\n\n\n<p>Madrid (Wizink Center) \u2013 13 de octubre<\/p>\n\n\n\n<p>Santander (Palacio de Deportes de Santander \u201cLa Ballena\u201d) \u2013 19 de octubre<\/p>\n\n\n\n<p>Valladolid (Polideportivo Pisuerga) \u2013 26 de octubre<\/p>\n\n\n\n<p>Tarragona (Tarracoarena) \u2013 01 de noviembre<\/p>\n\n\n\n<p>A Coru\u00f1a (Coliseum) \u2013 09 de noviembre<\/p>\n\n\n\n<p>Valencia (Pabell\u00f3n Fuente San Luis) \u2013 16 de noviembre<\/p>\n\n\n\n<p>Bilbao (Arena Miribilla) \u2013 23 de noviembre<\/p>\n\n\n\n<p>Barcelona (Palau Sant Jordi) \u2013 30 de noviembre<\/p>\n\n\n\n<p>Fuente: Cadena Dial &#8211; <a href=\"https:\/\/www.cadenadial.com\/2024\/te-contamos-todos-los-detalles-del-proximo-concierto-de-manolo-garcia-en-el-wizink-387542.html\">Te contamos todos los detalles del pr\u00f3ximo concierto de Manolo Garc\u00eda en el Wizink &#8211; Cadena Dial<\/a><\/p>\n","protected":false},"excerpt":{"rendered":"<p>El m\u00fasico regresa con \u201cGira Cero Emisiones Contaminantes Desde Ya\u201d Manolo Garc\u00eda\u00a0regresa al\u00a0Wizink Center de Madrid\u00a0con su gira\u00a0\u201cGira Cero Emisiones Contaminantes Desde Ya\u201d Tras un rotundo sold out en la primera fecha celebrada en la capital, el artista vuelve al emblem\u00e1tico recinto madrile\u00f1o por segunda vez con las entradas agotadas con su vibrante directo. Tras<a class=\"moretag\" href=\"https:\/\/www.manologarciaycia.com\/?p=24059\" title=\"Te contamos todos los detalles del pr\u00f3ximo concierto de Manolo Garc\u00eda en el Wizink\" target=\"_self\" rel=\"follow\"> <font face=arial size=2>[Leer m\u00e1s]<\/font> <\/a><\/p>\n","protected":false},"author":2,"featured_media":24061,"comment_status":"closed","ping_status":"closed","sticky":false,"template":"","format":"standard","meta":{"footnotes":""},"categories":[1],"tags":[],"class_list":["post-24059","post","type-post","status-publish","format-standard","has-post-thumbnail","hentry","category-manolo-garcia"],"_links":{"self":[{"href":"https:\/\/www.manologarciaycia.com\/index.php?rest_route=\/wp\/v2\/posts\/24059","targetHints":{"allow":["GET"]}}],"collection":[{"href":"https:\/\/www.manologarciaycia.com\/index.php?rest_route=\/wp\/v2\/posts"}],"about":[{"href":"https:\/\/www.manologarciaycia.com\/index.php?rest_route=\/wp\/v2\/types\/post"}],"author":[{"embeddable":true,"href":"https:\/\/www.manologarciaycia.com\/index.php?rest_route=\/wp\/v2\/users\/2"}],"replies":[{"embeddable":true,"href":"https:\/\/www.manologarciaycia.com\/index.php?rest_route=%2Fwp%2Fv2%2Fcomments&post=24059"}],"version-history":[{"count":1,"href":"https:\/\/www.manologarciaycia.com\/index.php?rest_route=\/wp\/v2\/posts\/24059\/revisions"}],"predecessor-version":[{"id":24060,"href":"https:\/\/www.manologarciaycia.com\/index.php?rest_route=\/wp\/v2\/posts\/24059\/revisions\/24060"}],"wp:featuredmedia":[{"embeddable":true,"href":"https:\/\/www.manologarciaycia.com\/index.php?rest_route=\/wp\/v2\/media\/24061"}],"wp:attachment":[{"href":"https:\/\/www.manologarciaycia.com\/index.php?rest_route=%2Fwp%2Fv2%2Fmedia&parent=24059"}],"wp:term":[{"taxonomy":"category","embeddable":true,"href":"https:\/\/www.manologarciaycia.com\/index.php?rest_route=%2Fwp%2Fv2%2Fcategories&post=24059"},{"taxonomy":"post_tag","embeddable":true,"href":"https:\/\/www.manologarciaycia.com\/index.php?rest_route=%2Fwp%2Fv2%2Ftags&post=24059"}],"curies":[{"name":"wp","href":"https:\/\/api.w.org\/{rel}","templated":true}]}}