{"id":24056,"date":"2024-10-09T12:04:48","date_gmt":"2024-10-09T10:04:48","guid":{"rendered":"https:\/\/www.manologarciaycia.com\/?p=24056"},"modified":"2024-10-09T12:04:50","modified_gmt":"2024-10-09T10:04:50","slug":"manolo-garcia-regresa-al-wizink-center-con-su-gira-cero-emisiones-contaminantes-desde-ya","status":"publish","type":"post","link":"https:\/\/www.manologarciaycia.com\/?p=24056","title":{"rendered":"Manolo Garc\u00eda regresa al Wizink Center con su gira \u201cCero emisiones contaminantes desde ya\u201d"},"content":{"rendered":"\n<p>El artista vuelve al emblem\u00e1tico recinto madrile\u00f1o por segunda vez con las entradas agotadas con su vibrante directo<\/p>\n\n\n\n<p>Tras un contundente \u00e9xito por parte de p\u00fablico y cr\u00edtica en su primera cita en el Wizink Center madrile\u00f1o y un tour en el que ha colgado el cartel de \u201csin entradas\u201d en todos sus conciertos de grandes espacios, Manolo Garc\u00eda regresa al emblem\u00e1tico recinto&nbsp;<strong>el pr\u00f3ximo domingo 13 de octubre<\/strong>. Al igual que en Madrid, Manolo Garc\u00eda tambi\u00e9n har\u00e1 doblete en el Palau Sant Jordi de Barcelona, donde ya agot\u00f3 las entradas el pasado 18 de mayo de 2024, y se convertir\u00e1 en el escenario elegido para poner el broche final a la gira \u00abCero emisiones contaminantes desde ya\u00bb el pr\u00f3ximo 30 de noviembre.<\/p>\n\n\n\n<p>Con una vibrante escenograf\u00eda y una de las voces m\u00e1s ic\u00f3nicas del panorama musical, esta cita ser\u00e1 una experiencia imprescindible en la que Manolo Garc\u00eda interpretar\u00e1 en directo las canciones de su \u00faltimo trabajo de estudio que est\u00e1 compuesto por un doble \u00e1lbum y que incluye los t\u00edtulos\u00a0<strong>\u00abMi Vida en Marte\u00bb y \u00abDesatinos Desplumados\u00bb,<\/strong>\u00a0y que han pulverizado todos los r\u00e9cords de venta.<\/p>\n\n\n\n<p>Durante la esperada cita los asistentes podr\u00e1n disfrutar en directo de los grandes \u00e9xitos de Manolo Garc\u00eda que ya&nbsp;<strong>forman parte de la historia de la m\u00fasica de nuestro pa\u00eds<\/strong>, como son \u00abP\u00e1jaros de Barro\u00bb, \u00abA San Fernando un ratito a pie y otro caminando\u00bb o \u00abNunca El Tiempo es Perdido\u00bb.<\/p>\n\n\n\n<p>Cuando se cumplen dos d\u00e9cadas de su trayectoria en solitario, precedidas del inolvidable \u00abEl \u00daltimo de la Fila\u00bb, el m\u00fasico barcelon\u00e9s nos entrega estos dos nuevos trabajos, puro Manolo Garc\u00eda en su mejor momento.<\/p>\n\n\n\n<p>Fuente: La Raz\u00f3n &#8211; <a href=\"https:\/\/www.larazon.es\/cultura\/manolo-garcia-regresa-wizink-center-gira-cero-emisiones-contaminantes_2024100867055bb8077ed10001e8f192.html\">Manolo Garc\u00eda regresa al Wizink Center con su gira \u201cCero emisiones contaminantes desde ya\u201d (larazon.es)<\/a><\/p>\n","protected":false},"excerpt":{"rendered":"<p>El artista vuelve al emblem\u00e1tico recinto madrile\u00f1o por segunda vez con las entradas agotadas con su vibrante directo Tras un contundente \u00e9xito por parte de p\u00fablico y cr\u00edtica en su primera cita en el Wizink Center madrile\u00f1o y un tour en el que ha colgado el cartel de \u201csin entradas\u201d en todos sus conciertos de<a class=\"moretag\" href=\"https:\/\/www.manologarciaycia.com\/?p=24056\" title=\"Manolo Garc\u00eda regresa al Wizink Center con su gira \u201cCero emisiones contaminantes desde ya\u201d\" target=\"_self\" rel=\"follow\"> <font face=arial size=2>[Leer m\u00e1s]<\/font> <\/a><\/p>\n","protected":false},"author":2,"featured_media":24057,"comment_status":"closed","ping_status":"closed","sticky":false,"template":"","format":"standard","meta":{"footnotes":""},"categories":[1],"tags":[],"class_list":["post-24056","post","type-post","status-publish","format-standard","has-post-thumbnail","hentry","category-manolo-garcia"],"_links":{"self":[{"href":"https:\/\/www.manologarciaycia.com\/index.php?rest_route=\/wp\/v2\/posts\/24056","targetHints":{"allow":["GET"]}}],"collection":[{"href":"https:\/\/www.manologarciaycia.com\/index.php?rest_route=\/wp\/v2\/posts"}],"about":[{"href":"https:\/\/www.manologarciaycia.com\/index.php?rest_route=\/wp\/v2\/types\/post"}],"author":[{"embeddable":true,"href":"https:\/\/www.manologarciaycia.com\/index.php?rest_route=\/wp\/v2\/users\/2"}],"replies":[{"embeddable":true,"href":"https:\/\/www.manologarciaycia.com\/index.php?rest_route=%2Fwp%2Fv2%2Fcomments&post=24056"}],"version-history":[{"count":1,"href":"https:\/\/www.manologarciaycia.com\/index.php?rest_route=\/wp\/v2\/posts\/24056\/revisions"}],"predecessor-version":[{"id":24058,"href":"https:\/\/www.manologarciaycia.com\/index.php?rest_route=\/wp\/v2\/posts\/24056\/revisions\/24058"}],"wp:featuredmedia":[{"embeddable":true,"href":"https:\/\/www.manologarciaycia.com\/index.php?rest_route=\/wp\/v2\/media\/24057"}],"wp:attachment":[{"href":"https:\/\/www.manologarciaycia.com\/index.php?rest_route=%2Fwp%2Fv2%2Fmedia&parent=24056"}],"wp:term":[{"taxonomy":"category","embeddable":true,"href":"https:\/\/www.manologarciaycia.com\/index.php?rest_route=%2Fwp%2Fv2%2Fcategories&post=24056"},{"taxonomy":"post_tag","embeddable":true,"href":"https:\/\/www.manologarciaycia.com\/index.php?rest_route=%2Fwp%2Fv2%2Ftags&post=24056"}],"curies":[{"name":"wp","href":"https:\/\/api.w.org\/{rel}","templated":true}]}}