{"id":24053,"date":"2024-10-07T08:01:52","date_gmt":"2024-10-07T06:01:52","guid":{"rendered":"https:\/\/www.manologarciaycia.com\/?p=24053"},"modified":"2024-10-07T08:01:54","modified_gmt":"2024-10-07T06:01:54","slug":"manolo-garcia-vuelve-a-triunfar-en-murcia","status":"publish","type":"post","link":"https:\/\/www.manologarciaycia.com\/?p=24053","title":{"rendered":"Manolo Garc\u00eda vuelve a triunfar en Murcia"},"content":{"rendered":"\n<h2 class=\"wp-block-heading\">El cantautor barcelon\u00e9s colg\u00f3 el cartel de \u00abno hay entradas\u00bb en una abarrotada Plaza de Toros<\/h2>\n\n\n\n<p><strong>Manolo Garc\u00eda<\/strong>\u00a0regres\u00f3 una vez m\u00e1s a Murcia, donde contin\u00faa demostrando su popularidad a\u00f1o tras a\u00f1o. Desde que en 1981 pisara por primera vez los escenarios murcianos, como \u00e9l mismo record\u00f3 durante la noche, el cantautor barcelon\u00e9s sigue llenando recintos. En esta ocasi\u00f3n, colg\u00f3 de nuevo el cartel de \u00abno hay entradas\u00bb en una abarrotada Plaza de Toros.<a target=\"_blank\" rel=\"noreferrer noopener\"><\/a><\/p>\n\n\n<div class=\"wp-block-image\">\n<figure class=\"aligncenter\"><img decoding=\"async\" src=\"https:\/\/i0.wp.com\/www.diariodelavega.com\/wp-content\/uploads\/2024\/10\/WhatsApp-Image-2024-10-05-at-22.28.28.jpeg?resize=678%2C381&amp;ssl=1\" alt=\"\" class=\"wp-image-156424\"\/><\/figure>\n<\/div>\n\n\n<p>El concierto comenz\u00f3 con los emblem\u00e1ticos acordes de&nbsp;<strong>\u00abInsurrecci\u00f3n\u00bb<\/strong>, una de las canciones m\u00e1s ic\u00f3nicas de su etapa con El \u00daltimo de la Fila, dando inicio a una actuaci\u00f3n que se extendi\u00f3 por tres horas. A lo largo de la noche, Manolo Garc\u00eda deleit\u00f3 a su p\u00fablico con un extenso recorrido por sus grandes \u00e9xitos, incluyendo temas como&nbsp;<strong>\u00abP\u00e1jaros de barro\u00bb<\/strong>,&nbsp;<strong>\u00abRosa de Alejandr\u00eda\u00bb<\/strong>,&nbsp;<strong>\u00abGiro teatral\u00bb<\/strong>,&nbsp;<strong>\u00abGeometr\u00eda del rayo\u00bb<\/strong>,&nbsp;<strong>\u00abSomos levedad\u00bb<\/strong>,&nbsp;<strong>\u00abAviones plateados\u00bb<\/strong>&nbsp;y&nbsp;<strong>\u00abLejos de las leyes de los hombres\u00bb<\/strong>.<\/p>\n\n\n<div class=\"wp-block-image\">\n<figure class=\"aligncenter\"><img decoding=\"async\" src=\"https:\/\/i0.wp.com\/www.diariodelavega.com\/wp-content\/uploads\/2024\/10\/WhatsApp-Image-2024-10-05-at-22.28.26-1-1.jpeg?resize=678%2C381&amp;ssl=1\" alt=\"\" class=\"wp-image-156425\"\/><\/figure>\n<\/div>\n\n\n<p>El repertorio, que mezcl\u00f3 canciones de su carrera en solitario y varios cl\u00e1sicos de El \u00daltimo de la Fila, hizo vibrar a los asistentes, quienes no dejaron de corear cada tema. Como broche final, Manolo Garc\u00eda cerr\u00f3 la velada con la canci\u00f3n&nbsp;<strong>\u00abSigo siendo el rey\u00bb<\/strong>, un tema que sus seguidores interpretaron como un s\u00edmbolo de su vigencia en el panorama musical.<\/p>\n\n\n<div class=\"wp-block-image\">\n<figure class=\"aligncenter\"><img decoding=\"async\" src=\"https:\/\/i0.wp.com\/www.diariodelavega.com\/wp-content\/uploads\/2024\/10\/WhatsApp-Image-2024-10-05-at-22.28.26.jpeg?resize=678%2C381&amp;ssl=1\" alt=\"\" class=\"wp-image-156423\"\/><\/figure>\n<\/div>\n\n\n<p>El festival&nbsp;<strong>MurciaOn<\/strong>&nbsp;contin\u00faa el pr\u00f3ximo s\u00e1bado 12 de octubre, con la actuaci\u00f3n de otro grupo legendario del pop espa\u00f1ol,&nbsp;<strong>Hombres G<\/strong>.<\/p>\n\n\n\n<p>Fuente: Diario de La Vega &#8211; <a href=\"https:\/\/www.diariodelavega.com\/manolo-garcia-vuelve-a-triunfar-en-murcia\/\">https:\/\/www.diariodelavega.com\/manolo-garcia-vuelve-a-triunfar-en-murcia\/<\/a><\/p>\n","protected":false},"excerpt":{"rendered":"<p>El cantautor barcelon\u00e9s colg\u00f3 el cartel de \u00abno hay entradas\u00bb en una abarrotada Plaza de Toros Manolo Garc\u00eda\u00a0regres\u00f3 una vez m\u00e1s a Murcia, donde contin\u00faa demostrando su popularidad a\u00f1o tras a\u00f1o. Desde que en 1981 pisara por primera vez los escenarios murcianos, como \u00e9l mismo record\u00f3 durante la noche, el cantautor barcelon\u00e9s sigue llenando recintos.<a class=\"moretag\" href=\"https:\/\/www.manologarciaycia.com\/?p=24053\" title=\"Manolo Garc\u00eda vuelve a triunfar en Murcia\" target=\"_self\" rel=\"follow\"> <font face=arial size=2>[Leer m\u00e1s]<\/font> <\/a><\/p>\n","protected":false},"author":2,"featured_media":24054,"comment_status":"closed","ping_status":"closed","sticky":false,"template":"","format":"standard","meta":{"footnotes":""},"categories":[1],"tags":[],"class_list":["post-24053","post","type-post","status-publish","format-standard","has-post-thumbnail","hentry","category-manolo-garcia"],"_links":{"self":[{"href":"https:\/\/www.manologarciaycia.com\/index.php?rest_route=\/wp\/v2\/posts\/24053","targetHints":{"allow":["GET"]}}],"collection":[{"href":"https:\/\/www.manologarciaycia.com\/index.php?rest_route=\/wp\/v2\/posts"}],"about":[{"href":"https:\/\/www.manologarciaycia.com\/index.php?rest_route=\/wp\/v2\/types\/post"}],"author":[{"embeddable":true,"href":"https:\/\/www.manologarciaycia.com\/index.php?rest_route=\/wp\/v2\/users\/2"}],"replies":[{"embeddable":true,"href":"https:\/\/www.manologarciaycia.com\/index.php?rest_route=%2Fwp%2Fv2%2Fcomments&post=24053"}],"version-history":[{"count":1,"href":"https:\/\/www.manologarciaycia.com\/index.php?rest_route=\/wp\/v2\/posts\/24053\/revisions"}],"predecessor-version":[{"id":24055,"href":"https:\/\/www.manologarciaycia.com\/index.php?rest_route=\/wp\/v2\/posts\/24053\/revisions\/24055"}],"wp:featuredmedia":[{"embeddable":true,"href":"https:\/\/www.manologarciaycia.com\/index.php?rest_route=\/wp\/v2\/media\/24054"}],"wp:attachment":[{"href":"https:\/\/www.manologarciaycia.com\/index.php?rest_route=%2Fwp%2Fv2%2Fmedia&parent=24053"}],"wp:term":[{"taxonomy":"category","embeddable":true,"href":"https:\/\/www.manologarciaycia.com\/index.php?rest_route=%2Fwp%2Fv2%2Fcategories&post=24053"},{"taxonomy":"post_tag","embeddable":true,"href":"https:\/\/www.manologarciaycia.com\/index.php?rest_route=%2Fwp%2Fv2%2Ftags&post=24053"}],"curies":[{"name":"wp","href":"https:\/\/api.w.org\/{rel}","templated":true}]}}