{"id":24046,"date":"2024-10-03T12:09:35","date_gmt":"2024-10-03T10:09:35","guid":{"rendered":"https:\/\/www.manologarciaycia.com\/?p=24046"},"modified":"2024-10-03T12:09:37","modified_gmt":"2024-10-03T10:09:37","slug":"el-iconico-manolo-garcia-aterriza-este-sabado-con-su-gira-en-la-plaza-de-toros-de-murcia","status":"publish","type":"post","link":"https:\/\/www.manologarciaycia.com\/?p=24046","title":{"rendered":"El ic\u00f3nico Manolo Garc\u00eda aterriza este s\u00e1bado con su gira en la Plaza de Toros de Murcia"},"content":{"rendered":"\n<h3 class=\"wp-block-heading\"><strong>Manolo Garc\u00eda<\/strong>&nbsp;actuar\u00e1&nbsp;<strong>este s\u00e1bado<\/strong>&nbsp;5 de octubre en la&nbsp;<strong>Plaza de Toros de Murcia<\/strong>. El cantante ha colgado el cartel de &#8216;sin entradas&#8217; en gran parte de los conciertos que ha celebrado durante su gira &#8216;Cero Emisiones Contaminantes Desde Ya&#8217;, seg\u00fan han informado fuentes de la organizaci\u00f3n.<\/h3>\n\n\n\n<p>Con una vibrante escenograf\u00eda y una de las voces m\u00e1s ic\u00f3nicas del panorama musical, en esta cita Manolo Garc\u00eda interpretar\u00e1 en directo las canciones de su \u00faltimo trabajo de estudio que est\u00e1 compuesto por un doble \u00e1lbum y que incluye los t\u00edtulos &#8216;Mi Vida en Marte&#8217; y &#8216;Desatinos Desplumados&#8217;.<\/p>\n\n\n\n<p>Durante el concierto los asistentes podr\u00e1n disfrutar en directo de los grandes \u00e9xitos de Manolo Garc\u00eda que ya forman parte de la historia de la m\u00fasica de nuestro pa\u00eds como son &#8216;P\u00e1jaros de Barro&#8217;, &#8216;A San Fernando Un Ratito a Pie y Otro Caminando&#8217; o &#8216;Nunca El Tiempo es Perdido&#8217;.<\/p>\n\n\n\n<p>Cuando se cumplen dos d\u00e9cadas de su trayectoria en solitario, precedidas del inolvidable El \u00daltimo de la Fila, el m\u00fasico barcelon\u00e9s entrega estos dos nuevos trabajos. Grabados entre Girona y Pozuelo de Alarc\u00f3n, Mi vida en Marte y Desatinos Desplumados re\u00fanen 27 canciones con la firma de Manolo Garc\u00eda -incluida una nueva versi\u00f3n de la canci\u00f3n Busco Cielos.<\/p>\n\n\n\n<p>Fuente: Murcia Plaza &#8211; <a href=\"https:\/\/murciaplaza.com\/el-iconico-manolo-garcia-aterriza-este-sabado-en-la-plaza-de-toros-murcia\">El ic\u00f3nico Manolo Garc\u00eda aterriza este s\u00e1bado con su gira en la Plaza de Toros de Murcia &#8211; Murciaplaza<\/a><\/p>\n","protected":false},"excerpt":{"rendered":"<p>Manolo Garc\u00eda&nbsp;actuar\u00e1&nbsp;este s\u00e1bado&nbsp;5 de octubre en la&nbsp;Plaza de Toros de Murcia. El cantante ha colgado el cartel de &#8216;sin entradas&#8217; en gran parte de los conciertos que ha celebrado durante su gira &#8216;Cero Emisiones Contaminantes Desde Ya&#8217;, seg\u00fan han informado fuentes de la organizaci\u00f3n. Con una vibrante escenograf\u00eda y una de las voces m\u00e1s ic\u00f3nicas<a class=\"moretag\" href=\"https:\/\/www.manologarciaycia.com\/?p=24046\" title=\"El ic\u00f3nico Manolo Garc\u00eda aterriza este s\u00e1bado con su gira en la Plaza de Toros de Murcia\" target=\"_self\" rel=\"follow\"> <font face=arial size=2>[Leer m\u00e1s]<\/font> <\/a><\/p>\n","protected":false},"author":2,"featured_media":24047,"comment_status":"closed","ping_status":"closed","sticky":false,"template":"","format":"standard","meta":{"footnotes":""},"categories":[1],"tags":[],"class_list":["post-24046","post","type-post","status-publish","format-standard","has-post-thumbnail","hentry","category-manolo-garcia"],"_links":{"self":[{"href":"https:\/\/www.manologarciaycia.com\/index.php?rest_route=\/wp\/v2\/posts\/24046","targetHints":{"allow":["GET"]}}],"collection":[{"href":"https:\/\/www.manologarciaycia.com\/index.php?rest_route=\/wp\/v2\/posts"}],"about":[{"href":"https:\/\/www.manologarciaycia.com\/index.php?rest_route=\/wp\/v2\/types\/post"}],"author":[{"embeddable":true,"href":"https:\/\/www.manologarciaycia.com\/index.php?rest_route=\/wp\/v2\/users\/2"}],"replies":[{"embeddable":true,"href":"https:\/\/www.manologarciaycia.com\/index.php?rest_route=%2Fwp%2Fv2%2Fcomments&post=24046"}],"version-history":[{"count":1,"href":"https:\/\/www.manologarciaycia.com\/index.php?rest_route=\/wp\/v2\/posts\/24046\/revisions"}],"predecessor-version":[{"id":24048,"href":"https:\/\/www.manologarciaycia.com\/index.php?rest_route=\/wp\/v2\/posts\/24046\/revisions\/24048"}],"wp:featuredmedia":[{"embeddable":true,"href":"https:\/\/www.manologarciaycia.com\/index.php?rest_route=\/wp\/v2\/media\/24047"}],"wp:attachment":[{"href":"https:\/\/www.manologarciaycia.com\/index.php?rest_route=%2Fwp%2Fv2%2Fmedia&parent=24046"}],"wp:term":[{"taxonomy":"category","embeddable":true,"href":"https:\/\/www.manologarciaycia.com\/index.php?rest_route=%2Fwp%2Fv2%2Fcategories&post=24046"},{"taxonomy":"post_tag","embeddable":true,"href":"https:\/\/www.manologarciaycia.com\/index.php?rest_route=%2Fwp%2Fv2%2Ftags&post=24046"}],"curies":[{"name":"wp","href":"https:\/\/api.w.org\/{rel}","templated":true}]}}