{"id":24042,"date":"2024-09-22T17:51:23","date_gmt":"2024-09-22T15:51:23","guid":{"rendered":"https:\/\/www.manologarciaycia.com\/?p=24042"},"modified":"2024-09-22T17:51:27","modified_gmt":"2024-09-22T15:51:27","slug":"manolo-garcia-entusiasma-a-granada-con-sus-clasicos-en-un-amplio-concierto","status":"publish","type":"post","link":"https:\/\/www.manologarciaycia.com\/?p=24042","title":{"rendered":"Manolo Garc\u00eda entusiasma a Granada con sus cl\u00e1sicos en un amplio concierto"},"content":{"rendered":"\n<p>El cantante barcelon\u00e9s hizo disfrutar a un entregado p\u00fablico que llen\u00f3 la Plaza de Toros y core\u00f3 sus canciones<br><\/p>\n\n\n\n<p><strong>Manolo Garc\u00eda regres\u00f3 a Granada<\/strong>&nbsp;para hacer disfrutar a su p\u00fablico en un concierto con el que llen\u00f3 la Plaza de Toros. El cantante barcelon\u00e9s deleit\u00f3 durante tres horas, que se dice pronto, a un p\u00fablico entregado que \u2018viaj\u00f3\u2019 a otros tiempos con los grandes \u00e9xitos de Manolo Garc\u00eda y tambi\u00e9n los de su etapa en el grupo El \u00faltimo de la fila. Canciones, muchas de ellas, que son todo un himno para varias generaciones y que fueron coreadas al un\u00edsono tanto por quienes ocuparon el ruedo como por quienes estuvieron en los tendidos. Muchos disfrutaron de que Manolo Garc\u00eda cantara a escasos metros de ellos, ya que el artista se&nbsp;<strong>baj\u00f3 del escenario en varias ocasiones para cantar entre el p\u00fablico<\/strong>, primero en la pista y luego en uno de los tendidos.<\/p>\n\n\n\n<p>Con\u00a0<strong>\u2018Insurrecci\u00f3n\u2019<\/strong>\u00a0comenz\u00f3 un concierto que hizo las delicias de sus seguidores m\u00e1s incondicionales. \u2018Nunca el tiempo es perdido\u2019, muy coreado por el p\u00fablico, fue el siguiente tema que Manolo Garc\u00eda ofreci\u00f3 en este concierto con el que inici\u00f3 la segunda parte de su\u00a0gira &#8216;Cero emisiones contaminantes desde ya&#8217;,\u00a0que le llevar\u00e1 a los recintos m\u00e1s emblem\u00e1ticos de Espa\u00f1a.<\/p>\n\n\n\n<p>Manolo Garc\u00eda prometi\u00f3 al p\u00fablico congregado en la Plaza de Toros \u201cpasar un buen rato\u201d y as\u00ed fue. Ofreci\u00f3, mientras tocaba su guitarra, varios temas m\u00e1s mel\u00f3dicos como \u2018Diez mil veranos\u2019 o \u2018Mientras observo al afilador\u2019. Reflexion\u00f3 sobre la m\u00fasica de ahora en Spotify y la de los cassettes y CD y c\u00f3mo&nbsp;<strong>\u201clas canciones antes se pegaban a la piel y las llevabas toda la vida\u201d.<\/strong>&nbsp;Eso ha pasado con muchos de sus temas, que sus m\u00e1s incondicionales se saben al dedillo. \u2018Llanto de pasi\u00f3n\u2019, \u2018Como quien da un refresco\u2019, \u2018Zapatero\u2019 o \u2018Rosa de Alejandr\u00eda\u2019 cant\u00f3 durante su potente directo y con una vibrante escenograf\u00eda acompa\u00f1ado de sus m\u00fasicos y con el p\u00fablico coreando especialmente los estribillos.<\/p>\n\n\n\n<p>Canciones con ritmos m\u00e1s rumberos como \u2018La Maturranga\u2019&nbsp;entusiasmaron a un p\u00fablico que pudo disfrutar tambi\u00e9n de&nbsp;<strong>grandes \u00e9xitos<\/strong>&nbsp;como \u2018P\u00e1jaros de barro\u2019, \u2018L\u00e1piz y tinta\u2019, \u2018Sobre el oscuro abismo en que te meces\u2019 o \u2018A San Fernando, un ratito a pie y otro caminando&#8217;, durante la cual hubo varios globos gigantes entre el p\u00fablico para que los fueran golpeando y moviendo por todo el recinto.<\/p>\n\n\n\n<p>Tras dos horas de concierto, Manolo Garc\u00eda hizo una pausa de unos cinco minutos y volvi\u00f3 para ofrecer una hora m\u00e1s de actuaci\u00f3n y temas cl\u00e1sicos tambi\u00e9n como\u00a0<strong>\u2018Aviones plateados\u2019<\/strong>\u00a0o\u00a0<strong>\u2018Como un burro amarrado en la puerta del baile\u2019<\/strong>. El barcelon\u00e9s se volvi\u00f3 a dar un ba\u00f1o de masas bajando a cantar algunos temas entre el p\u00fablico como \u2018Prefiero el trapecio\u2019. Despu\u00e9s de despedirse junto a su elenco de m\u00fasicos, el incombustible Manolo Garc\u00eda puso la guinda a la noche con una ranchera para demostrar que\u00a0<strong>sigue \u201csiendo el rey\u201d\u00a0<\/strong>y con \u2018La bamba\u2019 para poner a su p\u00fablico de nuevo a bailar en una noche de disfrute y de vuelta a tiempos pasados con canciones que, para muchos, son parte de su vida.<\/p>\n\n\n\n<p>Fuente: Granada Digital &#8211; <a href=\"https:\/\/www.granadadigital.es\/manolo-garcia-concierto-granada-entusiasma-clasicos\/\">Manolo Garc\u00eda entusiasma a Granada con sus cl\u00e1sicos en un amplio concierto (granadadigital.es)<\/a><\/p>\n","protected":false},"excerpt":{"rendered":"<p>El cantante barcelon\u00e9s hizo disfrutar a un entregado p\u00fablico que llen\u00f3 la Plaza de Toros y core\u00f3 sus canciones Manolo Garc\u00eda regres\u00f3 a Granada&nbsp;para hacer disfrutar a su p\u00fablico en un concierto con el que llen\u00f3 la Plaza de Toros. El cantante barcelon\u00e9s deleit\u00f3 durante tres horas, que se dice pronto, a un p\u00fablico entregado<a class=\"moretag\" href=\"https:\/\/www.manologarciaycia.com\/?p=24042\" title=\"Manolo Garc\u00eda entusiasma a Granada con sus cl\u00e1sicos en un amplio concierto\" target=\"_self\" rel=\"follow\"> <font face=arial size=2>[Leer m\u00e1s]<\/font> <\/a><\/p>\n","protected":false},"author":2,"featured_media":24043,"comment_status":"closed","ping_status":"closed","sticky":false,"template":"","format":"standard","meta":{"footnotes":""},"categories":[1],"tags":[],"class_list":["post-24042","post","type-post","status-publish","format-standard","has-post-thumbnail","hentry","category-manolo-garcia"],"_links":{"self":[{"href":"https:\/\/www.manologarciaycia.com\/index.php?rest_route=\/wp\/v2\/posts\/24042","targetHints":{"allow":["GET"]}}],"collection":[{"href":"https:\/\/www.manologarciaycia.com\/index.php?rest_route=\/wp\/v2\/posts"}],"about":[{"href":"https:\/\/www.manologarciaycia.com\/index.php?rest_route=\/wp\/v2\/types\/post"}],"author":[{"embeddable":true,"href":"https:\/\/www.manologarciaycia.com\/index.php?rest_route=\/wp\/v2\/users\/2"}],"replies":[{"embeddable":true,"href":"https:\/\/www.manologarciaycia.com\/index.php?rest_route=%2Fwp%2Fv2%2Fcomments&post=24042"}],"version-history":[{"count":1,"href":"https:\/\/www.manologarciaycia.com\/index.php?rest_route=\/wp\/v2\/posts\/24042\/revisions"}],"predecessor-version":[{"id":24044,"href":"https:\/\/www.manologarciaycia.com\/index.php?rest_route=\/wp\/v2\/posts\/24042\/revisions\/24044"}],"wp:featuredmedia":[{"embeddable":true,"href":"https:\/\/www.manologarciaycia.com\/index.php?rest_route=\/wp\/v2\/media\/24043"}],"wp:attachment":[{"href":"https:\/\/www.manologarciaycia.com\/index.php?rest_route=%2Fwp%2Fv2%2Fmedia&parent=24042"}],"wp:term":[{"taxonomy":"category","embeddable":true,"href":"https:\/\/www.manologarciaycia.com\/index.php?rest_route=%2Fwp%2Fv2%2Fcategories&post=24042"},{"taxonomy":"post_tag","embeddable":true,"href":"https:\/\/www.manologarciaycia.com\/index.php?rest_route=%2Fwp%2Fv2%2Ftags&post=24042"}],"curies":[{"name":"wp","href":"https:\/\/api.w.org\/{rel}","templated":true}]}}