{"id":24037,"date":"2024-09-21T09:30:58","date_gmt":"2024-09-21T07:30:58","guid":{"rendered":"https:\/\/www.manologarciaycia.com\/?p=24037"},"modified":"2024-09-21T09:31:01","modified_gmt":"2024-09-21T07:31:01","slug":"manolo-garcia-inicia-el-segundo-tramo-de-su-gira-cero-emisiones-contaminantes-desde-ya-este-sabado-en-granada","status":"publish","type":"post","link":"https:\/\/www.manologarciaycia.com\/?p=24037","title":{"rendered":"Manolo Garc\u00eda inicia el segundo tramo de su gira &#8216;Cero emisiones contaminantes desde ya&#8217; este s\u00e1bado en Granada"},"content":{"rendered":"\n<p>El cantante catal\u00e1n contin\u00faa sus conciertos por los recintos m\u00e1s emblem\u00e1ticos de Espa\u00f1a con llenos absolutos<\/p>\n\n\n\n<p>Tras un contundente \u00e9xito por parte de p\u00fablico y cr\u00edtica en el primer tramo de su\u00a0gira &#8216;Cero emisiones contaminantes desde ya&#8217;, en la que<strong>\u00a0Manolo Garc\u00eda<\/strong>\u00a0est\u00e1 recorriendo los recintos m\u00e1s emblem\u00e1ticos de Espa\u00f1a y con la que ha colgado el cartel de &#8216;sin entradas&#8217; en la gran mayor\u00eda de sus espect\u00e1culos, el artista retoma el tour este s\u00e1bado 21 de septiembre con\u00a0<strong>un concierto en la<\/strong>\u00a0<strong>Plaza de Toros de Granada<\/strong><\/p>\n\n\n\n<p>Con una vibrante escenograf\u00eda y una de las voces m\u00e1s ic\u00f3nicas del panorama musical, el&nbsp;<strong>concierto de Manolo Garc\u00eda en Granada<\/strong>&nbsp;ser\u00e1 una experiencia imprescindible en la que el cantante catal\u00e1n interpretar\u00e1 en directo las canciones de su \u00faltimo trabajo de estudio, que est\u00e1 compuesto por un doble \u00e1lbum y que incluye los t\u00edtulos &#8216;Mi vida en Marte&#8217; y &#8216;Desatinos desplumados&#8217;, que han pulverizado todos los r\u00e9cords de venta.<\/p>\n\n\n\n<p>Durante la esperada cita, los asistentes podr\u00e1n disfrutar en directo de los&nbsp;<strong>grandes \u00e9xitos de Manolo Garc\u00eda<\/strong>&nbsp;que ya forman parte de la historia de la m\u00fasica de nuestro pa\u00eds como son &#8216;P\u00e1jaros de barro&#8217;, &#8216;A San Fernando, un ratito a pie y otro caminando&#8217; o &#8216;Nunca el tiempo es perdido&#8217;.<\/p>\n\n\n\n<p>Cuando se cumplen&nbsp;<strong>dos d\u00e9cadas de su trayectoria en solitario<\/strong>, precedidas del inolvidable El \u00daltimo de la Fila, el m\u00fasico barcelon\u00e9s entrega estos dos nuevos trabajos, puro Manolo Garc\u00eda en su mejor momento. Grabados entre Girona y Pozuelo de Alarc\u00f3n (Madrid), &#8216;Mi vida en Marte&#8217; y &#8216;Desatinos desplumados&#8217; re\u00fanen 27 canciones con la firma de Manolo Garc\u00eda \u2013incluida una nueva versi\u00f3n de la canci\u00f3n &#8216;Busco cielos&#8217;-.<\/p>\n\n\n\n<p>Esta\u00a0<strong>segunda parte de la\u00a0gira &#8216;Cero emisiones contaminantes desde ya&#8217; de Manolo Garc\u00eda<\/strong>\u00a0comienza en\u00a0<strong>Granada<\/strong>\u00a0este s\u00e1bado 21 de septiembre y continuar\u00e1 por\u00a0<strong>Mairena de Aljarafe<\/strong>\u00a0(Centro H\u00edpico) el 28 de septiembre;\u00a0<strong>Murcia<\/strong>\u00a0(Plaza de Toros) el 5 de octubre;\u00a0<strong>Madrid<\/strong>\u00a0(Wizink Center) el 13 de octubre;\u00a0<strong>Santander<\/strong>\u00a0(Palacio de Deportes de Santander &#8216;La Ballena&#8217;) el 19 de octubre;\u00a0<strong>Valladolid<\/strong>\u00a0(Polideportivo Pisuerga) el 26 de octubre;\u00a0<strong>Tarragona<\/strong>\u00a0(Tarracoarena) el 1 de noviembre;\u00a0<strong>A Coru\u00f1a<\/strong>\u00a0(Coliseum) el 9 de noviembre;\u00a0<strong>Valencia<\/strong>\u00a0(Pabell\u00f3n Fuente San Luis) el 16 de noviembre;\u00a0<strong>Bilbao<\/strong>\u00a0(Arena Miribilla) el 23 de noviembre y\u00a0<strong>Barcelona<\/strong>\u00a0(Palau Sant Jordi) el 30 de noviembre.<\/p>\n\n\n\n<p>Las&nbsp;<strong>entradas<\/strong>&nbsp;para disfrutar de los<strong>&nbsp;conciertos de Manolo Garc\u00eda<\/strong>&nbsp;est\u00e1n disponibles a trav\u00e9s de www.manolo-garcia.com y Ticketmaster.<\/p>\n\n\n\n<p>Fuente: Granada Digital &#8211; Foto D.C. Concert Tour &#8211; <a href=\"https:\/\/www.granadadigital.es\/manolo-garcia-gira-cero-emisiones-contaminantes-desde-ya-concierto-granada\/\">Manolo Garc\u00eda inicia el segundo tramo de su gira &#8216;Cero emisiones contaminantes desde ya&#8217; este s\u00e1bado en Granada (granadadigital.es)<\/a><\/p>\n","protected":false},"excerpt":{"rendered":"<p>El cantante catal\u00e1n contin\u00faa sus conciertos por los recintos m\u00e1s emblem\u00e1ticos de Espa\u00f1a con llenos absolutos Tras un contundente \u00e9xito por parte de p\u00fablico y cr\u00edtica en el primer tramo de su\u00a0gira &#8216;Cero emisiones contaminantes desde ya&#8217;, en la que\u00a0Manolo Garc\u00eda\u00a0est\u00e1 recorriendo los recintos m\u00e1s emblem\u00e1ticos de Espa\u00f1a y con la que ha colgado el<a class=\"moretag\" href=\"https:\/\/www.manologarciaycia.com\/?p=24037\" title=\"Manolo Garc\u00eda inicia el segundo tramo de su gira &#8216;Cero emisiones contaminantes desde ya&#8217; este s\u00e1bado en Granada\" target=\"_self\" rel=\"follow\"> <font face=arial size=2>[Leer m\u00e1s]<\/font> <\/a><\/p>\n","protected":false},"author":2,"featured_media":24038,"comment_status":"closed","ping_status":"closed","sticky":false,"template":"","format":"standard","meta":{"footnotes":""},"categories":[1],"tags":[],"class_list":["post-24037","post","type-post","status-publish","format-standard","has-post-thumbnail","hentry","category-manolo-garcia"],"_links":{"self":[{"href":"https:\/\/www.manologarciaycia.com\/index.php?rest_route=\/wp\/v2\/posts\/24037","targetHints":{"allow":["GET"]}}],"collection":[{"href":"https:\/\/www.manologarciaycia.com\/index.php?rest_route=\/wp\/v2\/posts"}],"about":[{"href":"https:\/\/www.manologarciaycia.com\/index.php?rest_route=\/wp\/v2\/types\/post"}],"author":[{"embeddable":true,"href":"https:\/\/www.manologarciaycia.com\/index.php?rest_route=\/wp\/v2\/users\/2"}],"replies":[{"embeddable":true,"href":"https:\/\/www.manologarciaycia.com\/index.php?rest_route=%2Fwp%2Fv2%2Fcomments&post=24037"}],"version-history":[{"count":1,"href":"https:\/\/www.manologarciaycia.com\/index.php?rest_route=\/wp\/v2\/posts\/24037\/revisions"}],"predecessor-version":[{"id":24039,"href":"https:\/\/www.manologarciaycia.com\/index.php?rest_route=\/wp\/v2\/posts\/24037\/revisions\/24039"}],"wp:featuredmedia":[{"embeddable":true,"href":"https:\/\/www.manologarciaycia.com\/index.php?rest_route=\/wp\/v2\/media\/24038"}],"wp:attachment":[{"href":"https:\/\/www.manologarciaycia.com\/index.php?rest_route=%2Fwp%2Fv2%2Fmedia&parent=24037"}],"wp:term":[{"taxonomy":"category","embeddable":true,"href":"https:\/\/www.manologarciaycia.com\/index.php?rest_route=%2Fwp%2Fv2%2Fcategories&post=24037"},{"taxonomy":"post_tag","embeddable":true,"href":"https:\/\/www.manologarciaycia.com\/index.php?rest_route=%2Fwp%2Fv2%2Ftags&post=24037"}],"curies":[{"name":"wp","href":"https:\/\/api.w.org\/{rel}","templated":true}]}}