{"id":23998,"date":"2024-07-07T12:39:25","date_gmt":"2024-07-07T10:39:25","guid":{"rendered":"https:\/\/www.manologarciaycia.com\/?p=23998"},"modified":"2024-07-07T12:39:27","modified_gmt":"2024-07-07T10:39:27","slug":"manolo-garcia-tinc-lanima-nomada-i-la-pintura-es-el-vehicle-perfecte","status":"publish","type":"post","link":"https:\/\/www.manologarciaycia.com\/?p=23998","title":{"rendered":"Manolo Garc\u00eda: \u00abTinc l&#8217;\u00e0nima n\u00f2mada i la pintura \u00e9s el vehicle perfecte\u00bb"},"content":{"rendered":"\n<p>La Fundaci\u00f3 Cuixart de Palafrugell exposa fins al 5 de setembre un conjunt de quinze obres surrealistes de qui va ser vocalista de El \u00faltimo de la fila, vell rocker i \u00abartista del renaixement\u00bb<\/p>\n\n\n\n<p>Un \u00abartista del renaixement\u00bb, rocker i surrealista. Aix\u00ed \u00e9s&nbsp;<a href=\"https:\/\/www.diaridegirona.cat\/tags\/manolo-garcia\/\" target=\"_blank\" rel=\"noreferrer noopener\"><strong>Manolo Garc\u00eda<\/strong><\/a>, conegut per una m\u00edtica traject\u00f2ria com a cantant per\u00f2 reivindicat tamb\u00e9 en la seva faceta de pintor. Per aix\u00f2&nbsp;<strong>la Fundaci\u00f3 Cuixart exposa a&nbsp;<\/strong><a href=\"https:\/\/www.diaridegirona.cat\/baix-emporda\/palafrugell\/\" target=\"_blank\" rel=\"noreferrer noopener\"><strong>Palafrugell<\/strong><\/a><strong>&nbsp;un conjunt de quinze obres<\/strong>&nbsp;del qui va ser veu de&nbsp;<strong>Los R\u00e1pidos, Los Burros o El \u00faltimo de la fila<\/strong>. Fins al 5 de setembre podr\u00e0 gaudir-se d\u2019una col\u00b7lecci\u00f3 que l\u2019autor considera \u00ab<strong>surrealista total<\/strong>, perqu\u00e8 la vida, el m\u00f3n i el comportament dels humans ho \u00e9s\u00bb. Per a acompanyar la reflexi\u00f3, un petit text fa parella amb cadascun dels quadres.<\/p>\n\n\n\n<p>El Manolo Garc\u00eda pintor no perd l\u2019ess\u00e8ncia del m\u00fasic. S\u00f3n la mateixa persona,&nbsp;<strong>\u00abuna \u00e0nima n\u00f2mada\u00bb<\/strong>&nbsp;que ha trobat en la pintura \u00abel vehicle perfecte per estar sempre de viatge\u00bb. Es nega a lligar-se a un estil i constantment evoluciona, encara que ja li agradi el que fa. L\u2019obra exposada a&nbsp;<em><strong>La calma se encuentra en el polo opuesto al temor y al deseo<\/strong><\/em>&nbsp;mostra els darrers camins que ha empr\u00e8s -\u00abgaireb\u00e9 tota \u00e9s dels \u00faltims tres anys\u00bb-, els que m\u00e9s li agraden: \u00abPorto pintant tota la vida, per\u00f2 ara tinc m\u00e9s punteria i el que faig \u00e9s millor que fa quinze anys, que all\u00f2 tamb\u00e9 m\u2019agrada!\u00bb.<\/p>\n\n\n\n<p><strong>El canvi \u00e9s quasi una obsessi\u00f3<\/strong>&nbsp;a la seva vida. Si troba un estil que el conven\u00e7, tant li fa, perqu\u00e8 al cap d\u2019un parell d\u2019obres ja l\u2019estar\u00e0 variant: \u00abLa vida \u00e9s un riu, per\u00f2 l\u2019aigua sempre \u00e9s nova i tot est\u00e0 en moviment\u00bb. A punt dels 69 anys, Garc\u00eda tampoc para:&nbsp;<strong>\u00abSoc assilvestrat i pintar \u00e9s una manera de sentir que la vida val la pena<\/strong>, perqu\u00e8 si fos nom\u00e9s estar angoixat per una multa, un radar, les eleccions franceses o anar a votar, seria un disbarat\u00bb.<\/p>\n\n\n\n<figure class=\"wp-block-embed\"><div class=\"wp-block-embed__wrapper\">\nhttps:\/\/estaticos-data.prensaiberica.es\/statics\/data\/guitar_player\/templates\/16\/OTVV5L6G303L\/OTV3IDLFJ7IPD.html?pimec-widget=gp-if-541\n<\/div><\/figure>\n\n\n\n<p>Ho t\u00e9 clar i ho vol transmetre:<strong>&nbsp;\u00abAmb la pintura, com la m\u00fasica, soc lliure,<\/strong>&nbsp;que s\u2019usa molt per\u00f2 \u00e9s una paraula una mica cremada i sovint ens la venen per a fer-nos esclaus, per\u00f2 ho soc perqu\u00e8 vull ser-ho i aix\u00ed dono la m\u00e0 a altres persones, igual que sento una abra\u00e7ada quan escolto un disc o llegeixo un bon llibre, i sento que no estic sol al m\u00f3n, no nom\u00e9s amb els d\u2019hisenda i la ITV\u00bb.<\/p>\n\n\n\n<p>La comiss\u00e0ria de l\u2019exposici\u00f3,&nbsp;<strong>S\u00edlvia Arnau<\/strong>, considera Garc\u00eda \u00abun artista del renaixement\u00bb, multidisciplinari. \u00abRenaixentista s\u00f3n paraules molt grans, soc inquiet, curi\u00f3s i busco la sorpresa\u00bb, somriu ell. La vida, de fet, l\u2019afronta llan\u00e7ant-se a all\u00f2&nbsp;<strong>\u00abespontani i natural\u00bb<\/strong>. No ha de sonar estrany, doncs, que si pinta una tomata i se li acudeix que a Catalunya hi ha massa rotondes decideixi escriure-ho. Si pinta una rotonda, b\u00e9, ja es veur\u00e0.<\/p>\n\n\n\n<p><strong>Comunicar altes passions<\/strong><\/p>\n\n\n\n<p>L\u2019<strong>esperit combatiu<\/strong>&nbsp;\u00e9s inherent a aquest pintor que mai vol deixar de reinventar-se. \u00abEns estem passant una mica amb tanta civilitzaci\u00f3 i ordre, que despr\u00e9s \u00e9s mentida si dona un resultat i la gent viu dignament en un m\u00f3n just i no pateix, per\u00f2 quan veig que hi ha milions i milions de persones patint gana, malalties, que pagues impostos i la sanitat no funciona o es privatitza&#8230; em legitima per fer els quadres\u00bb.<\/p>\n\n\n\n<p>Per principis<strong>&nbsp;renega d\u2019intencions comercials<\/strong>. Si ven quadres, bona part o tot ho dona a obra social, perqu\u00e8 \u00abseria egoista, soc m\u00fasic, faig la meva vida amb la m\u00fasica i pinto per intencions art\u00edstiques\u00bb. Des dels noranta, quan va considerar prou \u00abdigna i correcta\u00bb la seva obra, calcula haver fet una trentena d\u2019exposicions i, tot i que fins fa poc creia que eren la meitat, m\u00e9s d\u2019un miler d\u2019obres. \u00abSempre m\u2019ho he passat b\u00e9 i<strong>&nbsp;no he anat amb la intenci\u00f3 de fer-me fam\u00f3s en les arts pl\u00e0stiques<\/strong>, vull ser un pintor que comuniqui alguna cosa\u00bb.<\/p>\n\n\n\n<p>Amb la m\u00fasica potser \u00e9s m\u00e9s senzill exterioritzar i compartir, per\u00f2 amb la pintura \u00abtenen en com\u00fa l\u2019emoci\u00f3 de viure i existir, que tamb\u00e9 pot ser f\u00e0stic, per\u00f2 mentre pugui vull triar l\u2019altre costat, tenir esperan\u00e7a i&nbsp;<strong>fer les coses amb passi\u00f3<\/strong>, quan faci falta mesurada i controlada, i a vegades desbocada, per\u00f2 sempre altes passions\u00bb.<\/p>\n\n\n\n<p><strong>Converses i refugis<\/strong><\/p>\n\n\n\n<p>Ara b\u00e9, admet que \u00abla pintura \u00e9s un exercici solitari\u00bb, m\u00e9s introspectiu. Als museus, davant obres de fa un segle, imagina \u00abel pintor o pintora, davant la tela, hores, dies mesos&#8230;\u00bb, i es troba \u00abseparat del temps i l\u2019espai, perqu\u00e8 no hi ha aquesta persona, per\u00f2 tinc una felicitat per veure un moment seu de llum arribant-me cent anys despr\u00e9s, i penso que aquesta disciplina \u00e9s una carrera de relleus on<strong>&nbsp;arribem i marxem, imparables<\/strong>, i deixem un llegat\u00bb. Garc\u00eda va m\u00e9s enll\u00e0 de l\u2019art, i ho trasllada al&nbsp;<strong>medi ambient<\/strong>, a deixar \u00abun m\u00f3n millor del que hem trobat\u00bb.<\/p>\n\n\n\n<p>Tamb\u00e9 creu que ho van fer amb la m\u00fasica grups com Eagles, The Beatles, els Rolling, Bob Dylan, Sisa, Pau Riba, Triana&#8230; Els escolta mentre pinta, \u00abno perqu\u00e8 estigui enyorad\u00edssim, perqu\u00e8 \u00e9s aut\u00e8ntica\u00bb, i per sentir el mateix afany de donar-ho tot. \u00abS\u00ed. Al m\u00f3n sempre hi ha hagut viol\u00e8ncia soterrada o a la superf\u00edcie, i qualsevol llum que puguis aportar,\u00a0<strong>un somriure pict\u00f2ric o musical, m\u2019entusiasma<\/strong>, \u00e9s el regal de la vida i ens hi hem d\u2019agafar com a un tronc, perqu\u00e8 el corrent tira\u00bb. Manolo Garc\u00eda, des del vell taller de pintura de\u00a0<strong>Modest Cuixart\u00a0<\/strong>(a qui admirava) a Palafrugell, es nega a deixar de ser aquest tronc on aferrar-se.<\/p>\n\n\n\n<p>Fuente: Diari de Girona &#8211; Lluis Perich Perez &#8211; <a href=\"https:\/\/www.diaridegirona.cat\/cultura\/2024\/07\/05\/fundacio-cuixart-palafrugell-reivindica-manolo-105086518.html\">La Fundaci\u00f3 Cuixart de Palafrugell reivindica Manolo Garc\u00eda com un artista multidisciplinar a trav\u00e9s de la seva pintura (diaridegirona.cat)<\/a> &#8211; <strong>\u00a0XAVIER PI\/GERARD VIL\u00c0 \/ ACNE \/ ACN<\/strong><\/p>\n","protected":false},"excerpt":{"rendered":"<p>La Fundaci\u00f3 Cuixart de Palafrugell exposa fins al 5 de setembre un conjunt de quinze obres surrealistes de qui va ser vocalista de El \u00faltimo de la fila, vell rocker i \u00abartista del renaixement\u00bb Un \u00abartista del renaixement\u00bb, rocker i surrealista. Aix\u00ed \u00e9s&nbsp;Manolo Garc\u00eda, conegut per una m\u00edtica traject\u00f2ria com a cantant per\u00f2 reivindicat tamb\u00e9<a class=\"moretag\" href=\"https:\/\/www.manologarciaycia.com\/?p=23998\" title=\"Manolo Garc\u00eda: \u00abTinc l&#8217;\u00e0nima n\u00f2mada i la pintura \u00e9s el vehicle perfecte\u00bb\" target=\"_self\" rel=\"follow\"> <font face=arial size=2>[Leer m\u00e1s]<\/font> <\/a><\/p>\n","protected":false},"author":2,"featured_media":23999,"comment_status":"closed","ping_status":"closed","sticky":false,"template":"","format":"standard","meta":{"footnotes":""},"categories":[1],"tags":[],"class_list":["post-23998","post","type-post","status-publish","format-standard","has-post-thumbnail","hentry","category-manolo-garcia"],"_links":{"self":[{"href":"https:\/\/www.manologarciaycia.com\/index.php?rest_route=\/wp\/v2\/posts\/23998","targetHints":{"allow":["GET"]}}],"collection":[{"href":"https:\/\/www.manologarciaycia.com\/index.php?rest_route=\/wp\/v2\/posts"}],"about":[{"href":"https:\/\/www.manologarciaycia.com\/index.php?rest_route=\/wp\/v2\/types\/post"}],"author":[{"embeddable":true,"href":"https:\/\/www.manologarciaycia.com\/index.php?rest_route=\/wp\/v2\/users\/2"}],"replies":[{"embeddable":true,"href":"https:\/\/www.manologarciaycia.com\/index.php?rest_route=%2Fwp%2Fv2%2Fcomments&post=23998"}],"version-history":[{"count":1,"href":"https:\/\/www.manologarciaycia.com\/index.php?rest_route=\/wp\/v2\/posts\/23998\/revisions"}],"predecessor-version":[{"id":24000,"href":"https:\/\/www.manologarciaycia.com\/index.php?rest_route=\/wp\/v2\/posts\/23998\/revisions\/24000"}],"wp:featuredmedia":[{"embeddable":true,"href":"https:\/\/www.manologarciaycia.com\/index.php?rest_route=\/wp\/v2\/media\/23999"}],"wp:attachment":[{"href":"https:\/\/www.manologarciaycia.com\/index.php?rest_route=%2Fwp%2Fv2%2Fmedia&parent=23998"}],"wp:term":[{"taxonomy":"category","embeddable":true,"href":"https:\/\/www.manologarciaycia.com\/index.php?rest_route=%2Fwp%2Fv2%2Fcategories&post=23998"},{"taxonomy":"post_tag","embeddable":true,"href":"https:\/\/www.manologarciaycia.com\/index.php?rest_route=%2Fwp%2Fv2%2Ftags&post=23998"}],"curies":[{"name":"wp","href":"https:\/\/api.w.org\/{rel}","templated":true}]}}