{"id":23996,"date":"2024-07-07T12:30:58","date_gmt":"2024-07-07T10:30:58","guid":{"rendered":"https:\/\/www.manologarciaycia.com\/?p=23996"},"modified":"2024-07-07T12:30:59","modified_gmt":"2024-07-07T10:30:59","slug":"manolo-garcia-exposa-les-seves-pintures-a-la-fundacio-cuixart","status":"publish","type":"post","link":"https:\/\/www.manologarciaycia.com\/?p=23996","title":{"rendered":"Manolo Garc\u00eda exposa les seves pintures a la Fundaci\u00f3 Cuixart"},"content":{"rendered":"\n<p>La Fundaci\u00f3 Cuixart aquest estiu ofereix la possibilitat de contemplar les obres de Manolo Garcia, per\u00f2 no les obres en format musical, sin\u00f3 en pintura. Una faceta que \u00e9s m\u00e9s desconeguda de l&#8217;artista, per\u00f2 que sempre ha portat en paral\u00b7lel a la seva carrera musical.<\/p>\n\n\n\n<figure class=\"wp-block-embed is-type-video is-provider-youtube wp-block-embed-youtube wp-embed-aspect-16-9 wp-has-aspect-ratio\"><div class=\"wp-block-embed__wrapper\">\n<iframe loading=\"lazy\" title=\"Manolo Garc\u00eda exposa les seves pintures a la Fundaci\u00f3 Cuixart\" width=\"615\" height=\"346\" src=\"https:\/\/www.youtube.com\/embed\/kqYUgWANtmI?feature=oembed\" frameborder=\"0\" allow=\"accelerometer; autoplay; clipboard-write; encrypted-media; gyroscope; picture-in-picture; web-share\" referrerpolicy=\"strict-origin-when-cross-origin\" allowfullscreen><\/iframe>\n<\/div><\/figure>\n\n\n\n<p>(En Catal\u00e0) Fuente: TVCostaBrava<\/p>\n\n\n\n<p>Fuente: <a href=\"https:\/\/www.tvcostabrava.com\/laia-campos\/cultura\/art\/manolo-garcia-exposa-les-seves-pintures-a-la-fundacio-cuixart\">https:\/\/www.tvcostabrava.com\/laia-campos\/cultura\/art\/manolo-garcia-exposa-les-seves-pintures-a-la-fundacio-cuixart<\/a><\/p>\n","protected":false},"excerpt":{"rendered":"<p>La Fundaci\u00f3 Cuixart aquest estiu ofereix la possibilitat de contemplar les obres de Manolo Garcia, per\u00f2 no les obres en format musical, sin\u00f3 en pintura. Una faceta que \u00e9s m\u00e9s desconeguda de l&#8217;artista, per\u00f2 que sempre ha portat en paral\u00b7lel a la seva carrera musical. (En Catal\u00e0) Fuente: TVCostaBrava Fuente: https:\/\/www.tvcostabrava.com\/laia-campos\/cultura\/art\/manolo-garcia-exposa-les-seves-pintures-a-la-fundacio-cuixart<a class=\"moretag\" href=\"https:\/\/www.manologarciaycia.com\/?p=23996\" title=\"Manolo Garc\u00eda exposa les seves pintures a la Fundaci\u00f3 Cuixart\" target=\"_self\" rel=\"follow\"> <font face=arial size=2>[Leer m\u00e1s]<\/font> <\/a><\/p>\n","protected":false},"author":2,"featured_media":0,"comment_status":"closed","ping_status":"closed","sticky":false,"template":"","format":"standard","meta":{"footnotes":""},"categories":[1],"tags":[],"class_list":["post-23996","post","type-post","status-publish","format-standard","hentry","category-manolo-garcia"],"_links":{"self":[{"href":"https:\/\/www.manologarciaycia.com\/index.php?rest_route=\/wp\/v2\/posts\/23996","targetHints":{"allow":["GET"]}}],"collection":[{"href":"https:\/\/www.manologarciaycia.com\/index.php?rest_route=\/wp\/v2\/posts"}],"about":[{"href":"https:\/\/www.manologarciaycia.com\/index.php?rest_route=\/wp\/v2\/types\/post"}],"author":[{"embeddable":true,"href":"https:\/\/www.manologarciaycia.com\/index.php?rest_route=\/wp\/v2\/users\/2"}],"replies":[{"embeddable":true,"href":"https:\/\/www.manologarciaycia.com\/index.php?rest_route=%2Fwp%2Fv2%2Fcomments&post=23996"}],"version-history":[{"count":1,"href":"https:\/\/www.manologarciaycia.com\/index.php?rest_route=\/wp\/v2\/posts\/23996\/revisions"}],"predecessor-version":[{"id":23997,"href":"https:\/\/www.manologarciaycia.com\/index.php?rest_route=\/wp\/v2\/posts\/23996\/revisions\/23997"}],"wp:attachment":[{"href":"https:\/\/www.manologarciaycia.com\/index.php?rest_route=%2Fwp%2Fv2%2Fmedia&parent=23996"}],"wp:term":[{"taxonomy":"category","embeddable":true,"href":"https:\/\/www.manologarciaycia.com\/index.php?rest_route=%2Fwp%2Fv2%2Fcategories&post=23996"},{"taxonomy":"post_tag","embeddable":true,"href":"https:\/\/www.manologarciaycia.com\/index.php?rest_route=%2Fwp%2Fv2%2Ftags&post=23996"}],"curies":[{"name":"wp","href":"https:\/\/api.w.org\/{rel}","templated":true}]}}