{"id":23993,"date":"2024-07-07T12:28:18","date_gmt":"2024-07-07T10:28:18","guid":{"rendered":"https:\/\/www.manologarciaycia.com\/?p=23993"},"modified":"2024-07-07T12:28:20","modified_gmt":"2024-07-07T10:28:20","slug":"la-fundacio-cuixart-estrena-una-exposicion-que-reivindica-a-manolo-garcia-como-artista-polifacetico","status":"publish","type":"post","link":"https:\/\/www.manologarciaycia.com\/?p=23993","title":{"rendered":"La Fundaci\u00f3 Cuixart estrena una exposici\u00f3n que reivindica a Manolo Garc\u00eda como artista polifac\u00e9tico"},"content":{"rendered":"\n<p>La Fundaci\u00f3n Cuixart de Palafrugell abre una exposici\u00f3n, titulada<em>\u00a0La calma se encuentra en el polo opuesto al temor y al deseo<\/em>, que reivindica al m\u00fasico Manolo Garc\u00eda como artista pl\u00e1stico. La exposici\u00f3n cuenta con una quincena de cuadros de estilo surrealista que conectan con las letras de Garc\u00eda.<\/p>\n\n\n\n<p>Fuente: XAVIER PI I GERARD VIL\u00c0 \/ ACN &#8211; <a href=\"https:\/\/es.ara.cat\/cultura\/fundacio-cuixart-estrena-exposicion-reivindica-manolo-garcia-artista-polifacetico_25_5080446.html\" target=\"_blank\" rel=\"noreferrer noopener\">La Fundaci\u00f3 Cuixart estrena una exposici\u00f3n que reivindica a Manolo Garc\u00eda como artista polifac\u00e9tico (ara.cat)<\/a><\/p>\n","protected":false},"excerpt":{"rendered":"<p>La Fundaci\u00f3n Cuixart de Palafrugell abre una exposici\u00f3n, titulada\u00a0La calma se encuentra en el polo opuesto al temor y al deseo, que reivindica al m\u00fasico Manolo Garc\u00eda como artista pl\u00e1stico. La exposici\u00f3n cuenta con una quincena de cuadros de estilo surrealista que conectan con las letras de Garc\u00eda. Fuente: XAVIER PI I GERARD VIL\u00c0 \/<a class=\"moretag\" href=\"https:\/\/www.manologarciaycia.com\/?p=23993\" title=\"La Fundaci\u00f3 Cuixart estrena una exposici\u00f3n que reivindica a Manolo Garc\u00eda como artista polifac\u00e9tico\" target=\"_self\" rel=\"follow\"> <font face=arial size=2>[Leer m\u00e1s]<\/font> <\/a><\/p>\n","protected":false},"author":2,"featured_media":23994,"comment_status":"closed","ping_status":"closed","sticky":false,"template":"","format":"standard","meta":{"footnotes":""},"categories":[1],"tags":[],"class_list":["post-23993","post","type-post","status-publish","format-standard","has-post-thumbnail","hentry","category-manolo-garcia"],"_links":{"self":[{"href":"https:\/\/www.manologarciaycia.com\/index.php?rest_route=\/wp\/v2\/posts\/23993","targetHints":{"allow":["GET"]}}],"collection":[{"href":"https:\/\/www.manologarciaycia.com\/index.php?rest_route=\/wp\/v2\/posts"}],"about":[{"href":"https:\/\/www.manologarciaycia.com\/index.php?rest_route=\/wp\/v2\/types\/post"}],"author":[{"embeddable":true,"href":"https:\/\/www.manologarciaycia.com\/index.php?rest_route=\/wp\/v2\/users\/2"}],"replies":[{"embeddable":true,"href":"https:\/\/www.manologarciaycia.com\/index.php?rest_route=%2Fwp%2Fv2%2Fcomments&post=23993"}],"version-history":[{"count":1,"href":"https:\/\/www.manologarciaycia.com\/index.php?rest_route=\/wp\/v2\/posts\/23993\/revisions"}],"predecessor-version":[{"id":23995,"href":"https:\/\/www.manologarciaycia.com\/index.php?rest_route=\/wp\/v2\/posts\/23993\/revisions\/23995"}],"wp:featuredmedia":[{"embeddable":true,"href":"https:\/\/www.manologarciaycia.com\/index.php?rest_route=\/wp\/v2\/media\/23994"}],"wp:attachment":[{"href":"https:\/\/www.manologarciaycia.com\/index.php?rest_route=%2Fwp%2Fv2%2Fmedia&parent=23993"}],"wp:term":[{"taxonomy":"category","embeddable":true,"href":"https:\/\/www.manologarciaycia.com\/index.php?rest_route=%2Fwp%2Fv2%2Fcategories&post=23993"},{"taxonomy":"post_tag","embeddable":true,"href":"https:\/\/www.manologarciaycia.com\/index.php?rest_route=%2Fwp%2Fv2%2Ftags&post=23993"}],"curies":[{"name":"wp","href":"https:\/\/api.w.org\/{rel}","templated":true}]}}