{"id":23990,"date":"2024-07-06T10:54:04","date_gmt":"2024-07-06T08:54:04","guid":{"rendered":"https:\/\/www.manologarciaycia.com\/?p=23990"},"modified":"2024-07-06T10:54:07","modified_gmt":"2024-07-06T08:54:07","slug":"exposicion-de-manolo-garcia-en-fundacio-cuixart","status":"publish","type":"post","link":"https:\/\/www.manologarciaycia.com\/?p=23990","title":{"rendered":"Exposici\u00f3n de Manolo Garc\u00eda en Fundaci\u00f3 Cuixart"},"content":{"rendered":"\n<p>Manolo Garc\u00eda presenta una quincena de sus obras en la Fundaci\u00f3 Cuixart desde el 6 de julio al 5 de septiembre de 2024.<\/p>\n\n\n\n<p>Carrer de Miquel Vinke i Meyer, 12. Palafrugell (Girona).<\/p>\n\n\n\n<figure class=\"wp-block-video\"><video controls src=\"blob:https:\/\/www.manologarciaycia.com\/a82702f2-ac4e-4385-b9e6-7aceffd10b59\"><\/video><\/figure>\n","protected":false},"excerpt":{"rendered":"<p>Manolo Garc\u00eda presenta una quincena de sus obras en la Fundaci\u00f3 Cuixart desde el 6 de julio al 5 de septiembre de 2024. Carrer de Miquel Vinke i Meyer, 12. Palafrugell (Girona).<a class=\"moretag\" href=\"https:\/\/www.manologarciaycia.com\/?p=23990\" title=\"Exposici\u00f3n de Manolo Garc\u00eda en Fundaci\u00f3 Cuixart\" target=\"_self\" rel=\"follow\"> <font face=arial size=2>[Leer m\u00e1s]<\/font> <\/a><\/p>\n","protected":false},"author":2,"featured_media":0,"comment_status":"closed","ping_status":"closed","sticky":false,"template":"","format":"video","meta":{"footnotes":""},"categories":[1],"tags":[],"class_list":["post-23990","post","type-post","status-publish","format-video","hentry","category-manolo-garcia","post_format-post-format-video"],"_links":{"self":[{"href":"https:\/\/www.manologarciaycia.com\/index.php?rest_route=\/wp\/v2\/posts\/23990","targetHints":{"allow":["GET"]}}],"collection":[{"href":"https:\/\/www.manologarciaycia.com\/index.php?rest_route=\/wp\/v2\/posts"}],"about":[{"href":"https:\/\/www.manologarciaycia.com\/index.php?rest_route=\/wp\/v2\/types\/post"}],"author":[{"embeddable":true,"href":"https:\/\/www.manologarciaycia.com\/index.php?rest_route=\/wp\/v2\/users\/2"}],"replies":[{"embeddable":true,"href":"https:\/\/www.manologarciaycia.com\/index.php?rest_route=%2Fwp%2Fv2%2Fcomments&post=23990"}],"version-history":[{"count":2,"href":"https:\/\/www.manologarciaycia.com\/index.php?rest_route=\/wp\/v2\/posts\/23990\/revisions"}],"predecessor-version":[{"id":23992,"href":"https:\/\/www.manologarciaycia.com\/index.php?rest_route=\/wp\/v2\/posts\/23990\/revisions\/23992"}],"wp:attachment":[{"href":"https:\/\/www.manologarciaycia.com\/index.php?rest_route=%2Fwp%2Fv2%2Fmedia&parent=23990"}],"wp:term":[{"taxonomy":"category","embeddable":true,"href":"https:\/\/www.manologarciaycia.com\/index.php?rest_route=%2Fwp%2Fv2%2Fcategories&post=23990"},{"taxonomy":"post_tag","embeddable":true,"href":"https:\/\/www.manologarciaycia.com\/index.php?rest_route=%2Fwp%2Fv2%2Ftags&post=23990"}],"curies":[{"name":"wp","href":"https:\/\/api.w.org\/{rel}","templated":true}]}}