{"id":23986,"date":"2024-07-04T19:11:55","date_gmt":"2024-07-04T17:11:55","guid":{"rendered":"https:\/\/www.manologarciaycia.com\/?p=23986"},"modified":"2024-07-04T19:20:40","modified_gmt":"2024-07-04T17:20:40","slug":"nueva-exposicion-de-pinturas-de-manolo-garcia-la-calma-se-encuentra-en-el-polo-opuesto-al-temor-y-al-deseo","status":"publish","type":"post","link":"https:\/\/www.manologarciaycia.com\/?p=23986","title":{"rendered":"Nueva exposici\u00f3n de pinturas de Manolo Garc\u00eda: \u00abLa calma se encuentra en el polo opuesto al temor y al deseo\u00bb"},"content":{"rendered":"\n<p>En la Fundaci\u00f3 Cuixart &#8211; Palafrugell &#8211; Del 6 de Julio al 5 de Septiembre.<\/p>\n\n\n\n<p>La Fundaci\u00f3 Cuixart de Palafrugell ofrece este verano la oportunidad \u00fanica de descubrir las pinturas del cantante y m\u00fasico Manolo Garc\u00eda, con una excepcional exposici\u00f3n que tendr\u00e1 lugar en la sede de la calle Vincke i Mayer, 8-10 de Palafrugell desde el 6 de julio al 5 de septiembre con el t\u00edtulo \u00abLa <a><\/a>calma se encuentra en el polo opuesto al temor y al deseo\u00bb.<\/p>\n\n\n\n<p>La dedicaci\u00f3n a la pintura ha sido una faceta que ha acompa\u00f1ado a Manolo Garc\u00eda en paralelo a su carrera musical con los grupo Los R\u00e1pidos, Los Burros, El \u00daltimo de la Fila y su trayector\u00eda en solitario. Aun as\u00ed, no ha acostumbrado prodigarse en la exposici\u00f3n p\u00fablica de su obra y por este motivo supone todo un privilegio para la Fundaci\u00f3 Cuixart que haya aceptado la invitaci\u00f3n para hacerlo durante estos dos meses de verano.<\/p>\n\n\n\n<p>Fuente: Manolo Garc\u00eda<\/p>\n\n\n\n<p>Web de Pinturas y obra gr\u00e1fica de Manolo Garc\u00eda: <a href=\"https:\/\/l.facebook.com\/l.php?u=https%3A%2F%2Fmanologarcia-pinturasyobragrafica.com%2F%3Ffbclid%3DIwZXh0bgNhZW0CMTAAAR0t-cYV1hdodwBkfqweuvROgoy-A1ZqkQQ7jF1gI2pTb-25BY9AZkXqPIY_aem_qQUun6_UkG_-mSnsKS6rFA&amp;h=AT0xDINBGyXwVN6hEuzKV0He9kGgiy0pB4dfkJVwJ9ncw5Kbk_u4PEGbtciCF-_MkB8dHqLGFiNjA53yuebdhPiiLN1WOo0Wpnyw36TGgELI4Kr4DpM1M_tGyVLjNyB5ww&amp;__tn__=-UK-R&amp;c[0]=AT0qKJaIiU7KqIaHLp4Ji1FMqCZaS0KcXnqpf2YrBIDAD4-WluCp3cfyDtuFUafioemIxr96f4KcgtJK5-5Vitpc4tYulxA5YYxknrO0xFhtYSg6LWDHssH6KL1eqRx8JjmM1Apq3uOCX-MS2A47K__KdpAqSdOC28ktU9eGAFUnx_Gw6utiVw\" rel=\"noreferrer noopener\" target=\"_blank\">https:\/\/manologarcia-pinturasyobragrafica.com\/<\/a><\/p>\n","protected":false},"excerpt":{"rendered":"<p>En la Fundaci\u00f3 Cuixart &#8211; Palafrugell &#8211; Del 6 de Julio al 5 de Septiembre. La Fundaci\u00f3 Cuixart de Palafrugell ofrece este verano la oportunidad \u00fanica de descubrir las pinturas del cantante y m\u00fasico Manolo Garc\u00eda, con una excepcional exposici\u00f3n que tendr\u00e1 lugar en la sede de la calle Vincke i Mayer, 8-10 de Palafrugell<a class=\"moretag\" href=\"https:\/\/www.manologarciaycia.com\/?p=23986\" title=\"Nueva exposici\u00f3n de pinturas de Manolo Garc\u00eda: \u00abLa calma se encuentra en el polo opuesto al temor y al deseo\u00bb\" target=\"_self\" rel=\"follow\"> <font face=arial size=2>[Leer m\u00e1s]<\/font> <\/a><\/p>\n","protected":false},"author":2,"featured_media":23989,"comment_status":"closed","ping_status":"closed","sticky":false,"template":"","format":"standard","meta":{"footnotes":""},"categories":[1],"tags":[],"class_list":["post-23986","post","type-post","status-publish","format-standard","has-post-thumbnail","hentry","category-manolo-garcia"],"_links":{"self":[{"href":"https:\/\/www.manologarciaycia.com\/index.php?rest_route=\/wp\/v2\/posts\/23986","targetHints":{"allow":["GET"]}}],"collection":[{"href":"https:\/\/www.manologarciaycia.com\/index.php?rest_route=\/wp\/v2\/posts"}],"about":[{"href":"https:\/\/www.manologarciaycia.com\/index.php?rest_route=\/wp\/v2\/types\/post"}],"author":[{"embeddable":true,"href":"https:\/\/www.manologarciaycia.com\/index.php?rest_route=\/wp\/v2\/users\/2"}],"replies":[{"embeddable":true,"href":"https:\/\/www.manologarciaycia.com\/index.php?rest_route=%2Fwp%2Fv2%2Fcomments&post=23986"}],"version-history":[{"count":1,"href":"https:\/\/www.manologarciaycia.com\/index.php?rest_route=\/wp\/v2\/posts\/23986\/revisions"}],"predecessor-version":[{"id":23988,"href":"https:\/\/www.manologarciaycia.com\/index.php?rest_route=\/wp\/v2\/posts\/23986\/revisions\/23988"}],"wp:featuredmedia":[{"embeddable":true,"href":"https:\/\/www.manologarciaycia.com\/index.php?rest_route=\/wp\/v2\/media\/23989"}],"wp:attachment":[{"href":"https:\/\/www.manologarciaycia.com\/index.php?rest_route=%2Fwp%2Fv2%2Fmedia&parent=23986"}],"wp:term":[{"taxonomy":"category","embeddable":true,"href":"https:\/\/www.manologarciaycia.com\/index.php?rest_route=%2Fwp%2Fv2%2Fcategories&post=23986"},{"taxonomy":"post_tag","embeddable":true,"href":"https:\/\/www.manologarciaycia.com\/index.php?rest_route=%2Fwp%2Fv2%2Ftags&post=23986"}],"curies":[{"name":"wp","href":"https:\/\/api.w.org\/{rel}","templated":true}]}}