{"id":2397,"date":"2011-12-23T12:59:50","date_gmt":"2011-12-23T11:59:50","guid":{"rendered":"http:\/\/www.manologarciaycia.com\/?p=2397"},"modified":"2011-12-23T13:10:58","modified_gmt":"2011-12-23T12:10:58","slug":"mg-en-la-navidad-de-telecinco","status":"publish","type":"post","link":"https:\/\/www.manologarciaycia.com\/?p=2397","title":{"rendered":"MG: En la Navidad de Telecinco &#8211; Paz re\u00fane a los mejores cantantes"},"content":{"rendered":"<p>Todo est\u00e1 a punto para la llegada de la Navidad a Telecinco, que ha dise\u00f1ado una programaci\u00f3n espec\u00edfica para celebrar las fiestas y la llegada de 2012 con estrenos, galas musicales, programas especiales y t\u00edtulos cinematogr\u00e1ficos para toda la familia.\u00a0Tras la emisi\u00f3n del discurso de S.M. el Rey, tal y como ya avanz\u00f3 en exclusiva F\u00f3rmulaTV.com, Paz Padilla y Joaqu\u00edn Prat conducir\u00e1n por tercer a\u00f1o consecutivo &#8216;La noche en Paz&#8217;, gala que incluir\u00e1 las actuaciones de m\u00e1s de una veintena de conocidos artistas del panorama nacional e internacional, como Paulina Rubio, Fangoria, Antonio Orozco, Ni\u00f1a Pastori, David Civera, Pastora Soler, Geraldine Larrosa, Il Divo, Rosana, Soraya, David de Mar\u00eda, Rosana, Merche, <strong>Manolo Garc\u00eda<\/strong>, Diana Navarro, Pablo Albor\u00e1n, La Oreja de Van Gogh, Cantajuegos, el violinista liban\u00e9s Ara Malikian y el rapero estadounidense Flo Rida. Adem\u00e1s, David Bustamante y Chenoa llevar\u00e1n a cabo sendas actuaciones musicales desde Disneyland Par\u00eds para conmemorar el 20\u00ba aniversario del parque infantil galo.<\/p>\n<p style=\"text-align: center;\"><strong>Ser\u00e1 el s\u00e1bado a partir de las 21:45<\/strong>. Foto de la grabaci\u00f3n (supongo):<br \/>\n<img loading=\"lazy\" decoding=\"async\" class=\"aligncenter\" src=\"http:\/\/www.telecinco.es\/masdetelecinco\/Paz-reune-mejores-cantantes-momento_TL5IMA20111222_0139_1.jpg\" alt=\"\" width=\"654\" height=\"368\" \/><\/p>\n<p><\/p>\n<p><strong>Especial de &#8216;\u00a1Qu\u00e9 tiempo tan feliz!&#8217;<\/strong><\/p>\n<p>Previamente, M\u00aa Teresa Campos junto a varios invitados que han pasado por &#8216;\u00a1Qu\u00e9 tiempo tan feliz!&#8217; a lo largo de su historia, como David Bustamente, Elsa Baeza, Helena Bianco, Laura Valenzuela, Rosa Valenty, Alma Mar\u00eda Vaesken, Karina y Daniel Diges, celebrar\u00e1n la Nochebuena en una entrega especial en la que repasar\u00e1n las Navidades del ayer y de hoy.<\/p>\n<p>La visita de Christian G\u00e1lvez vestido de Pap\u00e1 Noel y las actuaciones musicales de Baeza interpretando el \u00abCristo de Palacahuina\u00bb, los Supersingles cantando \u00abUn mill\u00f3n de amigos\u00bb y el dueto de la presentadora y Joaqu\u00edn Prat versionando el tema \u00abCoraz\u00f3n coraz\u00f3n\u00bb ser\u00e1n otros de los contenidos destacados del programa.<\/p>\n<p><strong>Isabel Pantoja en &#8216;Isabel a su manera&#8217;<\/strong><\/p>\n<p>En el marco del Palacio Euskalduna de la capital vizca\u00edna, Isabel Pantoja se convertir\u00e1 en la protagonista de &#8216;Isabel a su manera&#8217;, una gala en la que la tonadillera andaluza interpretar\u00e1 una escogida selecci\u00f3n de las canciones m\u00e1s significativas de su discograf\u00eda, como \u00abSe me enamora el alma\u00bb, \u00abMarinero de luces\u00bb, \u00abA mi manera\u00bb, \u00abNada\u00bb, \u00abEl se\u00f1orito\u00bb y \u00abEl Moreno\u00bb, entre otras. En este especial que Telecinco emitir\u00e1 el 25 de diciembre, v\u00eddeos de los acontecimientos m\u00e1s destacados de la vida de la cantante sevillana se intercalar\u00e1n con los espect\u00e1culos musicales que reunir\u00e1n a un amplio elenco de artistas, como el cantante flamenco Miguel Poveda, Luis Cobos, la Sociedad Coral de Bilbao y el compositor Rafael Rabay con el cuadro flamenco El Rasgueo, entre otros.<\/p>\n<p>En la sobremesa del d\u00eda de Navidad, &#8216;\u00a1Qu\u00e9 tiempo tan feliz!&#8217; recibir\u00e1 la visita de la cantante Isabel Pantoja, del grupo El Arrebato y de la actriz Mar\u00eda Castro, al tiempo que mostrar\u00e1 en un desfile de moda las propuestas de la dise\u00f1adora Aurora Gavi\u00f1o para el d\u00eda de Nochevieja. Adem\u00e1s, M\u00aa Teresa Campos pondr\u00e1 el broche musical al programa interpretando la canci\u00f3n \u00abEn tierra extra\u00f1a\u00bb.<\/p>\n<p><strong>Nochevieja &#8211;\u00a0Campanadas y gala de &#8216;La noche en Paz&#8217;<\/strong><\/p>\n<p>La \u00faltima noche del a\u00f1o tendr\u00e1 como protagonistas a Jorge Javier V\u00e1zquez, Isabel Pantoja y Kiko Rivera, que ser\u00e1n los encargados de retransmitir en Telecinco las tradicionales Campanadas de Fin de A\u00f1o en directo desde la madrile\u00f1a Puerta del Sol.<\/p>\n<p>La cadena ofrecer\u00e1 tambi\u00e9n el especial &#8216;El a\u00f1o en Paz&#8217;, gala que comenzar\u00e1 a las 22:00 horas y que continuar\u00e1 despu\u00e9s de las campanadas. En este especial, presentado por Paz Padilla y Joaqu\u00edn Prat, se dar\u00e1n cita conocidos solistas nacionales como Chenoa, Melendi, Vega, Isabel Pantoja, Manu Carrasco, Natalia, Diego Mart\u00edn, Huecco, Robert Ram\u00edrez, Juan Camus e India Mart\u00ednez; grupos musicales como Estopa, OBK, La Musicalit\u00e9, Auryn, KNarias y Almas Mudas; as\u00ed como los espect\u00e1culos de los musicales \u00abSonrisas y l\u00e1grimas\u00bb y \u00abChicago\u00bb, Peter&amp;Jack y el Ballet Internacional Maspalomas.<\/p>\n<p>En la tarde de fin de a\u00f1o en Telecinco, &#8216;\u00a1Qu\u00e9 tiempo tan feliz!&#8217; har\u00e1 un exhaustivo repaso de los famosos invitados, actuaciones musicales y mejores momentos que ha acogido el programa conducido por M\u00aa Teresa Campos en 2011 y ofrecer\u00e1 los mejores consejos para recibir el nuevo a\u00f1o de la mano de Esperanza Gracia.<\/p>\n<p><strong>Edici\u00f3n especial de &#8216;T\u00fa s\u00ed que vales&#8217; y &#8216;\u00a1Qu\u00e9 tiempo tan feliz!&#8217;<\/strong><\/p>\n<p>Un aut\u00e9ntico prodigio del canto l\u00edrico, un especialista del bike trial y un grupo femenino de danza<br \/>\nacrob\u00e1tica, entre otros j\u00f3venes artistas, intentar\u00e1n conquistar al exigente jurado de &#8216;T\u00fa s\u00ed que vales&#8217;, en una edici\u00f3n especial que Telecinco ofrecer\u00e1 el pr\u00f3ximo 1 de enero en prime time.<\/p>\n<p>Risto Mejide, Jos\u00e9 Luis Moreno y Merche y el Jurado Popular evaluar\u00e1n pormenorizadamente las<br \/>\n16 sorprendentes propuestas esc\u00e9nicas de esta edici\u00f3n, cuyo ganador lograr\u00e1 una importante<br \/>\ndotaci\u00f3n econ\u00f3mica en concepto de beca para proseguir con su formaci\u00f3n art\u00edstica. Adem\u00e1s, el<br \/>\nespecial ofrecer\u00e1 las actuaciones de los ganadores de la primera edici\u00f3n de la nueva temporada de &#8216;T\u00fa s\u00ed que vales&#8217;, de la cantante de rancheras Carmen Blanco y del cantautor uruguayo Sebasti\u00e1n.<\/p>\n<p>Con una emisi\u00f3n en directo en la primera tarde del nuevo a\u00f1o: as\u00ed iniciar\u00e1 &#8216;\u00a1Qu\u00e9 tiempo tan feliz!&#8217; su andadura en 2012 en una entrega que analizar\u00e1 los momentos m\u00e1s significativos de las Campanadas de Fin de A\u00f1o en Telecinco y contar\u00e1 con la presencia de Javi Cantero, Sandra Cabrera, La H\u00fangara, Lorena Guerra y Cantajuegos.<\/p>\n<p><strong>Edici\u00f3n especial de &#8216;Pasapalabra&#8217; el d\u00eda de Reyes<\/strong><\/p>\n<p>Horas despu\u00e9s de abrir los regalos que los Magos de Oriente han dejado en sus hogares, estudiantes de dos centros escolares apadrinados por famosos personajes aparcar\u00e1n la alegr\u00eda y felicidad que les embargan para concentrar sus esfuerzos en un nuevo desaf\u00edo: competir en las distintas pruebas de la edici\u00f3n infantil de &#8216;Pasapalabra&#8217; del pr\u00f3ximo 6 de enero.<\/p>\n<p>Acumular la mayor cantidad econ\u00f3mica en su marcador ser\u00e1 el objetivo com\u00fan de ambos equipos, cifra que ser\u00e1 destinada para mejorar el equipamiento de los colegios en los que estudian.<\/p>\n<p><strong>Conflictos t\u00edpicamente navide\u00f1os en &#8216;De buena ley&#8217;<\/strong><\/p>\n<p>Criterios opuestos sobre la celebraci\u00f3n de la Nochebuena, problemas inesperados durante las celebraciones festivas y deseos que no se cumplen amenazan con acabar con el \u00abesp\u00edritu de la<br \/>\nNavidad\u00bb mientras los conflictos interpersonales se multiplican.<\/p>\n<p>&#8216;De buena ley&#8217;, courtshow presentado por Sandra Barneda, tratar\u00e1 de dar soluci\u00f3n a nuevos litigios suscitados ante la proximidad de las fechas navide\u00f1as: la demanda de un padre para que sus hijos puedan celebrar las Navidades de manera tradicional ante la negativa de su mujer, en la entrega del 23 de diciembre; la reclamaci\u00f3n de un joven que acusa a su madre de quedarse si local en el que poder despedir el a\u00f1o junto a sus amigos, en la emisi\u00f3n del 30 de diciembre; y la recriminaci\u00f3n de una mujer a su vecina vidente tras constatar que ninguno de sus vaticinios se ha cumplido, en la edici\u00f3n del 5 de enero.<\/p>\n<p>Asimismo, las inquietudes y preocupaciones de los j\u00f3venes como el desempleo, la pareja y las<br \/>\nrelaciones con los padres se abordar\u00e1n en los casos de arbitraje que dirimir\u00e1n los juristas del programa del 26 de diciembre al 4 de enero, en los que personajes conocidos como Miriam S\u00e1nchez, Pipi Estrada, Rafa Mora, Antonio David, Marta L\u00f3pez, Raquel Mosquera y Charo Reina, entre otros, expresar\u00e1n su opini\u00f3n a favor o en contra de los litigantes.<\/p>\n<p><strong>Nueva acci\u00f3n especial en &#8216;El programa de Ana Rosa&#8217;<\/strong><\/p>\n<p>Imbuidos por el esp\u00edritu navide\u00f1o, Ana Rosa Quintana y el equipo de colaboradores de &#8216;El programa de Ana Rosa&#8217; pondr\u00e1n en marcha una acci\u00f3n especial a trav\u00e9s de SMS, que destinar\u00e1 el importe \u00edntegro de los mensajes a dos proyectos solidarios: el mantenimiento del \u00abCentro de<br \/>\nDesarrollo Infantil Ana Rosa\u00bb de Infancia Sin Fronteras, situado en uno de los barrios m\u00e1s deprimidos de la ciudad nicarag\u00fcense de Matagalpa; y el desarrollo nutricional y educacional de los m\u00e1s desfavorecidos en Hait\u00ed tras el devastador terremoto que asol\u00f3 el pa\u00eds en 2010, iniciativa<br \/>\nimpulsada por la ONG Mensajeros de la Paz.<\/p>\n<p>El pr\u00f3ximo 22 de diciembre, &#8216;El programa de Ana Rosa&#8217; abordar\u00e1 los dos acontecimientos informativos clave de la jornada: el seguimiento de la celebraci\u00f3n del sorteo de la Loter\u00eda de Navidad con la retransmisi\u00f3n de la se\u00f1al en directo desde el Sal\u00f3n de Loter\u00edas y conexiones en distintos puntos de la geograf\u00eda nacional para recoger el testimonio de los afortunados; y la formaci\u00f3n del nuevo Gobierno de Mariano Rajoy. Asimismo, conocidos invitados, actuaciones musicales y sorpresas conformar\u00e1n los contenidos navide\u00f1os del espacio matinal en las v\u00edsperas de Nochebuena, Nochevieja y Reyes.<\/p>\n<p><strong>Especial magia en &#8216;T\u00fa s\u00ed que vales&#8217; y villancico en &#8216;S\u00e1lvame&#8217;<\/strong><\/p>\n<p>El pr\u00f3ximo 7 de enero, Christian G\u00e1lvez conducir\u00e1 un especial del programa, en el que la magia ser\u00e1 la gran protagonista de velada. J\u00f3venes prestidigitadores, ilusionistas y expertos en trucos<br \/>\nde manos exhibir\u00e1n sus dotes y arriesgadas propuestas, que ser\u00e1n seguidas de cerca y evaluadas por un jurado especial en esta edici\u00f3n que incluir\u00e1 tambi\u00e9n n\u00fameros de humor y espectaculares actuaciones.<\/p>\n<p>Jorge Javier V\u00e1zquez, Paz Padilla y los colaboradores habituales del programa -Bel\u00e9n Esteban, Kiko Hern\u00e1ndez, Mila Xim\u00e9nez, Kiko Matamoros, Rosa Benito, Luis Roll\u00e1n y Lydia Lozano, entre otros-, unir\u00e1n sus voces para grabar un villancico, sinton\u00eda que pondr\u00e1 la nota musical en las emisiones de &#8216;S\u00e1lvame&#8217; durante las fechas navide\u00f1as.<\/p>\n<p><strong>T\u00edtulos cinematogr\u00e1ficos<\/strong><\/p>\n<p>Una estudiante de intercambio y sus extraordinarios compa\u00f1eros de instituto, dos valerosos j\u00f3venes decididos a poner fin a una peligrosa amenaza alien\u00edgena que se cierne sobre la Tierra y cinco hermanos con gran esp\u00edritu aventurero protagonizan la cartelera navide\u00f1a de Telecinco.<\/p>\n<p>\u00abCinco chicos y esto\u00bb: Nominado en cuatro ocasiones a los premios Oscar, el actor irland\u00e9s Kenneth Brannagh protagoniza este largometraje de aventuras que narra la historia de cinco hermanos que pasan el verano con su t\u00edo en una extra\u00f1a casa junto al mar. Tras llegar al lugar, los peque\u00f1os se dedican a explorar los alrededores cuando descubren en el jard\u00edn un misterioso<br \/>\nduendecillo.<\/p>\n<p>\u00abSkyrunner, expediente OVNI\u00bb: tras avistar un OVNI en el cielo, los hermanos Tyler y Nick descubren que la nave extraterrestre se ha estrellado a las afueras de la ciudad en la que viven. Repentinamente, Tyler comienza a desarrollar extraordinarias habilidades cuando es capturado por un grupo de alien\u00edgenas que pretende dominar la Tierra. Nick inicia el rescate de su hermano<br \/>\nmientras combate a los malvados extraterrestres.<\/p>\n<p>\u00abAvalon High\u00bb: esta moderna adaptaci\u00f3n de la leyenda del Rey Arturo, dirigida por Stuart Gillard, se centra en la figura de Allie, una estudiante de intercambio que llega a Avalon High, donde descubre que sus nuevos compa\u00f1eros de clase son la reencarnaci\u00f3n del Rey Arturo, su corte y los caballeros de la mesa redonda.<\/p>\n<p>Fuente: Formula TV &#8211; <a href=\"http:\/\/www.formulatv.com\/noticias\/22784\/asi-sera-este-ano-navidad-telecinco\/\" target=\"_new\">ENLACE<\/a><\/p>\n","protected":false},"excerpt":{"rendered":"<p>Todo est\u00e1 a punto para la llegada de la Navidad a Telecinco, que ha dise\u00f1ado una programaci\u00f3n espec\u00edfica para celebrar las fiestas y la llegada de 2012 con estrenos, galas musicales, programas especiales y t\u00edtulos cinematogr\u00e1ficos para toda la familia.\u00a0Tras la emisi\u00f3n del discurso de S.M. el Rey, tal y como ya avanz\u00f3 en exclusiva<a class=\"moretag\" href=\"https:\/\/www.manologarciaycia.com\/?p=2397\" title=\"MG: En la Navidad de Telecinco &#8211; Paz re\u00fane a los mejores cantantes\" target=\"_self\" rel=\"follow\"> <font face=arial size=2>[Leer m\u00e1s]<\/font> <\/a><\/p>\n","protected":false},"author":2,"featured_media":0,"comment_status":"closed","ping_status":"closed","sticky":false,"template":"","format":"standard","meta":{"footnotes":""},"categories":[1],"tags":[],"class_list":["post-2397","post","type-post","status-publish","format-standard","hentry","category-manolo-garcia"],"_links":{"self":[{"href":"https:\/\/www.manologarciaycia.com\/index.php?rest_route=\/wp\/v2\/posts\/2397","targetHints":{"allow":["GET"]}}],"collection":[{"href":"https:\/\/www.manologarciaycia.com\/index.php?rest_route=\/wp\/v2\/posts"}],"about":[{"href":"https:\/\/www.manologarciaycia.com\/index.php?rest_route=\/wp\/v2\/types\/post"}],"author":[{"embeddable":true,"href":"https:\/\/www.manologarciaycia.com\/index.php?rest_route=\/wp\/v2\/users\/2"}],"replies":[{"embeddable":true,"href":"https:\/\/www.manologarciaycia.com\/index.php?rest_route=%2Fwp%2Fv2%2Fcomments&post=2397"}],"version-history":[{"count":5,"href":"https:\/\/www.manologarciaycia.com\/index.php?rest_route=\/wp\/v2\/posts\/2397\/revisions"}],"predecessor-version":[{"id":2448,"href":"https:\/\/www.manologarciaycia.com\/index.php?rest_route=\/wp\/v2\/posts\/2397\/revisions\/2448"}],"wp:attachment":[{"href":"https:\/\/www.manologarciaycia.com\/index.php?rest_route=%2Fwp%2Fv2%2Fmedia&parent=2397"}],"wp:term":[{"taxonomy":"category","embeddable":true,"href":"https:\/\/www.manologarciaycia.com\/index.php?rest_route=%2Fwp%2Fv2%2Fcategories&post=2397"},{"taxonomy":"post_tag","embeddable":true,"href":"https:\/\/www.manologarciaycia.com\/index.php?rest_route=%2Fwp%2Fv2%2Ftags&post=2397"}],"curies":[{"name":"wp","href":"https:\/\/api.w.org\/{rel}","templated":true}]}}