{"id":23966,"date":"2024-06-24T07:44:41","date_gmt":"2024-06-24T05:44:41","guid":{"rendered":"https:\/\/www.manologarciaycia.com\/?p=23966"},"modified":"2024-06-24T07:44:43","modified_gmt":"2024-06-24T05:44:43","slug":"manolo-garcia-hace-volar-sus-pajaros-de-barro-en-cordoba","status":"publish","type":"post","link":"https:\/\/www.manologarciaycia.com\/?p=23966","title":{"rendered":"Manolo Garc\u00eda hace volar sus &#8216;P\u00e1jaros de Barro&#8217; en C\u00f3rdoba"},"content":{"rendered":"\n<p>Una de las grandes leyendas de la m\u00fasica en espa\u00f1ol, ese cantautor que ha traspasado barreras generacionales con sus canciones, brill\u00f3 en el escenario de Los Califas<\/p>\n\n\n\n<p>Este s\u00e1bado por la noche,&nbsp;<strong>uno de los escenarios m\u00e1s m\u00edticos de la ciudad de C\u00f3rdoba<\/strong>&nbsp;abr\u00eda sus puertas a uno de los m\u00e1ximos referentes de la m\u00fasica en espa\u00f1ol, uno de esos<strong>&nbsp;artistas atemporales<\/strong>&nbsp;que vive en el recuerdo de muchas generaciones, manteni\u00e9ndolas fieles a cada paso nuevo que da, y siendo a su vez capaz de llegar a las generaciones m\u00e1s nuevas por un camino&nbsp;<strong>lleno de verdad, buena m\u00fasica y mucha autenticidad<\/strong>.<\/p>\n\n\n\n<p>Son\u00f3 \u00abInsurrecci\u00f3n\u00bb la primera, as\u00ed, sin anestesia, y&nbsp;Garc\u00eda y el p\u00fablico cordob\u00e9s la cantaron a pleno pulm\u00f3n como si fuera un tema nuevo, a pesar de que hace casi cuatro d\u00e9cadas que se escribi\u00f3. Y&nbsp;es aqu\u00ed reside la magia de uno de los roqueros por excelencia del panorama musical, en la atemporalidad de sus canciones.&nbsp;<\/p>\n\n\n\n<figure class=\"wp-block-image\"><img decoding=\"async\" src=\"https:\/\/estaticos-cdn.prensaiberica.es\/clip\/c57ef334-24bc-41e5-9755-d819eff80eee_alta-libre-aspect-ratio_default_0.jpg\" alt=\"El concierto de Manolo Garc\u00eda, en im\u00e1genes\"\/><figcaption class=\"wp-element-caption\">Manolo Garc\u00eda hace volar sus &#8216;P\u00e1jaros de Barro&#8217; en C\u00f3rdoba&nbsp;<strong>\/ PABLO CABRERA<\/strong><\/figcaption><\/figure>\n\n\n\n<h2 class=\"wp-block-heading\">Carism\u00e1tico e incansable<\/h2>\n\n\n\n<p>\u00abNunca el tiempo es perdido\u00bb si se trata de un artista como Manolo Garc\u00eda, pleno, incontenible, carism\u00e1tico e incasable y que<strong>&nbsp;a&nbsp;sus 68 a\u00f1os de edad ofreci\u00f3 un show de m\u00e1s de dos horas y media de emoci\u00f3n y adrenalina<\/strong>&nbsp;puras a flor de piel.<\/p>\n\n\n\n<p>La&nbsp;<strong>conexi\u00f3n con el p\u00fablico fue inmediata y se mantuvo intacta<\/strong>&nbsp;durante todo el transcurso del concierto, ayud\u00f3 mucho, a parte del carisma innato del protagonista, el estar acompa\u00f1ado en el escenario por una banda soberbia de hasta nueve m\u00fasicos y un escenario y puesta en escenas espectaculares y cuidados al m\u00ednimo detalla. Tambi\u00e9n hubo tiempo para el baile en las&nbsp;<strong>canciones con m\u00e1s rumba o m\u00e1s aflamencadas<\/strong>, donde una bailarina engalanada con un mant\u00f3n de manila arranc\u00f3 m\u00e1s de un \u201cole\u201d entre el p\u00fablico.&nbsp;<\/p>\n\n\n\n<p>Y aunque los cl\u00e1sicos no pod\u00edan faltar, Garc\u00eda no se qued\u00f3 anclado en el pasado. En 2022 edit\u00f3 dos \u00e1lbumes, \u2018Mi vida en Marte\u2019 y \u2018Desatinos desplumados\u2019, llenos de canciones que tambi\u00e9n quiso&nbsp;<strong>compartir anoche con el p\u00fablico de C\u00f3rdoba<\/strong>&nbsp;y que este tampoco se dej\u00f3 sin cantar, haciendo sonar todas esas&nbsp;<strong>letras bien alto en el cielo de Los Califas.&nbsp;<\/strong><\/p>\n\n\n\n<h2 class=\"wp-block-heading\">P\u00e1jaros que echan a volar<\/h2>\n\n\n\n<p>Y sus &#8216;P\u00e1jaros de barro&#8217; echaron a volar por C\u00f3rdoba y \u00e9l vol\u00f3 junto a ellos, perdi\u00e9ndose entre el p\u00fablico para vivir la canci\u00f3n de cerca junto a ellos y crear sin duda uno de los momentos m\u00e1s intensos, especiales y memorables de la noche. A su alrededor&nbsp;<strong>los m\u00e1s fieles re\u00edan, saltaban, se emocionaban, cantaban, lo abrazaban, le chocaban la mano<\/strong>&#8230; y&nbsp;\u00e9l, manteniendo la cercan\u00eda con todos ellos y devolviendo todos los gestos de aprecio, no perdi\u00f3 el tiempo ni el tono en ning\u00fan&nbsp;momento. No fue este el \u00fanico momento en el que el cantautor quiso sentir m\u00e1s de cerca a su p\u00fablico, que vive la m\u00fasica con la misma intensidad que \u00e9l, otros cl\u00e1sicos como \u201cLlanto de pasi\u00f3n\u201d, \u201cGiro Teatral\u201d o \u201cSobre el oscuro abismo en que te meces\u201d tambi\u00e9n fueron c\u00f3mplices de esas interacciones m\u00e1s cercas entre cantante y seguidores.&nbsp;<\/p>\n\n\n\n<figure class=\"wp-block-image\"><img decoding=\"async\" src=\"https:\/\/estaticos-cdn.prensaiberica.es\/clip\/7c750528-6a5d-4c4d-b7e6-7f31009a53b8_alta-libre-aspect-ratio_default_0.jpg\" alt=\"El concierto de Manolo Garc\u00eda, en im\u00e1genes\"\/><figcaption class=\"wp-element-caption\">El concierto de Manolo Garc\u00eda, en im\u00e1genes.&nbsp;<strong>\/ PABLO CABRERA<\/strong><\/figcaption><\/figure>\n\n\n\n<p>Y mientras se&nbsp;<strong>pasaba \u201cun ratito a pie y otro caminando\u201d, o<\/strong>&nbsp;m\u00e1s bien danzando todos juntos al comp\u00e1s de la banda sonora de generaciones enteras, los minutos iban m\u00e1s bien corriendo sin que nadie pudiera hacer nada para detenerlos y as\u00ed poder quedarse a vivir eternamente entre las letras y los acordes de Manolo Garc\u00eda. Y es que a pesar de la extensa duraci\u00f3n del concierto, a nadie parec\u00eda pesarle el paso del tiempo y habr\u00edan firmado con los ojos cerrados por varias horas m\u00e1s de concierto.&nbsp;<\/p>\n\n\n\n<p><strong>Una noche inolvidable junto a un artista inigualable<\/strong>\u00a0que dej\u00f3 para siempre grabadas sus canciones en el coraz\u00f3n de C\u00f3rdoba.<\/p>\n\n\n\n<p>Fuente: <a href=\"https:\/\/www.diariocordoba.com\/cultura\/2024\/06\/23\/manolo-garcia-volar-pajaros-barro-104164002.html\">CONCIERTO MANOLO GARC\u00cdA C\u00d3RDOBA | Manolo Garc\u00eda hace volar sus &#8216;P\u00e1jaros de Barro&#8217; en C\u00f3rdoba (diariocordoba.com)<\/a><\/p>\n\n\n\n<p>Guadalupe Gavilan &#8211; Fotos Pablo Carrera<\/p>\n","protected":false},"excerpt":{"rendered":"<p>Una de las grandes leyendas de la m\u00fasica en espa\u00f1ol, ese cantautor que ha traspasado barreras generacionales con sus canciones, brill\u00f3 en el escenario de Los Califas Este s\u00e1bado por la noche,&nbsp;uno de los escenarios m\u00e1s m\u00edticos de la ciudad de C\u00f3rdoba&nbsp;abr\u00eda sus puertas a uno de los m\u00e1ximos referentes de la m\u00fasica en espa\u00f1ol,<a class=\"moretag\" href=\"https:\/\/www.manologarciaycia.com\/?p=23966\" title=\"Manolo Garc\u00eda hace volar sus &#8216;P\u00e1jaros de Barro&#8217; en C\u00f3rdoba\" target=\"_self\" rel=\"follow\"> <font face=arial size=2>[Leer m\u00e1s]<\/font> <\/a><\/p>\n","protected":false},"author":2,"featured_media":23967,"comment_status":"closed","ping_status":"closed","sticky":false,"template":"","format":"standard","meta":{"footnotes":""},"categories":[1],"tags":[],"class_list":["post-23966","post","type-post","status-publish","format-standard","has-post-thumbnail","hentry","category-manolo-garcia"],"_links":{"self":[{"href":"https:\/\/www.manologarciaycia.com\/index.php?rest_route=\/wp\/v2\/posts\/23966","targetHints":{"allow":["GET"]}}],"collection":[{"href":"https:\/\/www.manologarciaycia.com\/index.php?rest_route=\/wp\/v2\/posts"}],"about":[{"href":"https:\/\/www.manologarciaycia.com\/index.php?rest_route=\/wp\/v2\/types\/post"}],"author":[{"embeddable":true,"href":"https:\/\/www.manologarciaycia.com\/index.php?rest_route=\/wp\/v2\/users\/2"}],"replies":[{"embeddable":true,"href":"https:\/\/www.manologarciaycia.com\/index.php?rest_route=%2Fwp%2Fv2%2Fcomments&post=23966"}],"version-history":[{"count":1,"href":"https:\/\/www.manologarciaycia.com\/index.php?rest_route=\/wp\/v2\/posts\/23966\/revisions"}],"predecessor-version":[{"id":23968,"href":"https:\/\/www.manologarciaycia.com\/index.php?rest_route=\/wp\/v2\/posts\/23966\/revisions\/23968"}],"wp:featuredmedia":[{"embeddable":true,"href":"https:\/\/www.manologarciaycia.com\/index.php?rest_route=\/wp\/v2\/media\/23967"}],"wp:attachment":[{"href":"https:\/\/www.manologarciaycia.com\/index.php?rest_route=%2Fwp%2Fv2%2Fmedia&parent=23966"}],"wp:term":[{"taxonomy":"category","embeddable":true,"href":"https:\/\/www.manologarciaycia.com\/index.php?rest_route=%2Fwp%2Fv2%2Fcategories&post=23966"},{"taxonomy":"post_tag","embeddable":true,"href":"https:\/\/www.manologarciaycia.com\/index.php?rest_route=%2Fwp%2Fv2%2Ftags&post=23966"}],"curies":[{"name":"wp","href":"https:\/\/api.w.org\/{rel}","templated":true}]}}