{"id":23957,"date":"2024-06-24T07:34:00","date_gmt":"2024-06-24T05:34:00","guid":{"rendered":"https:\/\/www.manologarciaycia.com\/?p=23957"},"modified":"2024-06-24T07:34:02","modified_gmt":"2024-06-24T05:34:02","slug":"las-mejores-imagenes-del-concierto-de-manolo-garcia-en-cordoba","status":"publish","type":"post","link":"https:\/\/www.manologarciaycia.com\/?p=23957","title":{"rendered":"Las mejores im\u00e1genes del concierto de Manolo Garc\u00eda en C\u00f3rdoba"},"content":{"rendered":"\n<p>Manolo Garc\u00eda ha triunfado una vez m\u00e1s en C\u00f3rdoba, en esta ocasi\u00f3n en un Coso de los Califas en el que ha colgado el cartel de no hay billetes. El m\u00fasico catal\u00e1n ha hecho escala en la ciudad califal dentro de su gira\u00a0<em>Cero emisiones contaminantes desde ya<\/em>, con una puesta en escena renovada. Adem\u00e1s de\u00a0temas de su \u00faltimo trabajo de estudio, que est\u00e1 compuesto por dos \u00e1lbumes \u2013<em>Mi vida en marte<\/em>\u00a0y\u00a0<em>Desatinos desplumados<\/em>\u2013, Garc\u00eda ha interpretado tanto cl\u00e1sicos de su repertorio en solitario como canciones de su \u00e9poca en El \u00daltimo de la Fila.<\/p>\n\n\n\n<p>Puedes ver las fotos de Miguel Angel Salas en El D\u00eda de C\u00f3rdoba:<br><a href=\"https:\/\/www.eldiadecordoba.es\/cordoba\/mejores-imagenes-concierto-manolo-garcia-cordoba_3_2000418960.html#slide-1\">https:\/\/www.eldiadecordoba.es\/cordoba\/mejores-imagenes-concierto-manolo-garcia-cordoba_3_2000418960.html#slide-1<\/a><\/p>\n","protected":false},"excerpt":{"rendered":"<p>Manolo Garc\u00eda ha triunfado una vez m\u00e1s en C\u00f3rdoba, en esta ocasi\u00f3n en un Coso de los Califas en el que ha colgado el cartel de no hay billetes. El m\u00fasico catal\u00e1n ha hecho escala en la ciudad califal dentro de su gira\u00a0Cero emisiones contaminantes desde ya, con una puesta en escena renovada. Adem\u00e1s de\u00a0temas<a class=\"moretag\" href=\"https:\/\/www.manologarciaycia.com\/?p=23957\" title=\"Las mejores im\u00e1genes del concierto de Manolo Garc\u00eda en C\u00f3rdoba\" target=\"_self\" rel=\"follow\"> <font face=arial size=2>[Leer m\u00e1s]<\/font> <\/a><\/p>\n","protected":false},"author":2,"featured_media":23958,"comment_status":"closed","ping_status":"closed","sticky":false,"template":"","format":"standard","meta":{"footnotes":""},"categories":[1],"tags":[],"class_list":["post-23957","post","type-post","status-publish","format-standard","has-post-thumbnail","hentry","category-manolo-garcia"],"_links":{"self":[{"href":"https:\/\/www.manologarciaycia.com\/index.php?rest_route=\/wp\/v2\/posts\/23957","targetHints":{"allow":["GET"]}}],"collection":[{"href":"https:\/\/www.manologarciaycia.com\/index.php?rest_route=\/wp\/v2\/posts"}],"about":[{"href":"https:\/\/www.manologarciaycia.com\/index.php?rest_route=\/wp\/v2\/types\/post"}],"author":[{"embeddable":true,"href":"https:\/\/www.manologarciaycia.com\/index.php?rest_route=\/wp\/v2\/users\/2"}],"replies":[{"embeddable":true,"href":"https:\/\/www.manologarciaycia.com\/index.php?rest_route=%2Fwp%2Fv2%2Fcomments&post=23957"}],"version-history":[{"count":1,"href":"https:\/\/www.manologarciaycia.com\/index.php?rest_route=\/wp\/v2\/posts\/23957\/revisions"}],"predecessor-version":[{"id":23959,"href":"https:\/\/www.manologarciaycia.com\/index.php?rest_route=\/wp\/v2\/posts\/23957\/revisions\/23959"}],"wp:featuredmedia":[{"embeddable":true,"href":"https:\/\/www.manologarciaycia.com\/index.php?rest_route=\/wp\/v2\/media\/23958"}],"wp:attachment":[{"href":"https:\/\/www.manologarciaycia.com\/index.php?rest_route=%2Fwp%2Fv2%2Fmedia&parent=23957"}],"wp:term":[{"taxonomy":"category","embeddable":true,"href":"https:\/\/www.manologarciaycia.com\/index.php?rest_route=%2Fwp%2Fv2%2Fcategories&post=23957"},{"taxonomy":"post_tag","embeddable":true,"href":"https:\/\/www.manologarciaycia.com\/index.php?rest_route=%2Fwp%2Fv2%2Ftags&post=23957"}],"curies":[{"name":"wp","href":"https:\/\/api.w.org\/{rel}","templated":true}]}}