{"id":23953,"date":"2024-06-21T11:14:02","date_gmt":"2024-06-21T09:14:02","guid":{"rendered":"https:\/\/www.manologarciaycia.com\/?p=23953"},"modified":"2024-06-21T11:14:04","modified_gmt":"2024-06-21T09:14:04","slug":"manolo-garcia-llega-este-sabado-a-cordoba-con-su-gira-cero-emisiones-contaminantes-desde-ya","status":"publish","type":"post","link":"https:\/\/www.manologarciaycia.com\/?p=23953","title":{"rendered":"Manolo Garc\u00eda llega este s\u00e1bado a C\u00f3rdoba con su gira &#8216;Cero emisiones contaminantes desde ya&#8217;"},"content":{"rendered":"\n<p>El artista barcelon\u00e9s se subir\u00e1 al escenario de la Plaza de Toros este s\u00e1bado, a partir de las 22.00 horas<\/p>\n\n\n\n<p>La Plaza de Toros de C\u00f3rdoba est\u00e1 ya preparada para acoger el concierto del veterano cantante barcelon\u00e9s\u00a0Manolo Garc\u00eda, que regresa a la capital con su gira\u00a0<strong>&#8216;Cero emisiones contaminante desde ya&#8217;<\/strong>, una propuesta de directo con una puesta en escena renovada \u00aben la que est\u00e1 cosechando una gran acogida por parte de p\u00fablico y cr\u00edtica\u00bb, apunta la discogr\u00e1fica del artista en una nota.<\/p>\n\n\n\n<p>Tras el \u00e9xito de su gira de teatros en la que Manolo Garc\u00eda ha colgado el cartel de &#8216;entradas agotadas&#8217; en todos los conciertos celebrados, el exvocalista de El \u00faltimo de la fila se ha embarcado en un periplo por Espa\u00f1a, con una vibrante escenograf\u00eda, para interpretar en directo las canciones de su \u00faltimo trabajo de estudio que est\u00e1 compuesto por un doble \u00e1lbum y que incluye los t\u00edtulos\u00a0<strong>&#8216;Mi vida en Marte&#8217; y &#8216;Desatinos desplumados&#8217;<\/strong>, y que \u00abhan pulverizado todos los r\u00e9cords de venta\u00bb.<\/p>\n\n\n\n<p>Durante la esperada cita el pr\u00f3ximo s\u00e1bado en la Plaza de Toros de C\u00f3rdoba, los asistentes podr\u00e1n disfrutar en directo de los&nbsp;<strong>grandes \u00e9xitos de Manolo Garc\u00eda&nbsp;<\/strong>que ya forman parte de la historia de la m\u00fasica de nuestro pa\u00eds como son &#8216;P\u00e1jaros de barro&#8217;, &#8216;A San Fernando, un ratito a pie y otro caminando&#8217; o &#8216;Nunca el tiempo es perdido&#8217;.<\/p>\n\n\n\n<p>Los dos \u00faltimos discos han sido grabados entre Girona y Pozuelo de Alarc\u00f3n (Madrid) y re\u00fanen\u00a0<strong>27 canciones\u00a0<\/strong>con la firma de Manolo Garc\u00eda \u2013incluida una nueva versi\u00f3n de la canci\u00f3n &#8216;Busco cielos&#8217;-.<\/p>\n\n\n\n<p>Fuente ABC C\u00f3rdoba &#8211; <a href=\"https:\/\/www.abc.es\/espana\/andalucia\/cordoba\/manolo-garcia-llega-sabado-cordoba-gira-cero-20240621103406-nts.html\" target=\"_blank\" rel=\"noreferrer noopener\">https:\/\/www.abc.es\/espana\/andalucia\/cordoba\/manolo-garcia-llega-sabado-cordoba-gira-cero-20240621103406-nts.html<\/a><\/p>\n","protected":false},"excerpt":{"rendered":"<p>El artista barcelon\u00e9s se subir\u00e1 al escenario de la Plaza de Toros este s\u00e1bado, a partir de las 22.00 horas La Plaza de Toros de C\u00f3rdoba est\u00e1 ya preparada para acoger el concierto del veterano cantante barcelon\u00e9s\u00a0Manolo Garc\u00eda, que regresa a la capital con su gira\u00a0&#8216;Cero emisiones contaminante desde ya&#8217;, una propuesta de directo con<a class=\"moretag\" href=\"https:\/\/www.manologarciaycia.com\/?p=23953\" title=\"Manolo Garc\u00eda llega este s\u00e1bado a C\u00f3rdoba con su gira &#8216;Cero emisiones contaminantes desde ya&#8217;\" target=\"_self\" rel=\"follow\"> <font face=arial size=2>[Leer m\u00e1s]<\/font> <\/a><\/p>\n","protected":false},"author":2,"featured_media":23954,"comment_status":"closed","ping_status":"closed","sticky":false,"template":"","format":"standard","meta":{"footnotes":""},"categories":[1],"tags":[],"class_list":["post-23953","post","type-post","status-publish","format-standard","has-post-thumbnail","hentry","category-manolo-garcia"],"_links":{"self":[{"href":"https:\/\/www.manologarciaycia.com\/index.php?rest_route=\/wp\/v2\/posts\/23953","targetHints":{"allow":["GET"]}}],"collection":[{"href":"https:\/\/www.manologarciaycia.com\/index.php?rest_route=\/wp\/v2\/posts"}],"about":[{"href":"https:\/\/www.manologarciaycia.com\/index.php?rest_route=\/wp\/v2\/types\/post"}],"author":[{"embeddable":true,"href":"https:\/\/www.manologarciaycia.com\/index.php?rest_route=\/wp\/v2\/users\/2"}],"replies":[{"embeddable":true,"href":"https:\/\/www.manologarciaycia.com\/index.php?rest_route=%2Fwp%2Fv2%2Fcomments&post=23953"}],"version-history":[{"count":1,"href":"https:\/\/www.manologarciaycia.com\/index.php?rest_route=\/wp\/v2\/posts\/23953\/revisions"}],"predecessor-version":[{"id":23955,"href":"https:\/\/www.manologarciaycia.com\/index.php?rest_route=\/wp\/v2\/posts\/23953\/revisions\/23955"}],"wp:featuredmedia":[{"embeddable":true,"href":"https:\/\/www.manologarciaycia.com\/index.php?rest_route=\/wp\/v2\/media\/23954"}],"wp:attachment":[{"href":"https:\/\/www.manologarciaycia.com\/index.php?rest_route=%2Fwp%2Fv2%2Fmedia&parent=23953"}],"wp:term":[{"taxonomy":"category","embeddable":true,"href":"https:\/\/www.manologarciaycia.com\/index.php?rest_route=%2Fwp%2Fv2%2Fcategories&post=23953"},{"taxonomy":"post_tag","embeddable":true,"href":"https:\/\/www.manologarciaycia.com\/index.php?rest_route=%2Fwp%2Fv2%2Ftags&post=23953"}],"curies":[{"name":"wp","href":"https:\/\/api.w.org\/{rel}","templated":true}]}}