{"id":23942,"date":"2024-06-20T11:38:09","date_gmt":"2024-06-20T09:38:09","guid":{"rendered":"https:\/\/www.manologarciaycia.com\/?p=23942"},"modified":"2024-06-20T11:38:11","modified_gmt":"2024-06-20T09:38:11","slug":"manolo-garcia-de-nino-iba-a-regar-por-la-noche-junto-a-mi-abuelo-descalzos-por-acequias-arabes","status":"publish","type":"post","link":"https:\/\/www.manologarciaycia.com\/?p=23942","title":{"rendered":"Manolo Garc\u00eda: \u201cDe ni\u00f1o iba a regar por la noche junto a mi abuelo, descalzos por acequias ar\u00e1bes\u00bb"},"content":{"rendered":"\n<p>El m\u00fasico catal\u00e1n vuelve a C\u00f3rdoba con su gira \u00abCero Emisiones Contaminantes Desde Ya\u00bb, y adem\u00e1s de hablar de su m\u00fasica, ha compartido algunos momentos de su ni\u00f1ez<\/p>\n\n\n\n<figure class=\"wp-block-audio\"><audio controls src=\"https:\/\/cope-cdnmed.cope.es\/resources\/mp3\/0\/4\/1718795363040.mp3\"><\/audio><\/figure>\n\n\n\n<p>Fuente: <a href=\"https:\/\/www.cope.es\/emisoras\/andalucia\/cordoba-provincia\/cordoba\/noticias\/manolo-garcia-nino-iba-regar-por-noche-junto-abuelo-descalzos-por-acequias-arabes-20240619_3359113\">https:\/\/www.cope.es\/emisoras\/andalucia\/cordoba-provincia\/cordoba\/noticias\/manolo-garcia-nino-iba-regar-por-noche-junto-abuelo-descalzos-por-acequias-arabes-20240619_3359113<\/a><\/p>\n","protected":false},"excerpt":{"rendered":"<p>El m\u00fasico catal\u00e1n vuelve a C\u00f3rdoba con su gira \u00abCero Emisiones Contaminantes Desde Ya\u00bb, y adem\u00e1s de hablar de su m\u00fasica, ha compartido algunos momentos de su ni\u00f1ez Fuente: https:\/\/www.cope.es\/emisoras\/andalucia\/cordoba-provincia\/cordoba\/noticias\/manolo-garcia-nino-iba-regar-por-noche-junto-abuelo-descalzos-por-acequias-arabes-20240619_3359113<a class=\"moretag\" href=\"https:\/\/www.manologarciaycia.com\/?p=23942\" title=\"Manolo Garc\u00eda: \u201cDe ni\u00f1o iba a regar por la noche junto a mi abuelo, descalzos por acequias ar\u00e1bes\u00bb\" target=\"_self\" rel=\"follow\"> <font face=arial size=2>[Leer m\u00e1s]<\/font> <\/a><\/p>\n","protected":false},"author":2,"featured_media":23943,"comment_status":"closed","ping_status":"closed","sticky":false,"template":"","format":"standard","meta":{"footnotes":""},"categories":[1],"tags":[],"class_list":["post-23942","post","type-post","status-publish","format-standard","has-post-thumbnail","hentry","category-manolo-garcia"],"_links":{"self":[{"href":"https:\/\/www.manologarciaycia.com\/index.php?rest_route=\/wp\/v2\/posts\/23942","targetHints":{"allow":["GET"]}}],"collection":[{"href":"https:\/\/www.manologarciaycia.com\/index.php?rest_route=\/wp\/v2\/posts"}],"about":[{"href":"https:\/\/www.manologarciaycia.com\/index.php?rest_route=\/wp\/v2\/types\/post"}],"author":[{"embeddable":true,"href":"https:\/\/www.manologarciaycia.com\/index.php?rest_route=\/wp\/v2\/users\/2"}],"replies":[{"embeddable":true,"href":"https:\/\/www.manologarciaycia.com\/index.php?rest_route=%2Fwp%2Fv2%2Fcomments&post=23942"}],"version-history":[{"count":1,"href":"https:\/\/www.manologarciaycia.com\/index.php?rest_route=\/wp\/v2\/posts\/23942\/revisions"}],"predecessor-version":[{"id":23944,"href":"https:\/\/www.manologarciaycia.com\/index.php?rest_route=\/wp\/v2\/posts\/23942\/revisions\/23944"}],"wp:featuredmedia":[{"embeddable":true,"href":"https:\/\/www.manologarciaycia.com\/index.php?rest_route=\/wp\/v2\/media\/23943"}],"wp:attachment":[{"href":"https:\/\/www.manologarciaycia.com\/index.php?rest_route=%2Fwp%2Fv2%2Fmedia&parent=23942"}],"wp:term":[{"taxonomy":"category","embeddable":true,"href":"https:\/\/www.manologarciaycia.com\/index.php?rest_route=%2Fwp%2Fv2%2Fcategories&post=23942"},{"taxonomy":"post_tag","embeddable":true,"href":"https:\/\/www.manologarciaycia.com\/index.php?rest_route=%2Fwp%2Fv2%2Ftags&post=23942"}],"curies":[{"name":"wp","href":"https:\/\/api.w.org\/{rel}","templated":true}]}}