{"id":23939,"date":"2024-06-20T11:33:16","date_gmt":"2024-06-20T09:33:16","guid":{"rendered":"https:\/\/www.manologarciaycia.com\/?p=23939"},"modified":"2024-06-20T11:39:17","modified_gmt":"2024-06-20T09:39:17","slug":"manolo-garcia-la-sensacion-de-dar-alegria-a-los-demas-es-impagable","status":"publish","type":"post","link":"https:\/\/www.manologarciaycia.com\/?p=23939","title":{"rendered":"Manolo Garc\u00eda: \u00abLa sensaci\u00f3n de dar alegr\u00eda a los dem\u00e1s es impagable\u00bb"},"content":{"rendered":"\n<p>El veterano artista actuar\u00e1 este s\u00e1bado en la Plaza de Toros de los Califas<\/p>\n\n\n\n<p>Manolo Garc\u00eda vuelve a C\u00f3rdoba, y ya hemos perdido la cuenta de las veces que ha actuado en nuestra ciudad. Pero eso da igual, porque no hace falta ser adivino para saber que la plaza de toros de los Califas estar\u00e1 llena hasta la bandera para ver (este s\u00e1bado a las diez de la noche) a uno de los artistas m\u00e1s respetados por el p\u00fablico de nuestro pa\u00eds.<\/p>\n\n\n\n<p><\/p>\n\n\n\n<h2 class=\"wp-block-heading\">Tres horas de concierto<\/h2>\n\n\n\n<p>Sus conciertos est\u00e1n durando casi tres horas, pero eso a Manolo Garc\u00eda no le importa. Al contrario, le encanta. \u00abEl escenario engancha. Es un momento m\u00e1gico para el cantante y para el p\u00fablico; un lugar de evasi\u00f3n\u00bb ha dicho el artista en el programa Hoy por Hoy C\u00f3rdoba, donde ha reconocido que es un profesional feliz, \u00abporque doy alegr\u00eda al p\u00fablico, pero el p\u00fablico tambi\u00e9n me la da a m\u00ed\u00bb. En definitiva, \u00abla sensaci\u00f3n de dar alegr\u00eda a los dem\u00e1s es impagable\u00bb.<\/p>\n\n<noscript><a target='_blank' href='https:\/\/cadenaser.com\/embed\/audio\/460\/1718798669268\/' title='Entrevista a Manolo Garc\u00eda que act\u00faa en C\u00f3rdoba | Audio | Cadena SER' alt=\"Entrevista a Manolo Garc\u00eda que act\u00faa en C\u00f3rdoba | Audio | Cadena SER'\" rel=\"noopener\"> Escucha Entrevista a Manolo Garc\u00eda que act\u00faa en C\u00f3rdoba en Cadena SER<\/a><\/noscript><iframe width='100%' height='360' src='https:\/\/cadenaser.com\/embed\/audio\/460\/1718798669268\/' frameborder='0' allowfullscreen name='Entrevista a Manolo Garc\u00eda que act\u00faa en C\u00f3rdoba'><\/iframe>\n\n<p>Durante la esperada cita en el emblem\u00e1tico recinto cordob\u00e9s, los asistentes podr\u00e1n disfrutar en directo de los grandes \u00e9xitos de Manolo Garc\u00eda que ya forman parte de la historia de la m\u00fasica de nuestro pa\u00eds como son&nbsp;<em>P\u00e1jaros de Barro<\/em>,&nbsp;<em>A San Fernando Un Ratito a Pie y Otro Caminando<\/em>&nbsp;o&nbsp;<em>Nunca El Tiempo es Perdido<\/em>.<\/p>\n\n\n\n<h2 class=\"wp-block-heading\">Doble \u00e1lbum y grandes \u00e9xitos<\/h2>\n\n\n\n<p>Manolo Garc\u00eda tambi\u00e9n interpretar\u00e1 en directo en C\u00f3rdoba las canciones de su \u00faltimo trabajo de estudio que est\u00e1 compuesto por un doble \u00e1lbum y que incluye los t\u00edtulos&nbsp;<em>Mi Vida en Marte<\/em>&nbsp;y&nbsp;<em>Desatinos Desplumados<\/em>, y que han pulverizado todos los r\u00e9cords de venta. 27 nuevas canciones que intercalar\u00e1 con sus grandes \u00e9xitos \u00abporque yo me pongo en la piel del p\u00fablico y a mi tambi\u00e9n me gusta cantar las canciones que conozco cuando voy a conciertos de otros artistas\u00bb nos ha dicho.<\/p>\n\n\n\n<h2 class=\"wp-block-heading\">Cero Emisiones Contaminantes Desde Ya<\/h2>\n\n\n\n<p>Manolo Garc\u00eda est\u00e1 recorriendo la geograf\u00eda espa\u00f1ola con su gira Cero Emisiones Contaminantes Desde Ya. Un nombre que viene de su militancia medio ambiental. Orgulloso de sus or\u00edgenes humildes como hijo y nieto de peque\u00f1os agricultores, en su opini\u00f3n \u00abestamos viviendo de espaldas a la naturaleza. Estamos queriendo correr demasiado hacia ninguna parte\u00bb. Y no se queda ah\u00ed. Garc\u00eda aprovecha para animar a los j\u00f3venes \u00aba actuar para exigir medida urgent\u00edsimas para frenar el cambio clim\u00e1tico\u00bb. Adem\u00e1s, le pide a sus seguidores que nos suban videos de sus conciertos a YouTube, porque \u00abes una empresa que se lucra con el trabajo de los dem\u00e1s y no comparte sus ganancias\u00bb.<\/p>\n\n\n\n<p>Fuente: Cadena Ser C\u00f3rdoba: <a href=\"https:\/\/cadenaser.com\/andalucia\/2024\/06\/19\/manolo-garcia-la-sensacion-de-dar-alegria-a-los-demas-es-impagable-radio-cordoba\/\">Manolo Garc\u00eda: \u00abLa sensaci\u00f3n de dar alegr\u00eda a los dem\u00e1s es impagable\u00bb | Ocio y cultura | Cadena SER<\/a><\/p>\n","protected":false},"excerpt":{"rendered":"<p>El veterano artista actuar\u00e1 este s\u00e1bado en la Plaza de Toros de los Califas Manolo Garc\u00eda vuelve a C\u00f3rdoba, y ya hemos perdido la cuenta de las veces que ha actuado en nuestra ciudad. Pero eso da igual, porque no hace falta ser adivino para saber que la plaza de toros de los Califas estar\u00e1<a class=\"moretag\" href=\"https:\/\/www.manologarciaycia.com\/?p=23939\" title=\"Manolo Garc\u00eda: \u00abLa sensaci\u00f3n de dar alegr\u00eda a los dem\u00e1s es impagable\u00bb\" target=\"_self\" rel=\"follow\"> <font face=arial size=2>[Leer m\u00e1s]<\/font> <\/a><\/p>\n","protected":false},"author":2,"featured_media":23945,"comment_status":"closed","ping_status":"closed","sticky":false,"template":"","format":"standard","meta":{"footnotes":""},"categories":[1],"tags":[],"class_list":["post-23939","post","type-post","status-publish","format-standard","has-post-thumbnail","hentry","category-manolo-garcia"],"_links":{"self":[{"href":"https:\/\/www.manologarciaycia.com\/index.php?rest_route=\/wp\/v2\/posts\/23939","targetHints":{"allow":["GET"]}}],"collection":[{"href":"https:\/\/www.manologarciaycia.com\/index.php?rest_route=\/wp\/v2\/posts"}],"about":[{"href":"https:\/\/www.manologarciaycia.com\/index.php?rest_route=\/wp\/v2\/types\/post"}],"author":[{"embeddable":true,"href":"https:\/\/www.manologarciaycia.com\/index.php?rest_route=\/wp\/v2\/users\/2"}],"replies":[{"embeddable":true,"href":"https:\/\/www.manologarciaycia.com\/index.php?rest_route=%2Fwp%2Fv2%2Fcomments&post=23939"}],"version-history":[{"count":2,"href":"https:\/\/www.manologarciaycia.com\/index.php?rest_route=\/wp\/v2\/posts\/23939\/revisions"}],"predecessor-version":[{"id":23941,"href":"https:\/\/www.manologarciaycia.com\/index.php?rest_route=\/wp\/v2\/posts\/23939\/revisions\/23941"}],"wp:featuredmedia":[{"embeddable":true,"href":"https:\/\/www.manologarciaycia.com\/index.php?rest_route=\/wp\/v2\/media\/23945"}],"wp:attachment":[{"href":"https:\/\/www.manologarciaycia.com\/index.php?rest_route=%2Fwp%2Fv2%2Fmedia&parent=23939"}],"wp:term":[{"taxonomy":"category","embeddable":true,"href":"https:\/\/www.manologarciaycia.com\/index.php?rest_route=%2Fwp%2Fv2%2Fcategories&post=23939"},{"taxonomy":"post_tag","embeddable":true,"href":"https:\/\/www.manologarciaycia.com\/index.php?rest_route=%2Fwp%2Fv2%2Ftags&post=23939"}],"curies":[{"name":"wp","href":"https:\/\/api.w.org\/{rel}","templated":true}]}}