{"id":23936,"date":"2024-06-15T07:48:11","date_gmt":"2024-06-15T05:48:11","guid":{"rendered":"https:\/\/www.manologarciaycia.com\/?p=23936"},"modified":"2024-06-15T07:48:13","modified_gmt":"2024-06-15T05:48:13","slug":"manolo-garcia-sobre-su-concierto-en-malaga-es-un-reencuentro-con-un-publico-que-viene-con-un-animo-muy-alto","status":"publish","type":"post","link":"https:\/\/www.manologarciaycia.com\/?p=23936","title":{"rendered":"Manolo Garc\u00eda, sobre su concierto en M\u00e1laga: \u00abEs un reencuentro con un p\u00fablico que viene con un \u00e1nimo muy alto\u00bb"},"content":{"rendered":"\n<ul class=\"wp-block-list\">\n<li>El cantante barcelon\u00e9s act\u00faa este 15 de junio en Marenostrum Fuengirola<\/li>\n\n\n\n<li>Asegura que el espect\u00e1culo tiene una duraci\u00f3n cercana a las tres horas para olvidarse de otras cuestiones<\/li>\n<\/ul>\n\n\n\n<p>Hay personas que no pueden quedarse quietas, que necesitan estar en constante movimiento. Es el caso del cantante\u00a0<strong>Manolo Garc\u00eda<\/strong>. A sus 68 a\u00f1os, despu\u00e9s de sumergirse en una gira de teatros el pasado a\u00f1o, este 2024 se embarca de nuevo en un\u00a0<em>tour<\/em>\u00a0en espacios grandes que recorre las principales ciudades de Espa\u00f1a. \u00abContinuar en la brecha\u00bb, como \u00e9l dice parafraseando su propia canci\u00f3n. En M\u00e1laga hace parada el s\u00e1bado 15 de junio, una cita en Marenostrum Fuengirola en la que se reencuentra con su publico. A\u00fan quedan las \u00faltimas\u00a0entradas\u00a0disponibles en pista.<\/p>\n\n\n\n<p><strong>\u2013Viene de una gira de teatros bastante intensa.<\/strong><\/p>\n\n\n\n<p>\u2013S\u00ed, est\u00e1 muy bien porque el teatro es un formato para m\u00ed muy agradable. Hay una cercan\u00eda, hay una intimidad, y la posibilidad de ofrecer canciones es muy bonita porque la calidad del sonido siempre suele ser m\u00e1s agradecida. Ahora ya estoy en otra posici\u00f3n, conciertos ya aire libre, en plazas de toros, ya sitios grandes. Hay un desarrollo de energ\u00eda diferente. Ah\u00ed se trata de que todo el mundo est\u00e9 con la energ\u00eda arriba. Son formatos diferentes. Yo los conozco a la perfecci\u00f3n los dos, porque por suerte para m\u00ed llevo a\u00f1os en este oficio y ambos los disfruto. Para m\u00ed es un placer volver a M\u00e1laga. Tengo el recuerdo de la acogida con El \u00faltimo de la fila en los a\u00f1os 90. La primera vez en la provincia fue en las fiestas de Co\u00edn y ya me gust\u00f3 la cosa. Lo siguiente fue en La Malagueta y fue una noche apote\u00f3sica, muy bonita. Es un reencuentro siempre con un p\u00fablico que yo s\u00e9 que viene con un \u00e1nimo muy alto y muestra el afecto, una calidez en el trato en cuanto empiezan los conciertos.&nbsp;<\/p>\n\n\n\n<p><strong>\u2013\u00bfM\u00e1laga es como una ciudad especial?<\/strong><\/p>\n\n\n\n<p>\u2013Bueno, las ciudades dependen de su forma de vida y de seg\u00fan las recibes t\u00fa. La&nbsp;caracter\u00edstica var\u00eda como el car\u00e1cter de la gente. Ante una propuesta respetuosa y profesional, siempre responde bien. Luego la forma de expresar, ese congratularse, ese decir \u00aboye, pues est\u00e1 bien, este concierto me est\u00e1 gustando\u00bb. La forma de expresar el gozo en M\u00e1laga, en concreto, es un modo alto y es muy expresivo.&nbsp;<\/p>\n\n\n\n<p><strong>\u2013Aqu\u00ed se vive todo un poco intensamente.<\/strong><\/p>\n\n\n\n<p>\u2013S\u00ed, claro, claro. Ya las zonas dan un car\u00e1cter. La climatolog\u00eda, el mar. Por ejemplo, para un cantante que acuda a una ciudad de interior o ciudad de mar no es lo mismo. Para cualquier actividad, la persona que habita en un litoral, que habita en un mar, en este caso Mediterr\u00e1neo, una de civilizaciones de siglos y siglos de historia, es un car\u00e1cter un poquito m\u00e1s abierto. A la hora de expresar la emoci\u00f3n tambi\u00e9n hay una fuerza concreta.&nbsp;<\/p>\n\n\n\n<p><strong>\u2013Y hablando del mar, Marenostrum Fuengirola literalmente est\u00e1 justo enfrente, con el mar detr\u00e1s del escenario.&nbsp;<\/strong><\/p>\n\n\n\n<p>\u2013S\u00ed, ah\u00ed est\u00e1 la punter\u00eda de las personas que organizan los conciertos y los festivales. En este caso, por lo que yo s\u00e9, es un lugar privilegiado y tener el mar cerca, a los que nos gusta, siempre es motivo de alegr\u00eda. A m\u00ed me ha pasado el acabar un concierto que estaba al lado del mar y no pasar ni por el camerino, sino irme directamente al agua. Soy de mar, yo nac\u00ed a doscientos metros del agua en un barrio barcelon\u00e9s y me sigue gustando much\u00edsimo. Quien nace en la costa dif\u00edcilmente se acostumbra al interior. Y tambi\u00e9n es cierto, yo lo pienso a veces, que el que vive o los que vivimos en una ciudad de mar como en Barcelona, puedes usarlo en ciertas \u00e9pocas para darte un ba\u00f1o o para darte un paseo. La playa se puede usar todo el a\u00f1o para pasear, para para estar en ella, meditar. Pero s\u00ed que es cierto que la persona que es de mar lo necesita. Tambi\u00e9n se dan casos contrarios, personas que han nacido y han vivido siempre en tierra, descubren el mar y ya no pueden despegarse.&nbsp;<\/p>\n\n\n\n<p><strong>\u2013\u00bfQu\u00e9 les espera a los malague\u00f1os en el concierto?<\/strong><\/p>\n\n\n\n<p>\u2013Espera todo el entusiasmo que podamos aportar, todas las ganas, como siempre, porque para m\u00ed, personalmente, no hay fatiga nunca. Yo cuando salgo al escenario, salgo a escena y se remueve algo dentro de m\u00ed. Poder comunicarme con la gente a trav\u00e9s de melod\u00edas, de m\u00fasica, es una posibilidad m\u00e1gica, es un regalo de los dioses. Supongo que espera lo mismo que espero yo: vivir un rato en un presente absoluto, olvidarnos de otras cuestiones, a veces muy pesadas, muy, muy aburridas. A veces, incluso da\u00f1inas para el alma, para la mente, para el coraz\u00f3n. Y durante un ratito, alrededor de tres horas, pasar un rato agradable, cantar y entrar en otra posibilidad emocional. La persona que tiene la entrada, la compra tres meses antes porque le gusta el m\u00fasico, y es un d\u00eda especial y lo espera con ganas. Tienes unas expectativas que esperas que se cumplan. Yo lo que deseo es que se cumplan para todo el mundo, incluy\u00e9ndome a m\u00ed. Y yo, a partir de esta idea, pongo todo lo que est\u00e1 en mi parte, le pongo toda la ilusi\u00f3n y todo el cari\u00f1o.<\/p>\n\n\n\n<p><strong>\u2013\u00bfCu\u00e1l es la canci\u00f3n que m\u00e1s est\u00e1 disfrutando en directo?<\/strong><\/p>\n\n\n\n<p>\u2013Qu\u00e9 pregunta m\u00e1s buena. Estoy haciendo un repertorio de tres horas con casi 30 canciones. Va a d\u00edas. Con la que abro los conciertos, que se puede decir porque est\u00e1 en las redes, es&nbsp;<em>Insurrecci\u00f3n<\/em>. Y es una canci\u00f3n a la que le tengo mucho cari\u00f1o porque a El \u00faltimo de la fila nos dio buena suerte, porque fue un poco talism\u00e1n. Y luego, a lo largo del concierto, cuando canto<em>&nbsp;P\u00e1jaros de barro<\/em>, tambi\u00e9n es especial, porque s\u00e9 que ha llegado a mucha gente, ha calado en mucha gente. Y a pesar de que llevo toc\u00e1ndola bastantes a\u00f1os, siempre se rehace, renace y se reinventa cada noche porque cambias un trocito de melod\u00eda, haces un gui\u00f1o diferente, la forma de cantar.&nbsp;<em>P\u00e1jaros de barro<\/em>&nbsp;es una canci\u00f3n que le tengo pillado el punto de disfrutarla siempre. A veces me bajo, la canto ante el p\u00fablico y eso la hace especial.&nbsp;<\/p>\n\n\n\n<p><strong>\u2013Ah\u00ed se ve la cercan\u00eda, la conexi\u00f3n con la gente.<\/strong><\/p>\n\n\n\n<p>\u2013Si, la gente es muy cercana. Si t\u00fa no haces ninguna barrera de ning\u00fan tipo, si t\u00fa eres llano en tu trato, en tu mirada, en tu propuesta, en tu forma de estar en las tablas, la gente entra r\u00e1pidamente porque quiere eso. Quieren ese abrazo, quiere esa cosa bonita que nos aporta la m\u00fasica y que en cambio nos llegan otras cuestiones cotidianas a las que dedicamos muchas horas. Estamos dedicados a mil cosas diarias que nos cansan, nos aburren, nos inquietan, nos preocupan. Noticias, pol\u00edtica, guerras&#8230; Eso nos ocupa much\u00edsimas horas al d\u00eda. Unos minutos de canci\u00f3n te esponjan el coraz\u00f3n. Te dan otra posibilidad de vivir ese d\u00eda.<\/p>\n\n\n\n<p><strong>\u2013La gira se llama&nbsp;<em>Cero emisiones contaminantes desde ya<\/em>. Es un mensaje bastante contundente.<\/strong><\/p>\n\n\n\n<p>\u2013Lamentablemente, a d\u00eda de hoy tendr\u00eda que obrarse un milagro, bajar un alien\u00edgena a hablar de la urgencia, de la necesidad, de lo importante que es a las personas que dirigen, que son los cuerpos pol\u00edticos, macroecon\u00f3micos, bancos y petroleras. Yo, humildemente, pongo mi granito de arena y de una manera casi ingenua. Los estamentos en general, no solo espa\u00f1oles, en todo el mundo, nos dan unas tiritas para que las pongamos en lo que puede llegar a ser un c\u00e1ncer da\u00f1ino. Parece que si ya hay grupos ecologistas, como Greenpeace, podemos estar tranquilos. No. Son tiritas en un problema grave que hay que abrir, operar, cerrar y curar. La poblaci\u00f3n est\u00e1 inmersa en la lucha por la vida, sobrevivir en un mundo en el que cada vez parece que cuesta m\u00e1s la cosa sencilla. Despu\u00e9s de tantos siglos, tendr\u00edamos que haber aprendido ya la lecci\u00f3n. Somos el tiempo de la historia en el que m\u00e1s personas hay sobre el planeta y muy pronto van a haber muchos millones m\u00e1s. La naturaleza es la madre, es la que nos da la vida y la que nos la puede llegar a quitar. Ya que los alien\u00edgenas no vienen, aunque sea en son de paz, a decir que no nos damos cuenta de que no es as\u00ed como hay que hacer las cosas, quiz\u00e1 tendr\u00eda que ser la poblaci\u00f3n civil de todo el mundo la que reaccionase. Habr\u00eda que cambiar nuestro rumbo vital, tendr\u00edamos que cambiar nuestra forma de vivir, vivir m\u00e1s lentamente, movernos menos, contaminar menos. La soluci\u00f3n no es f\u00e1cil, pero hay que concienciarse de que ya tendr\u00edamos que estar bajando las emisiones de CO2 y no usar combustibles f\u00f3siles. Es el primer paso a dar. Y de momento, a mi modo de ver, solo se van poniendo parches que hacen ver que ya hacemos cosas. Perdonen, no van a enga\u00f1ar a nadie.<\/p>\n\n\n\n<p><strong>\u2013Esto es un tema que da lugar a un debate amplio y largo. Su m\u00fasica ha traspasado muchas generaciones, le escucha gente de todas las edades. \u00bfEso lo ve en los conciertos?<\/strong><\/p>\n\n\n\n<p>\u2013La verdad es que s\u00ed. Por suerte para m\u00ed hay una intergeneracionalidad. Me llegan an\u00e9cdotas muy bonitas, me cuentan casos de padres que tienen hijos peque\u00f1os y que con mi m\u00fasica les duermen, es decir, les gusta mi voz, mis canciones. Luego se da el caso tambi\u00e9n ya por d\u00e9cadas, de que much\u00edsima gente en el pa\u00eds, que ahora tienen 20 a\u00f1os en adelante, han escuchado mi m\u00fasica de la mano de sus hermanos mayores, de sus padres, e incluso ya de sus abuelos. Han entrado ah\u00ed a esa f\u00f3rmula m\u00eda, esa manera m\u00eda de componer y de entender la m\u00fasica. Con lo cual, eso significa que en los conciertos hay un entreverado de gente de todas las edades. Se ven familias enteras: hijos, padres&#8230; Eso para m\u00ed es un regalo.<\/p>\n\n\n\n<p><strong>\u2013En cuanto al disco, es un doble \u00e1lbum que incluye los t\u00edtulos&nbsp;<em>Mi Vida en Marte<\/em>&nbsp;y&nbsp;<em>Desatinos Desplumados<\/em>. \u00bfC\u00f3mo se le ocurri\u00f3 la idea de unirlos?&nbsp;<\/strong><\/p>\n\n\n\n<p>\u2013Ten\u00eda ya un disco acabado. Hoy en d\u00eda hablamos de disco y ya no s\u00e9 si es muy correcto emplear el t\u00e9rmino, porque hoy en d\u00eda todo son plataformas en los tel\u00e9fonos m\u00f3viles. El disco f\u00edsico se lo han cargado. Han tenido un plan y lo han ejecutado de una manera muy eficaz. A d\u00eda de hoy se han implantado unas modalidades de canci\u00f3n, o sea, hago una canci\u00f3n y la meto en las redes, hago otra al cabo de un mes y la meto. Yo sigo haciendo discos porque es mi manera, mi f\u00f3rmula, es el tiempo en que yo aprend\u00ed.&nbsp;<\/p>\n\n\n\n<p><strong>\u2013Para cerrar esta entrevista, \u00bfqu\u00e9 es la m\u00fasica para usted?<\/strong><\/p>\n\n\n\n<p>\u2013La m\u00fasica es mi patria, la m\u00fasica es una de las fuentes de mi felicidad. La m\u00fasica no tiene calendario, no tiene reloj, no ata, no es un eslab\u00f3n de una cadena. La m\u00fasica es todo lo contrario; es aire, es acariciar el aire con notas que nos proporcionan los instrumentos, la voz humana. No s\u00e9 en este tiempo que me ha tocado vivir tan industrial, tecnol\u00f3gico, qu\u00e9 ser\u00eda sin la m\u00fasica. Ahora ya se habla de esta cosa tan fea que me enerva, que es la Inteligencia Artificial. La m\u00fasica es un regalo de los dioses en este mundo donde todo cada vez es m\u00e1s fr\u00edo, es la calidez de vivir.\u00a0<br><br>Fuente: M\u00e1laga Hoy &#8211; Mar Basa &#8211; Foto MH<br>Enlace: <a href=\"https:\/\/www.malagahoy.es\/ocio\/manolo-garcia_0_1912010486.html\" target=\"_blank\" rel=\"noreferrer noopener\">Manolo Garc\u00eda, sobre su concierto en M\u00e1laga: \u00abEs un reencuentro con un p\u00fablico que viene con un \u00e1nimo muy alto\u00bb (malagahoy.es)<\/a><\/p>\n","protected":false},"excerpt":{"rendered":"<p>Hay personas que no pueden quedarse quietas, que necesitan estar en constante movimiento. Es el caso del cantante\u00a0Manolo Garc\u00eda. A sus 68 a\u00f1os, despu\u00e9s de sumergirse en una gira de teatros el pasado a\u00f1o, este 2024 se embarca de nuevo en un\u00a0tour\u00a0en espacios grandes que recorre las principales ciudades de Espa\u00f1a. \u00abContinuar en la brecha\u00bb,<a class=\"moretag\" href=\"https:\/\/www.manologarciaycia.com\/?p=23936\" title=\"Manolo Garc\u00eda, sobre su concierto en M\u00e1laga: \u00abEs un reencuentro con un p\u00fablico que viene con un \u00e1nimo muy alto\u00bb\" target=\"_self\" rel=\"follow\"> <font face=arial size=2>[Leer m\u00e1s]<\/font> <\/a><\/p>\n","protected":false},"author":2,"featured_media":23937,"comment_status":"closed","ping_status":"closed","sticky":false,"template":"","format":"standard","meta":{"footnotes":""},"categories":[1],"tags":[],"class_list":["post-23936","post","type-post","status-publish","format-standard","has-post-thumbnail","hentry","category-manolo-garcia"],"_links":{"self":[{"href":"https:\/\/www.manologarciaycia.com\/index.php?rest_route=\/wp\/v2\/posts\/23936","targetHints":{"allow":["GET"]}}],"collection":[{"href":"https:\/\/www.manologarciaycia.com\/index.php?rest_route=\/wp\/v2\/posts"}],"about":[{"href":"https:\/\/www.manologarciaycia.com\/index.php?rest_route=\/wp\/v2\/types\/post"}],"author":[{"embeddable":true,"href":"https:\/\/www.manologarciaycia.com\/index.php?rest_route=\/wp\/v2\/users\/2"}],"replies":[{"embeddable":true,"href":"https:\/\/www.manologarciaycia.com\/index.php?rest_route=%2Fwp%2Fv2%2Fcomments&post=23936"}],"version-history":[{"count":1,"href":"https:\/\/www.manologarciaycia.com\/index.php?rest_route=\/wp\/v2\/posts\/23936\/revisions"}],"predecessor-version":[{"id":23938,"href":"https:\/\/www.manologarciaycia.com\/index.php?rest_route=\/wp\/v2\/posts\/23936\/revisions\/23938"}],"wp:featuredmedia":[{"embeddable":true,"href":"https:\/\/www.manologarciaycia.com\/index.php?rest_route=\/wp\/v2\/media\/23937"}],"wp:attachment":[{"href":"https:\/\/www.manologarciaycia.com\/index.php?rest_route=%2Fwp%2Fv2%2Fmedia&parent=23936"}],"wp:term":[{"taxonomy":"category","embeddable":true,"href":"https:\/\/www.manologarciaycia.com\/index.php?rest_route=%2Fwp%2Fv2%2Fcategories&post=23936"},{"taxonomy":"post_tag","embeddable":true,"href":"https:\/\/www.manologarciaycia.com\/index.php?rest_route=%2Fwp%2Fv2%2Ftags&post=23936"}],"curies":[{"name":"wp","href":"https:\/\/api.w.org\/{rel}","templated":true}]}}