{"id":23933,"date":"2024-06-15T07:43:39","date_gmt":"2024-06-15T05:43:39","guid":{"rendered":"https:\/\/www.manologarciaycia.com\/?p=23933"},"modified":"2024-06-15T07:43:41","modified_gmt":"2024-06-15T05:43:41","slug":"manolo-garcia-actua-este-sabado-en-marenostrum-fuengirola","status":"publish","type":"post","link":"https:\/\/www.manologarciaycia.com\/?p=23933","title":{"rendered":"Manolo Garc\u00eda act\u00faa este s\u00e1bado en Marenostrum Fuengirola"},"content":{"rendered":"\n<p>Este s\u00e1bado actuar\u00e1 en nuestra ciudad una de las leyendas de la m\u00fasica espa\u00f1ola. P\u00e1jaros de Barro, L\u00e1piz y Tinta o Carb\u00f3n y Ramas Secas, son algunos de los temas m\u00e1s populares creados por Manolo Garc\u00eda, protagonista del pr\u00f3ximo concierto de Marenostrum Fuengirola.<\/p>\n\n\n\n<figure class=\"wp-block-video\"><video height=\"720\" style=\"aspect-ratio: 1280 \/ 720;\" width=\"1280\" controls src=\"https:\/\/www.manologarciaycia.com\/wp-content\/uploads\/2024\/06\/2024-06-14-Noticias-Fuengirola.mp4\"><\/video><\/figure>\n\n\n\n<p>Fuente: Fuengirola TV &#8211; <a href=\"https:\/\/fuengirolatv.com\/manolo-garcia-actua-este-sabado-en-marenostrum-fuengirola\/\">Manolo Garc\u00eda act\u00faa este s\u00e1bado <\/a><a href=\"https:\/\/fuengirolatv.com\/manolo-garcia-actua-este-sabado-en-marenostrum-fuengirola\/\" target=\"_blank\" rel=\"noreferrer noopener\">en <\/a><a href=\"https:\/\/fuengirolatv.com\/manolo-garcia-actua-este-sabado-en-marenostrum-fuengirola\/\">Marenostrum Fuengirola \u2013 Fuengirola Televisi\u00f3n (fuengirolatv.com)<\/a><\/p>\n","protected":false},"excerpt":{"rendered":"<p>Este s\u00e1bado actuar\u00e1 en nuestra ciudad una de las leyendas de la m\u00fasica espa\u00f1ola. P\u00e1jaros de Barro, L\u00e1piz y Tinta o Carb\u00f3n y Ramas Secas, son algunos de los temas m\u00e1s populares creados por Manolo Garc\u00eda, protagonista del pr\u00f3ximo concierto de Marenostrum Fuengirola. Fuente: Fuengirola TV &#8211; Manolo Garc\u00eda act\u00faa este s\u00e1bado en Marenostrum Fuengirola<a class=\"moretag\" href=\"https:\/\/www.manologarciaycia.com\/?p=23933\" title=\"Manolo Garc\u00eda act\u00faa este s\u00e1bado en Marenostrum Fuengirola\" target=\"_self\" rel=\"follow\"> <font face=arial size=2>[Leer m\u00e1s]<\/font> <\/a><\/p>\n","protected":false},"author":2,"featured_media":0,"comment_status":"closed","ping_status":"closed","sticky":false,"template":"","format":"video","meta":{"footnotes":""},"categories":[1],"tags":[],"class_list":["post-23933","post","type-post","status-publish","format-video","hentry","category-manolo-garcia","post_format-post-format-video"],"_links":{"self":[{"href":"https:\/\/www.manologarciaycia.com\/index.php?rest_route=\/wp\/v2\/posts\/23933","targetHints":{"allow":["GET"]}}],"collection":[{"href":"https:\/\/www.manologarciaycia.com\/index.php?rest_route=\/wp\/v2\/posts"}],"about":[{"href":"https:\/\/www.manologarciaycia.com\/index.php?rest_route=\/wp\/v2\/types\/post"}],"author":[{"embeddable":true,"href":"https:\/\/www.manologarciaycia.com\/index.php?rest_route=\/wp\/v2\/users\/2"}],"replies":[{"embeddable":true,"href":"https:\/\/www.manologarciaycia.com\/index.php?rest_route=%2Fwp%2Fv2%2Fcomments&post=23933"}],"version-history":[{"count":1,"href":"https:\/\/www.manologarciaycia.com\/index.php?rest_route=\/wp\/v2\/posts\/23933\/revisions"}],"predecessor-version":[{"id":23935,"href":"https:\/\/www.manologarciaycia.com\/index.php?rest_route=\/wp\/v2\/posts\/23933\/revisions\/23935"}],"wp:attachment":[{"href":"https:\/\/www.manologarciaycia.com\/index.php?rest_route=%2Fwp%2Fv2%2Fmedia&parent=23933"}],"wp:term":[{"taxonomy":"category","embeddable":true,"href":"https:\/\/www.manologarciaycia.com\/index.php?rest_route=%2Fwp%2Fv2%2Fcategories&post=23933"},{"taxonomy":"post_tag","embeddable":true,"href":"https:\/\/www.manologarciaycia.com\/index.php?rest_route=%2Fwp%2Fv2%2Ftags&post=23933"}],"curies":[{"name":"wp","href":"https:\/\/api.w.org\/{rel}","templated":true}]}}