{"id":23925,"date":"2024-06-06T12:32:39","date_gmt":"2024-06-06T10:32:39","guid":{"rendered":"https:\/\/www.manologarciaycia.com\/?p=23925"},"modified":"2024-06-06T12:32:41","modified_gmt":"2024-06-06T10:32:41","slug":"manolo-garcia-llega-a-valencia-con-su-gira-cero-emisiones-contaminantes-desde-ya-2","status":"publish","type":"post","link":"https:\/\/www.manologarciaycia.com\/?p=23925","title":{"rendered":"Manolo Garc\u00eda llega a Val\u00e8ncia con su gira &#8216;Cero Emisiones Contaminantes Desde Ya&#8217;"},"content":{"rendered":"\n<p>Manolo Garc\u00eda llega a Val\u00e8ncia con su gira &#8216;Cero Emisiones Contaminantes Desde Ya&#8217;<\/p>\n\n\n\n<p><br>Manolo Garc\u00eda visitar\u00e1 el pr\u00f3ximo s\u00e1bado, 8 de junio, la ciudad de Val\u00e8ncia en una nueva parada de su gira &#8216;Cero Emisiones Contaminantes Desde Ya&#8217;.<br><br>Leer m\u00e1s:\u00a0<a href=\"https:\/\/www.europapress.es\/comunitat-valenciana\/noticia-manolo-garcia-llega-valencia-gira-cero-emisiones-contaminantes-ya-20240605114355.html\">https:\/\/www.europapress.es\/comunitat-valenciana\/noticia-manolo-garcia-llega-valencia-gira-cero-emisiones-contaminantes-ya-20240605114355.html<\/a><br><\/p>\n","protected":false},"excerpt":{"rendered":"<p>Manolo Garc\u00eda llega a Val\u00e8ncia con su gira &#8216;Cero Emisiones Contaminantes Desde Ya&#8217; Manolo Garc\u00eda visitar\u00e1 el pr\u00f3ximo s\u00e1bado, 8 de junio, la ciudad de Val\u00e8ncia en una nueva parada de su gira &#8216;Cero Emisiones Contaminantes Desde Ya&#8217;. Leer m\u00e1s:\u00a0https:\/\/www.europapress.es\/comunitat-valenciana\/noticia-manolo-garcia-llega-valencia-gira-cero-emisiones-contaminantes-ya-20240605114355.html<a class=\"moretag\" href=\"https:\/\/www.manologarciaycia.com\/?p=23925\" title=\"Manolo Garc\u00eda llega a Val\u00e8ncia con su gira &#8216;Cero Emisiones Contaminantes Desde Ya&#8217;\" target=\"_self\" rel=\"follow\"> <font face=arial size=2>[Leer m\u00e1s]<\/font> <\/a><\/p>\n","protected":false},"author":2,"featured_media":23926,"comment_status":"closed","ping_status":"closed","sticky":false,"template":"","format":"standard","meta":{"footnotes":""},"categories":[1],"tags":[],"class_list":["post-23925","post","type-post","status-publish","format-standard","has-post-thumbnail","hentry","category-manolo-garcia"],"_links":{"self":[{"href":"https:\/\/www.manologarciaycia.com\/index.php?rest_route=\/wp\/v2\/posts\/23925","targetHints":{"allow":["GET"]}}],"collection":[{"href":"https:\/\/www.manologarciaycia.com\/index.php?rest_route=\/wp\/v2\/posts"}],"about":[{"href":"https:\/\/www.manologarciaycia.com\/index.php?rest_route=\/wp\/v2\/types\/post"}],"author":[{"embeddable":true,"href":"https:\/\/www.manologarciaycia.com\/index.php?rest_route=\/wp\/v2\/users\/2"}],"replies":[{"embeddable":true,"href":"https:\/\/www.manologarciaycia.com\/index.php?rest_route=%2Fwp%2Fv2%2Fcomments&post=23925"}],"version-history":[{"count":1,"href":"https:\/\/www.manologarciaycia.com\/index.php?rest_route=\/wp\/v2\/posts\/23925\/revisions"}],"predecessor-version":[{"id":23927,"href":"https:\/\/www.manologarciaycia.com\/index.php?rest_route=\/wp\/v2\/posts\/23925\/revisions\/23927"}],"wp:featuredmedia":[{"embeddable":true,"href":"https:\/\/www.manologarciaycia.com\/index.php?rest_route=\/wp\/v2\/media\/23926"}],"wp:attachment":[{"href":"https:\/\/www.manologarciaycia.com\/index.php?rest_route=%2Fwp%2Fv2%2Fmedia&parent=23925"}],"wp:term":[{"taxonomy":"category","embeddable":true,"href":"https:\/\/www.manologarciaycia.com\/index.php?rest_route=%2Fwp%2Fv2%2Fcategories&post=23925"},{"taxonomy":"post_tag","embeddable":true,"href":"https:\/\/www.manologarciaycia.com\/index.php?rest_route=%2Fwp%2Fv2%2Ftags&post=23925"}],"curies":[{"name":"wp","href":"https:\/\/api.w.org\/{rel}","templated":true}]}}