{"id":23922,"date":"2024-06-06T12:28:28","date_gmt":"2024-06-06T10:28:28","guid":{"rendered":"https:\/\/www.manologarciaycia.com\/?p=23922"},"modified":"2024-06-06T12:28:29","modified_gmt":"2024-06-06T10:28:29","slug":"manolo-garcia-llega-a-valencia-con-su-gira-cero-emisiones-contaminantes-desde-ya","status":"publish","type":"post","link":"https:\/\/www.manologarciaycia.com\/?p=23922","title":{"rendered":"Manolo Garc\u00eda llega a Val\u00e8ncia con su gira &#8216;Cero emisiones contaminantes desde ya&#8217;"},"content":{"rendered":"\n<p>Manolo Garc\u00eda visitar\u00e1 el pr\u00f3ximo s\u00e1bado, 8 de junio, la ciudad de Val\u00e8ncia en una nueva parada de su gira &#8216;Cero Emisiones Contaminantes Desde Ya&#8217;.<\/p>\n\n\n\n<p>Tras el \u00e9xito de sus recitales en teatros, el artista est\u00e1 recorriendo la geograf\u00eda espa\u00f1ola con una propuesta de directo con una puesta en escena renovada.<\/p>\n\n\n\n<p>As\u00ed, \u00abcon una vibrante escenograf\u00eda y una de las voces m\u00e1s ic\u00f3nicas del panorama musical\u00bb, Manolo Garc\u00eda interpretar\u00e1 en directo en la Plaza de Toros de la capital del Turia las canciones de su \u00faltimo trabajo de estudio que est\u00e1 compuesto por un doble \u00e1lbum y que incluye los t\u00edtulos &#8216;Mi Vida en Marte&#8217; y &#8216;Desatinos Desplumados&#8217;<\/p>\n\n\n\n<p>Los asistentes tambi\u00e9n podr\u00e1n disfrutar de los grandes \u00e9xitos del cantante, que ya forman parte de la historia de la m\u00fasica de nuestro pa\u00eds.<\/p>\n\n\n\n<p>Cuando se cumplen dos d\u00e9cadas de su trayectoria en solitario, precedidas del inolvidable El \u00daltimo de la Fila, el m\u00fasico barcelon\u00e9s entrega dos nuevos trabajos grabados entre Girona y Pozuelo de Alarc\u00f3n (Madrid).<\/p>\n\n\n\n<p>&#8216;Mi vida en Marte&#8217; y &#8216;Desatinos Desplumados&#8217; re\u00fanen 27 canciones con la firma de Manolo Garc\u00eda \u2013incluida una nueva versi\u00f3n de la canci\u00f3n &#8216;Busco Cielos&#8217;-.<\/p>\n\n\n\n<p>Fuente: Valencia Plaza &#8211; Foto Ricardo Rubio &#8211; <a href=\"https:\/\/valenciaplaza.com\/manolo-garcia-llega-a-valencia-con-su-gira-cero-emisiones-contaminantes-desde-ya\" target=\"_blank\" rel=\"noreferrer noopener\">Manolo Garc\u00eda llega a Val\u00e8ncia con su gira &#8216;Cero emisiones contaminantes desde ya&#8217; &#8211; Cultur Plaza (valenciaplaza.com)<\/a><\/p>\n","protected":false},"excerpt":{"rendered":"<p>Manolo Garc\u00eda visitar\u00e1 el pr\u00f3ximo s\u00e1bado, 8 de junio, la ciudad de Val\u00e8ncia en una nueva parada de su gira &#8216;Cero Emisiones Contaminantes Desde Ya&#8217;. Tras el \u00e9xito de sus recitales en teatros, el artista est\u00e1 recorriendo la geograf\u00eda espa\u00f1ola con una propuesta de directo con una puesta en escena renovada. As\u00ed, \u00abcon una vibrante<a class=\"moretag\" href=\"https:\/\/www.manologarciaycia.com\/?p=23922\" title=\"Manolo Garc\u00eda llega a Val\u00e8ncia con su gira &#8216;Cero emisiones contaminantes desde ya&#8217;\" target=\"_self\" rel=\"follow\"> <font face=arial size=2>[Leer m\u00e1s]<\/font> <\/a><\/p>\n","protected":false},"author":2,"featured_media":23923,"comment_status":"closed","ping_status":"closed","sticky":false,"template":"","format":"standard","meta":{"footnotes":""},"categories":[1],"tags":[],"class_list":["post-23922","post","type-post","status-publish","format-standard","has-post-thumbnail","hentry","category-manolo-garcia"],"_links":{"self":[{"href":"https:\/\/www.manologarciaycia.com\/index.php?rest_route=\/wp\/v2\/posts\/23922","targetHints":{"allow":["GET"]}}],"collection":[{"href":"https:\/\/www.manologarciaycia.com\/index.php?rest_route=\/wp\/v2\/posts"}],"about":[{"href":"https:\/\/www.manologarciaycia.com\/index.php?rest_route=\/wp\/v2\/types\/post"}],"author":[{"embeddable":true,"href":"https:\/\/www.manologarciaycia.com\/index.php?rest_route=\/wp\/v2\/users\/2"}],"replies":[{"embeddable":true,"href":"https:\/\/www.manologarciaycia.com\/index.php?rest_route=%2Fwp%2Fv2%2Fcomments&post=23922"}],"version-history":[{"count":1,"href":"https:\/\/www.manologarciaycia.com\/index.php?rest_route=\/wp\/v2\/posts\/23922\/revisions"}],"predecessor-version":[{"id":23924,"href":"https:\/\/www.manologarciaycia.com\/index.php?rest_route=\/wp\/v2\/posts\/23922\/revisions\/23924"}],"wp:featuredmedia":[{"embeddable":true,"href":"https:\/\/www.manologarciaycia.com\/index.php?rest_route=\/wp\/v2\/media\/23923"}],"wp:attachment":[{"href":"https:\/\/www.manologarciaycia.com\/index.php?rest_route=%2Fwp%2Fv2%2Fmedia&parent=23922"}],"wp:term":[{"taxonomy":"category","embeddable":true,"href":"https:\/\/www.manologarciaycia.com\/index.php?rest_route=%2Fwp%2Fv2%2Fcategories&post=23922"},{"taxonomy":"post_tag","embeddable":true,"href":"https:\/\/www.manologarciaycia.com\/index.php?rest_route=%2Fwp%2Fv2%2Ftags&post=23922"}],"curies":[{"name":"wp","href":"https:\/\/api.w.org\/{rel}","templated":true}]}}